{"id":227450,"date":"2025-03-26T19:26:22","date_gmt":"2025-03-26T22:26:22","guid":{"rendered":"https:\/\/diarioregionaldigital.com.br\/?p=227450"},"modified":"2025-03-26T19:26:22","modified_gmt":"2025-03-26T22:26:22","slug":"domingo-no-parque-tera-edicao-especial-neste-domingo-30","status":"publish","type":"post","link":"https:\/\/diarioregionaldigital.com.br\/?p=227450","title":{"rendered":"\u201cDomingo No Parque\u201d ter\u00e1 edi\u00e7\u00e3o especial neste domingo, 30"},"content":{"rendered":"<p>Segundo informa\u00e7\u00f5es do site da Prefeitura de Juiz de Fora (PJF), a PJF, por meio da Secretaria de Meio Ambiente e Mudan\u00e7as Clim\u00e1ticas, promove mais uma edi\u00e7\u00e3o especial do \u201cDomingo no Parque\u201d no pr\u00f3ximo domingo, 30. O evento acontece de 9h \u00e0s 13h, no Parque da Lajinha, e oferece a\u00e7\u00f5es voltadas para o lazer e o bem-estar dos visitantes, al\u00e9m da preserva\u00e7\u00e3o do meio ambiente.<\/p>\n<div>Essa edi\u00e7\u00e3o integra a programa\u00e7\u00e3o da Semana da \u00c1gua, que celebra o Dia Mundial da \u00c1gua, comemorado no dia 22 de mar\u00e7o. Durante toda a manh\u00e3, o evento contar\u00e1 com atividades de educa\u00e7\u00e3o ambiental, oficina sobre preserva\u00e7\u00e3o da \u00e1gua e stands informativos, al\u00e9m de yoga, recrea\u00e7\u00e3o e distribui\u00e7\u00e3o de mudas. Tamb\u00e9m ser\u00e1 feito o recolhimento de lixo eletr\u00f4nico, como cabos, pilhas, CDs e outros. O objetivo \u00e9 orientar a popula\u00e7\u00e3o sobre o descarte correto desses materiais.<\/div>\n<div>Aos domingos e feriados nacionais, a tarifa de \u00f4nibus \u00e9 gratuita em Juiz de Fora.<\/div>\n<div><\/div>\n<p><strong>Confira as linhas que d\u00e3o acesso ao Parque:\u00a0<\/strong><\/p>\n<p>508 &#8211; Deusdedith Salgado;\u00a0514 &#8211; Cascatinha;\u00a0518 &#8211; Salvaterra;\u00a0520 &#8211; Aeroporto;\u00a0521, 522 Teixeiras;\u00a0523 &#8211; Monte Verde;\u00a0528 &#8211; Cascatinha;\u00a0\u00a0529 &#8211; Torre\u00f5es;\u00a0543 &#8211; Santa C\u00f3rdula;\u00a0546\u00a0Mirante<\/p>\n","protected":false},"excerpt":{"rendered":"<p>Segundo informa\u00e7\u00f5es do site da Prefeitura de Juiz de Fora (PJF), a PJF, por meio da Secretaria de Meio Ambiente e Mudan\u00e7as Clim\u00e1ticas, promove mais uma edi\u00e7\u00e3o especial do \u201cDomingo no Parque\u201d no pr\u00f3ximo domingo, 30. O evento acontece de 9h \u00e0s 13h, no Parque da Lajinha, e oferece a\u00e7\u00f5es voltadas para o lazer e [&hellip;]<\/p>\n","protected":false},"author":246,"featured_media":227451,"comment_status":"closed","ping_status":"closed","sticky":false,"template":"","format":"standard","meta":{"footnotes":""},"categories":[253,436,439],"tags":[],"class_list":["post-227450","post","type-post","status-publish","format-standard","has-post-thumbnail","hentry","category-cidade","category-destaque-da-semana","category-ultima-hora"],"_links":{"self":[{"href":"https:\/\/diarioregionaldigital.com.br\/index.php?rest_route=\/wp\/v2\/posts\/227450","targetHints":{"allow":["GET"]}}],"collection":[{"href":"https:\/\/diarioregionaldigital.com.br\/index.php?rest_route=\/wp\/v2\/posts"}],"about":[{"href":"https:\/\/diarioregionaldigital.com.br\/index.php?rest_route=\/wp\/v2\/types\/post"}],"author":[{"embeddable":true,"href":"https:\/\/diarioregionaldigital.com.br\/index.php?rest_route=\/wp\/v2\/users\/246"}],"replies":[{"embeddable":true,"href":"https:\/\/diarioregionaldigital.com.br\/index.php?rest_route=%2Fwp%2Fv2%2Fcomments&post=227450"}],"version-history":[{"count":1,"href":"https:\/\/diarioregionaldigital.com.br\/index.php?rest_route=\/wp\/v2\/posts\/227450\/revisions"}],"predecessor-version":[{"id":227452,"href":"https:\/\/diarioregionaldigital.com.br\/index.php?rest_route=\/wp\/v2\/posts\/227450\/revisions\/227452"}],"wp:featuredmedia":[{"embeddable":true,"href":"https:\/\/diarioregionaldigital.com.br\/index.php?rest_route=\/wp\/v2\/media\/227451"}],"wp:attachment":[{"href":"https:\/\/diarioregionaldigital.com.br\/index.php?rest_route=%2Fwp%2Fv2%2Fmedia&parent=227450"}],"wp:term":[{"taxonomy":"category","embeddable":true,"href":"https:\/\/diarioregionaldigital.com.br\/index.php?rest_route=%2Fwp%2Fv2%2Fcategories&post=227450"},{"taxonomy":"post_tag","embeddable":true,"href":"https:\/\/diarioregionaldigital.com.br\/index.php?rest_route=%2Fwp%2Fv2%2Ftags&post=227450"}],"curies":[{"name":"wp","href":"https:\/\/api.w.org\/{rel}","templated":true}]}}