{"id":227447,"date":"2025-03-26T19:25:18","date_gmt":"2025-03-26T22:25:18","guid":{"rendered":"https:\/\/diarioregionaldigital.com.br\/?p=227447"},"modified":"2025-03-26T19:25:18","modified_gmt":"2025-03-26T22:25:18","slug":"fiscalizacao-interdita-temporariamente-marquise-no-bairro-jardim-gloria","status":"publish","type":"post","link":"https:\/\/diarioregionaldigital.com.br\/?p=227447","title":{"rendered":"Fiscaliza\u00e7\u00e3o interdita temporariamente marquise no bairro Jardim Gl\u00f3ria"},"content":{"rendered":"<p>Segundo informa\u00e7\u00f5es do site da Prefeitura de Juiz de Fora (PJF), a PJF, por meio da Fiscaliza\u00e7\u00e3o da Secretaria de Desenvolvimento Urbano com Participa\u00e7\u00e3o Popular (SEDUPP), interditou uma marquise localizada na rua Dr. Jo\u00e3o Pinheiro, 95, no bairro Jardim Gl\u00f3ria. A interdi\u00e7\u00e3o cautelar foi realizada por indica\u00e7\u00e3o do laudo de estabilidade da marquise.<\/p>\n<p>No documento\u00a0entregue pelo propriet\u00e1rio \u00e0 prefeitura, foi indicado\u00a0pelo engenheiro respons\u00e1vel\u00a0que a estrutura da marquise estava comprometida e n\u00e3o estaria em condi\u00e7\u00f5es de seguran\u00e7a, mesmo n\u00e3o apresentando avarias superficiais. Cabe ressaltar que os propriet\u00e1rios de edif\u00edcios com marquise s\u00e3o respons\u00e1veis por sua manuten\u00e7\u00e3o e devem apresentar laudo de estabilidade para garantir a seguran\u00e7a das pessoas, de acordo com a Lei n\u00ba 11.309\/2007. Por isso, em car\u00e1ter emergencial, o propriet\u00e1rio do im\u00f3vel dever\u00e1 escorar a marquise imediatamente.<\/p>\n<p>A escora e a manuten\u00e7\u00e3o preventiva devem ser realizada pelos propriet\u00e1rios.\u00a0Al\u00e9m disso, o laudo de estabilidade de marquises deve ser apresentado\u00a0em conformidade com as normas t\u00e9cnicas para evitar acidentes. Os laudos devem incluir uma prova de carga nos casos em que a estrutura apresente fissuras, deforma\u00e7\u00f5es, infiltra\u00e7\u00f5es, sobrecarga ou qualquer outra anomalia.<\/p>\n<p>Conforme o regramento, o propriet\u00e1rio tem 15 dias de prazo para apresenta\u00e7\u00e3o da defesa e dos documentos exigidos dentro do sistema\u00a0<a href=\"https:\/\/www.pjf.mg.gov.br\/agil\/\">Prefeitura \u00c1gil<\/a>, atrav\u00e9s do formul\u00e1rio \u201cLaudo de Estabilidade de Marquises &#8211; Lei Municipal 11.309\/2007\u201d, de acordo com a Lei Municipal 11.309\/2007 e a Norma Brasileira n\u00ba 13.752. A popula\u00e7\u00e3o pode ajudar a Fiscaliza\u00e7\u00e3o fazendo den\u00fancias pelo WhatsApp: (32) 3690-7984.<\/p>\n","protected":false},"excerpt":{"rendered":"<p>Segundo informa\u00e7\u00f5es do site da Prefeitura de Juiz de Fora (PJF), a PJF, por meio da Fiscaliza\u00e7\u00e3o da Secretaria de Desenvolvimento Urbano com Participa\u00e7\u00e3o Popular (SEDUPP), interditou uma marquise localizada na rua Dr. Jo\u00e3o Pinheiro, 95, no bairro Jardim Gl\u00f3ria. A interdi\u00e7\u00e3o cautelar foi realizada por indica\u00e7\u00e3o do laudo de estabilidade da marquise. No documento\u00a0entregue [&hellip;]<\/p>\n","protected":false},"author":246,"featured_media":227448,"comment_status":"closed","ping_status":"closed","sticky":false,"template":"","format":"standard","meta":{"footnotes":""},"categories":[253,436,439],"tags":[],"class_list":["post-227447","post","type-post","status-publish","format-standard","has-post-thumbnail","hentry","category-cidade","category-destaque-da-semana","category-ultima-hora"],"_links":{"self":[{"href":"https:\/\/diarioregionaldigital.com.br\/index.php?rest_route=\/wp\/v2\/posts\/227447","targetHints":{"allow":["GET"]}}],"collection":[{"href":"https:\/\/diarioregionaldigital.com.br\/index.php?rest_route=\/wp\/v2\/posts"}],"about":[{"href":"https:\/\/diarioregionaldigital.com.br\/index.php?rest_route=\/wp\/v2\/types\/post"}],"author":[{"embeddable":true,"href":"https:\/\/diarioregionaldigital.com.br\/index.php?rest_route=\/wp\/v2\/users\/246"}],"replies":[{"embeddable":true,"href":"https:\/\/diarioregionaldigital.com.br\/index.php?rest_route=%2Fwp%2Fv2%2Fcomments&post=227447"}],"version-history":[{"count":1,"href":"https:\/\/diarioregionaldigital.com.br\/index.php?rest_route=\/wp\/v2\/posts\/227447\/revisions"}],"predecessor-version":[{"id":227449,"href":"https:\/\/diarioregionaldigital.com.br\/index.php?rest_route=\/wp\/v2\/posts\/227447\/revisions\/227449"}],"wp:featuredmedia":[{"embeddable":true,"href":"https:\/\/diarioregionaldigital.com.br\/index.php?rest_route=\/wp\/v2\/media\/227448"}],"wp:attachment":[{"href":"https:\/\/diarioregionaldigital.com.br\/index.php?rest_route=%2Fwp%2Fv2%2Fmedia&parent=227447"}],"wp:term":[{"taxonomy":"category","embeddable":true,"href":"https:\/\/diarioregionaldigital.com.br\/index.php?rest_route=%2Fwp%2Fv2%2Fcategories&post=227447"},{"taxonomy":"post_tag","embeddable":true,"href":"https:\/\/diarioregionaldigital.com.br\/index.php?rest_route=%2Fwp%2Fv2%2Ftags&post=227447"}],"curies":[{"name":"wp","href":"https:\/\/api.w.org\/{rel}","templated":true}]}}