{"id":227441,"date":"2025-03-26T18:59:41","date_gmt":"2025-03-26T21:59:41","guid":{"rendered":"https:\/\/diarioregionaldigital.com.br\/?p=227441"},"modified":"2025-03-26T18:59:41","modified_gmt":"2025-03-26T21:59:41","slug":"com-100-dos-municipios-inscritos-minas-gerais-se-prepara-para-os-maiores-jogos-escolares-da-historia","status":"publish","type":"post","link":"https:\/\/diarioregionaldigital.com.br\/?p=227441","title":{"rendered":"Com 100% dos munic\u00edpios inscritos, Minas Gerais se prepara para os maiores jogos escolares da hist\u00f3ria"},"content":{"rendered":"<p>Os Jogos Escolares de Minas Gerais (Jemg) alcan\u00e7aram um feito in\u00e9dito em 2025 e, pela primeira vez na hist\u00f3ria, todos os 853 munic\u00edpios mineiros est\u00e3o inscritos na competi\u00e7\u00e3o. Com o recorde, a expectativa do\u00a0<a href=\"https:\/\/www.mg.gov.br\/\" target=\"_blank\" rel=\"noopener\">Governo de Minas<\/a>\u00a0\u00e9 reunir cerca de 60 mil estudantes, outro recorde de participa\u00e7\u00e3o.<\/p>\n<p>Os n\u00fameros consolidam o Jemg como ferramenta de inclus\u00e3o, forma\u00e7\u00e3o e desenvolvimento de jovens atletas. Com um investimento superior a R$ 25 milh\u00f5es, Minas fortalece a pol\u00edtica p\u00fablica de incentivo ao esporte e estabelece no estado um ambiente prop\u00edcio para a forma\u00e7\u00e3o de talentos.<\/p>\n<p>&#8220;O recorde de ades\u00e3o ao Jemg \u00e9 um reflexo do nosso compromisso com a educa\u00e7\u00e3o e o desenvolvimento social, garantindo que todos os munic\u00edpios tenham acesso a essa iniciativa t\u00e3o importante&#8221;, ressalta o governador de Minas, Romeu Zema.<\/p>\n<p>&#8220;O esporte \u00e9 uma das nossas prioridades porque abre oportunidades para os jovens mineiros&#8221;, completa o vice-governador Mateus Sim\u00f5es.<\/p>\n<p><strong>Organiza\u00e7\u00e3o<\/strong><\/p>\n<p>O Jemg \u00e9 organizado pela\u00a0<a href=\"https:\/\/social.mg.gov.br\/\" target=\"_blank\" rel=\"noopener\">Secretaria de Estado de Desenvolvimento Social (Sedese)<\/a>, em parceria com a\u00a0<a href=\"https:\/\/www.educacao.mg.gov.br\/\" target=\"_blank\" rel=\"noopener\">Secretaria de Estado de Educa\u00e7\u00e3o (SEE\/MG)<\/a>. A primeira etapa da competi\u00e7\u00e3o est\u00e1 prevista para come\u00e7ar em 21\/4, mobilizando jovens talentos em todo o estado.<\/p>\n<p>A secret\u00e1ria de Estado de Desenvolvimento Social, Al\u00ea Portela, celebra o marco e destaca o impacto social do Jemg. &#8220;Esse recorde \u00e9 fruto de um trabalho s\u00e9rio e comprometido do Governo de Minas com a educa\u00e7\u00e3o e o esporte. O Jemg transforma vidas e abre portas para o futuro de milhares de estudantes-atletas, incentivando novos talentos&#8221;.<\/p>\n<p><strong>Esporte e oportunidade<\/strong><\/p>\n<p>O Jemg tem sido um divisor de \u00e1guas na vida de muitos jovens, como Nat\u00e1lia de Andrade, que foi medalhista em 2017. &#8220;O Jemg foi um ponto de virada muito grande na minha vida, porque eu comecei a ver o esporte como uma possibilidade profissional. Na faculdade, eu tive o esporte como um dos principais norteadores da minha caminhada profissional&#8221;, conta.<\/p>\n<figure class=\"image\"><img decoding=\"async\" src=\"https:\/\/www.agenciaminas.mg.gov.br\/ckeditor_assets\/pictures\/22654\/content_53986327539_a1e6a21afa_o.jpg\" alt=\"\" \/><figcaption><sub><em>Jemg 2024 (Tiago Estanislau)<\/em><\/sub><\/figcaption><\/figure>\n<p>Outro exemplo \u00e9 o da atleta paral\u00edmpica Ana Elisabela, que disputou a modalidade goalball na edi\u00e7\u00e3o de 2024. &#8220;O esporte mudou tudo na minha vida, me ajudou a socializar mais com as pessoas. Para mim, \u00e9 uma alegria estar no esporte e fazer o que eu amo&#8221;, conta a estudante de Po\u00e7os de Caldas, no Sul de Minas.<\/p>\n<p>Para os treinadores, a competi\u00e7\u00e3o tamb\u00e9m \u00e9 um diferencial na forma\u00e7\u00e3o de jovens atletas. &#8220;Como professor, pude mostrar para meus alunos a import\u00e2ncia dos jogos escolares. O Jemg \u00e9 extraordin\u00e1rio. J\u00e1 pude acompanhar outras vezes e \u00e9 impressionante como cada edi\u00e7\u00e3o fica ainda melhor&#8221;, comenta Jean Soares,\u00a0t\u00e9cnico de luta ol\u00edmpica de Santa Luzia, na Regi\u00e3o Metropolitana de Minas Gerais (RMBH).<\/p>\n<p><strong>Inclus\u00e3o e diversidade esportiva<\/strong><\/p>\n<p>Aberto a estudantes-atletas de 12 a 17 anos, o Jemg conta com 32 modalidades esportivas, sendo 18 ol\u00edmpicas e 14 paral\u00edmpicas. Al\u00e9m do goalball e luta ol\u00edmpica, outras modalidades tamb\u00e9m est\u00e3o inclu\u00eddas, como atletismo, basquete, bocha, ciclismo, futebol e gin\u00e1stica art\u00edstica.<\/p>\n<p>Para o secret\u00e1rio de Estado de Educa\u00e7\u00e3o de Minas Gerais, Igor de Alvarenga, o recorde de inscri\u00e7\u00f5es demonstra o poder transformador que o esporte pode ter na vida de nossos jovens. &#8220;Os Jogos Escolares s\u00e3o mais do que uma competi\u00e7\u00e3o, eles representam uma oportunidade valiosa para os estudantes-atletas desenvolverem habilidades essenciais, como trabalho em equipe, disciplina e resili\u00eancia&#8221;.<\/p>\n<p>&#8220;O esporte proporciona um ambiente no qual os estudantes aprendem a lidar com desafios, respeitar regras e, sobretudo, a valorizar o esfor\u00e7o coletivo em busca de um objetivo comum&#8221;, analisa Alvarenga.<\/p>\n<p><strong>Passaporte para o futuro<\/strong><\/p>\n<p>O Jemg tamb\u00e9m \u00e9 porta de entrada para competi\u00e7\u00f5es nacionais. A competi\u00e7\u00e3o serve como classificat\u00f3ria para os Jogos Escolares Brasileiros (JEBs), os Jogos da Juventude (Jjuv) e as Paralimp\u00edadas Escolares, garantindo aos atletas mineiros visibilidade e oportunidades para seguir carreira no esporte. A competi\u00e7\u00e3o \u00e9 realizada pela Subsecretaria de Esportes (Subesp) da Sedese, em parceria com a SEE-MG, e tem execu\u00e7\u00e3o t\u00e9cnica da Federa\u00e7\u00e3o de Esportes Estudantis de Minas Gerais (Feemg).<\/p>\n<p>Fonte: Ag\u00eancia Minas<\/p>\n","protected":false},"excerpt":{"rendered":"<p>Os Jogos Escolares de Minas Gerais (Jemg) alcan\u00e7aram um feito in\u00e9dito em 2025 e, pela primeira vez na hist\u00f3ria, todos os 853 munic\u00edpios mineiros est\u00e3o inscritos na competi\u00e7\u00e3o. Com o recorde, a expectativa do\u00a0Governo de Minas\u00a0\u00e9 reunir cerca de 60 mil estudantes, outro recorde de participa\u00e7\u00e3o. Os n\u00fameros consolidam o Jemg como ferramenta de inclus\u00e3o, [&hellip;]<\/p>\n","protected":false},"author":246,"featured_media":227442,"comment_status":"closed","ping_status":"closed","sticky":false,"template":"","format":"standard","meta":{"footnotes":""},"categories":[436,440,257,439],"tags":[],"class_list":["post-227441","post","type-post","status-publish","format-standard","has-post-thumbnail","hentry","category-destaque-da-semana","category-destaques-do-dia","category-esporte","category-ultima-hora"],"_links":{"self":[{"href":"https:\/\/diarioregionaldigital.com.br\/index.php?rest_route=\/wp\/v2\/posts\/227441","targetHints":{"allow":["GET"]}}],"collection":[{"href":"https:\/\/diarioregionaldigital.com.br\/index.php?rest_route=\/wp\/v2\/posts"}],"about":[{"href":"https:\/\/diarioregionaldigital.com.br\/index.php?rest_route=\/wp\/v2\/types\/post"}],"author":[{"embeddable":true,"href":"https:\/\/diarioregionaldigital.com.br\/index.php?rest_route=\/wp\/v2\/users\/246"}],"replies":[{"embeddable":true,"href":"https:\/\/diarioregionaldigital.com.br\/index.php?rest_route=%2Fwp%2Fv2%2Fcomments&post=227441"}],"version-history":[{"count":1,"href":"https:\/\/diarioregionaldigital.com.br\/index.php?rest_route=\/wp\/v2\/posts\/227441\/revisions"}],"predecessor-version":[{"id":227443,"href":"https:\/\/diarioregionaldigital.com.br\/index.php?rest_route=\/wp\/v2\/posts\/227441\/revisions\/227443"}],"wp:featuredmedia":[{"embeddable":true,"href":"https:\/\/diarioregionaldigital.com.br\/index.php?rest_route=\/wp\/v2\/media\/227442"}],"wp:attachment":[{"href":"https:\/\/diarioregionaldigital.com.br\/index.php?rest_route=%2Fwp%2Fv2%2Fmedia&parent=227441"}],"wp:term":[{"taxonomy":"category","embeddable":true,"href":"https:\/\/diarioregionaldigital.com.br\/index.php?rest_route=%2Fwp%2Fv2%2Fcategories&post=227441"},{"taxonomy":"post_tag","embeddable":true,"href":"https:\/\/diarioregionaldigital.com.br\/index.php?rest_route=%2Fwp%2Fv2%2Ftags&post=227441"}],"curies":[{"name":"wp","href":"https:\/\/api.w.org\/{rel}","templated":true}]}}