{"id":227437,"date":"2025-03-26T18:58:30","date_gmt":"2025-03-26T21:58:30","guid":{"rendered":"https:\/\/diarioregionaldigital.com.br\/?p=227437"},"modified":"2025-03-26T18:58:47","modified_gmt":"2025-03-26T21:58:47","slug":"centro-de-queimados-do-hospital-joao-xxiii-e-primeiro-do-pais-a-padronizar-tecnica-que-reduz-tempo-de-internacao-e-mortes","status":"publish","type":"post","link":"https:\/\/diarioregionaldigital.com.br\/?p=227437","title":{"rendered":"Centro de Queimados do Hospital Jo\u00e3o XXIII \u00e9 primeiro do pa\u00eds a padronizar t\u00e9cnica que reduz tempo de interna\u00e7\u00e3o e mortes"},"content":{"rendered":"<p>Em maio do ano passado, o operador de loja Jo\u00e3o Lucas Rodrigues Antunes, 24 anos, chegou ao Centro de Tratamento de Queimados (CTQ) Professor Ivo Pitanguy, do Hospital Jo\u00e3o XXIII (HJXXIII), com 54% do corpo queimado. Ele foi o primeiro paciente a ser beneficiado pela t\u00e9cnica de microenxerto modificada (Meek).<\/p>\n<div class=\"clear \">\n<p>A partir de abril deste ano, o m\u00e9todo ser\u00e1 oficialmente padronizado no hospital em Belo Horizonte. O procedimento passar\u00e1 a integrar a rotina assistencial do servi\u00e7o em Minas Gerais, sendo a primeira padroniza\u00e7\u00e3o desse tipo no pa\u00eds.<\/p>\n<p>De acordo com a coordenadora do CTQ e presidente da Sociedade Brasileira de Queimaduras (SBQ), Kelly Danielle de Ara\u00fajo, a t\u00e9cnica j\u00e1 foi aplicada em quatro pacientes entre maio e setembro do ano passado.Todos apresentaram recupera\u00e7\u00e3o mais r\u00e1pida e tiveram alta antes do previsto.<\/p>\n<p>A especialista explica que o Meek \u00e9 um equipamento que corta a pele do paciente em v\u00e1rios peda\u00e7os para ser fixada em curativos que se expandem, como uma &#8220;sanfona&#8221;, e aumentam em at\u00e9 nove vezes a capacidade de cobertura da pele.<\/p>\n<p>\u201cCom a ado\u00e7\u00e3o padronizada da t\u00e9cnica, esperamos maior rotatividade de leitos, com a meta de menor taxa de infec\u00e7\u00e3o e de mortalidade, al\u00e9m da oferta de uma melhor experi\u00eancia para o paciente durante a sua interna\u00e7\u00e3o e de maior qualidade de vida no p\u00f3s-operat\u00f3rio e no p\u00f3s-alta\u201d, afirma a m\u00e9dica.<\/p>\n<figure class=\"image\"><img decoding=\"async\" src=\"https:\/\/www.agenciaminas.mg.gov.br\/ckeditor_assets\/pictures\/22656\/content_joao_lucas.jpg\" alt=\"\" \/><figcaption><sub><em>Jo\u00e3o Lucas foi o primeiro paciente a ser beneficiado com a t\u00e9cnica Meek.<br \/>\nCr\u00e9dito: Arquivo Pessoal<\/em><\/sub><\/figcaption><\/figure>\n<p>Para o Jo\u00e3o, que ficou internado por 69 dias,\u00a030 deles em estado de coma, a recupera\u00e7\u00e3o mais r\u00e1pida foi fundamental. \u201cEu tive uma nova oportunidade de vida. Foi um atendimento super humanizado, me trataram muito bem. Se eles n\u00e3o tivessem toda a aten\u00e7\u00e3o que tiveram comigo, eu teria ficado internado por muito mais tempo\u201d, conta.<\/p>\n<p><strong>Mudan\u00e7a de paradigma<\/strong><\/p>\n<p>A cirurgi\u00e3 pl\u00e1stica destaca que com a t\u00e9cnica Meek, a cicatriza\u00e7\u00e3o \u00e9 mais r\u00e1pida, utilizando-se uma menor \u00e1rea doadora de pele, com maior cobertura da ferida, menor n\u00famero de cirurgias e de tempo de interna\u00e7\u00e3o, quando comparada a outras t\u00e9cnicas de enxerto usadas em pacientes grandes queimados \u2013 com \u00e1rea corporal atingida superior a 20%.<\/p>\n<p>\u201c\u00c9 uma mudan\u00e7a de paradigma pela possibilidade de sobrevida de pacientes com grandes \u00e1reas do corpo atingidas, para os quais antes n\u00e3o havia chances de sobreviver \u201d, ressalta Kelly Ara\u00fajo.<\/p>\n<p><strong>Casos\u00a0e principais causas<\/strong><\/p>\n<p>Nos dois \u00faltimos anos, o CTI recebeu cerca de 200 pacientes. No mesmo per\u00edodo, na enfermaria foram mais de 560 interna\u00e7\u00f5es, enquanto o ambulat\u00f3rio de queimados realizou mais de 3 mil atendimentos.<\/p>\n<p>Somente nos dois primeiros meses de 2025, foram 70 interna\u00e7\u00f5es distribu\u00eddas entre o CTI e a enfermaria.<\/p>\n<p>Do total de interna\u00e7\u00f5es no CTI, aproximadamente, 40% foram casos envolvendo \u00e1lcool. Na enfermaria, o l\u00edquido livre (\u00e1gua ou \u00f3leo\u00a0quentes) tamb\u00e9m responde por quase 40% dos casos.<\/p>\n<p>Em todas as faixas et\u00e1rias, h\u00e1 uma preval\u00eancia do g\u00eanero masculino, eles s\u00e3o\u00a062% dos casos. De modo geral, a recupera\u00e7\u00e3o dos pacientes com grandes queimaduras\u00a0\u00e9 lenta e leva, em m\u00e9dia, dois anos.<\/p>\n<p><strong>Maior do pa\u00eds<\/strong><\/p>\n<p>O CTQ do HJXXIII \u2013 hospital que integra o Complexo Hospitalar de Urg\u00eancia e Emerg\u00eancia da\u00a0<a href=\"https:\/\/www.fhemig.mg.gov.br\/\" target=\"_blank\" rel=\"noopener\">Funda\u00e7\u00e3o Hospitalar do Estado de Minas Gerais (Fhemig)<\/a>\u00a0\u2013 \u00e9 o maior centro de tratamento de queimados do Brasil em n\u00famero de leitos de terapia intensiva (CTI), com nove leitos para adultos e dois para crian\u00e7as, totalizando 11.<\/p>\n<p>Fonte: Ag\u00eancia Minas<\/p>\n<\/div>\n<p>&nbsp;<\/p>\n","protected":false},"excerpt":{"rendered":"<p>Em maio do ano passado, o operador de loja Jo\u00e3o Lucas Rodrigues Antunes, 24 anos, chegou ao Centro de Tratamento de Queimados (CTQ) Professor Ivo Pitanguy, do Hospital Jo\u00e3o XXIII (HJXXIII), com 54% do corpo queimado. Ele foi o primeiro paciente a ser beneficiado pela t\u00e9cnica de microenxerto modificada (Meek). A partir de abril deste [&hellip;]<\/p>\n","protected":false},"author":246,"featured_media":227438,"comment_status":"closed","ping_status":"closed","sticky":false,"template":"","format":"standard","meta":{"footnotes":""},"categories":[436,261,254,439],"tags":[],"class_list":["post-227437","post","type-post","status-publish","format-standard","has-post-thumbnail","hentry","category-destaque-da-semana","category-economia","category-politica","category-ultima-hora"],"_links":{"self":[{"href":"https:\/\/diarioregionaldigital.com.br\/index.php?rest_route=\/wp\/v2\/posts\/227437","targetHints":{"allow":["GET"]}}],"collection":[{"href":"https:\/\/diarioregionaldigital.com.br\/index.php?rest_route=\/wp\/v2\/posts"}],"about":[{"href":"https:\/\/diarioregionaldigital.com.br\/index.php?rest_route=\/wp\/v2\/types\/post"}],"author":[{"embeddable":true,"href":"https:\/\/diarioregionaldigital.com.br\/index.php?rest_route=\/wp\/v2\/users\/246"}],"replies":[{"embeddable":true,"href":"https:\/\/diarioregionaldigital.com.br\/index.php?rest_route=%2Fwp%2Fv2%2Fcomments&post=227437"}],"version-history":[{"count":2,"href":"https:\/\/diarioregionaldigital.com.br\/index.php?rest_route=\/wp\/v2\/posts\/227437\/revisions"}],"predecessor-version":[{"id":227440,"href":"https:\/\/diarioregionaldigital.com.br\/index.php?rest_route=\/wp\/v2\/posts\/227437\/revisions\/227440"}],"wp:featuredmedia":[{"embeddable":true,"href":"https:\/\/diarioregionaldigital.com.br\/index.php?rest_route=\/wp\/v2\/media\/227438"}],"wp:attachment":[{"href":"https:\/\/diarioregionaldigital.com.br\/index.php?rest_route=%2Fwp%2Fv2%2Fmedia&parent=227437"}],"wp:term":[{"taxonomy":"category","embeddable":true,"href":"https:\/\/diarioregionaldigital.com.br\/index.php?rest_route=%2Fwp%2Fv2%2Fcategories&post=227437"},{"taxonomy":"post_tag","embeddable":true,"href":"https:\/\/diarioregionaldigital.com.br\/index.php?rest_route=%2Fwp%2Fv2%2Ftags&post=227437"}],"curies":[{"name":"wp","href":"https:\/\/api.w.org\/{rel}","templated":true}]}}