{"id":227426,"date":"2025-03-26T18:54:21","date_gmt":"2025-03-26T21:54:21","guid":{"rendered":"https:\/\/diarioregionaldigital.com.br\/?p=227426"},"modified":"2025-03-26T18:55:00","modified_gmt":"2025-03-26T21:55:00","slug":"governo-de-minas-participa-de-cerimonia-do-servas-que-celebra-legado-feminino-e-reconhece-personalidades-que-transformam-o-estado","status":"publish","type":"post","link":"https:\/\/diarioregionaldigital.com.br\/?p=227426","title":{"rendered":"Governo de Minas participa de cerim\u00f4nia do Servas que celebra legado feminino e reconhece personalidades que transformam o estado"},"content":{"rendered":"<p>O governador Romeu Zema e o vice-governador Mateus Sim\u00f5es participaram, na manh\u00e3 desta quarta-feira (26\/3), da cerim\u00f4nia \u201cServas: mem\u00f3rias e homenagens\u201d, no Pal\u00e1cio da Liberdade, em Belo Horizonte, com a presen\u00e7a de familiares e ex-presidentes da institui\u00e7\u00e3o, refor\u00e7ando a import\u00e2ncia do legado hist\u00f3rico e social das mulheres homenageadas.<\/p>\n<div class=\"clear \">\n<p>Promovido pelo\u00a0<a href=\"https:\/\/servas.org.br\/\" target=\"_blank\" rel=\"noopener\">Servi\u00e7o Social Aut\u00f4nomo (Servas)<\/a>, o evento homenageou as mulheres que deixaram um legado na hist\u00f3ria da institui\u00e7\u00e3o e personalidades que t\u00eam gerado um impacto significativo no desenvolvimento social de Minas Gerais.<\/p>\n<p>A presidente do Servas, Christiana Renault, conduziu a cerim\u00f4nia, que tamb\u00e9m contou com a participa\u00e7\u00e3o da vice-presidente Dinor\u00e1 Carla Fernandes.<\/p>\n<p><strong>Honraria in\u00e9dita<\/strong><\/p>\n<p>O Servas realizou, pela primeira vez, a outorga da Medalha do M\u00e9rito Social Sarah Kubitschek, que leva o nome da primeira presidente da hist\u00f3ria da entidade, na d\u00e9cada de 1950.<\/p>\n<p>A honraria foi concedida a 39 personalidades, escolhidas pelo Comit\u00ea da Medalha por se destacarem na atua\u00e7\u00e3o em \u00e1reas como assist\u00eancia social, sa\u00fade, educa\u00e7\u00e3o e cultura, fortalecendo o desenvolvimento social e o impacto positivo em Minas Gerais.<\/p>\n<p>Entre os homenageados, est\u00e3o todas as dirigentes do \u00f3rg\u00e3o, incluindo a entrega da honraria\u00a0<em>in memoriam<\/em>\u00a0aos familiares representantes.\u00a0<a href=\"https:\/\/www.agenciaminas.mg.gov.br\/ckeditor_assets\/attachments\/22658\/medalha_do_merito_social_sarah_kubitschek.pdf\" target=\"_blank\" rel=\"noopener\">Clique aqui<\/a>\u00a0para conferir a lista completa.<\/p>\n<p>O cumprimentar os agraciados com a medalha, o governador Romeu Zema destacou a import\u00e2ncia da do Servas para a sociedade mineira.<\/p>\n<table border=\"0\" cellspacing=\"1\" cellpadding=\"1\" align=\"center\">\n<tbody>\n<tr>\n<td colspan=\"5\"><img decoding=\"async\" src=\"https:\/\/www.agenciaminas.mg.gov.br\/ckeditor_assets\/pictures\/20949\/content_2_olho_topo.jpg\" alt=\"\" \/><\/td>\n<\/tr>\n<tr>\n<td><\/td>\n<td colspan=\"3\" rowspan=\"3\">\n<h1><strong>&#8220;Sempre foi um trabalho em prol dos menos favorecidos e, nas \u00faltimas gest\u00f5es, tem sido bastante dinamizado. Passou a ter crit\u00e9rios gerenciais para medir sua efetividade, impacto, principalmente quando enfrentamos aqui alguma trag\u00e9dia clim\u00e1tica, enchentes, deslizamentos e realmente tem feito toda a diferen\u00e7a&#8221;, disse Romeu Zema.<\/strong><\/h1>\n<\/td>\n<td><\/td>\n<\/tr>\n<tr>\n<td><\/td>\n<td><\/td>\n<\/tr>\n<tr>\n<td><\/td>\n<td><\/td>\n<\/tr>\n<tr>\n<td colspan=\"5\"><img decoding=\"async\" src=\"https:\/\/www.agenciaminas.mg.gov.br\/ckeditor_assets\/pictures\/20950\/content_2_olho_inferior.jpg\" alt=\"\" \/><\/td>\n<\/tr>\n<\/tbody>\n<\/table>\n<p>A cerim\u00f4nia marcou o lan\u00e7amento do Mosaico das ex-presidentes do Servas. O registro visual \u00e9 um reconhecimento \u00e0s mulheres que marcaram a hist\u00f3ria da institui\u00e7\u00e3o ao longo de suas gest\u00f5es, destacando o impacto de sua lideran\u00e7a e compromisso com o bem-estar social.<\/p>\n<div>\n<figure class=\"image\"><img decoding=\"async\" src=\"https:\/\/www.agenciaminas.mg.gov.br\/ckeditor_assets\/pictures\/22661\/content_img_9246.jpg\" alt=\"\" \/><figcaption><em><sub>Mosaico das ex-presidentes do Servas (Gil Leonardi \/ Imprensa MG)<\/sub><\/em><\/figcaption><\/figure>\n<\/div>\n<p>&nbsp;<\/p>\n<table border=\"0\" cellspacing=\"1\" cellpadding=\"1\" align=\"center\">\n<tbody>\n<tr>\n<td colspan=\"5\"><img decoding=\"async\" src=\"https:\/\/www.agenciaminas.mg.gov.br\/ckeditor_assets\/pictures\/20949\/content_2_olho_topo.jpg\" alt=\"\" \/><\/td>\n<\/tr>\n<tr>\n<td><\/td>\n<td colspan=\"3\" rowspan=\"3\">\n<h1><strong>&#8220;Os desafios enfrentados pelo Servas foram sempre grandes, mas as mulheres que comandavam a institui\u00e7\u00e3o eram do tamanho necess\u00e1rio para enfrentar esses desafios. A come\u00e7ar pela sua pioneira, Sarah Kubitschek, a primeira presidente do Servas, fundadora dessa iniciativa e a quem n\u00f3s todos devemos as nossas homenagens&#8221;, ressaltou o vice-governador Mateus Sim\u00f5es.<\/strong><\/h1>\n<\/td>\n<td><\/td>\n<\/tr>\n<tr>\n<td><\/td>\n<td><\/td>\n<\/tr>\n<tr>\n<td><\/td>\n<td><\/td>\n<\/tr>\n<tr>\n<td colspan=\"5\"><img decoding=\"async\" src=\"https:\/\/www.agenciaminas.mg.gov.br\/ckeditor_assets\/pictures\/20950\/content_2_olho_inferior.jpg\" alt=\"\" \/><\/td>\n<\/tr>\n<\/tbody>\n<\/table>\n<p>O evento reafirma o compromisso do Servas com a valoriza\u00e7\u00e3o da cultura, da mem\u00f3ria e da relev\u00e2ncia feminina na transforma\u00e7\u00e3o social.<\/p>\n<table border=\"0\" cellspacing=\"1\" cellpadding=\"1\" align=\"center\">\n<tbody>\n<tr>\n<td colspan=\"5\"><img decoding=\"async\" src=\"https:\/\/www.agenciaminas.mg.gov.br\/ckeditor_assets\/pictures\/20949\/content_2_olho_topo.jpg\" alt=\"\" \/><\/td>\n<\/tr>\n<tr>\n<td><\/td>\n<td colspan=\"3\" rowspan=\"3\">\n<h1><strong>&#8220;Hoje \u00e9 a coroa\u00e7\u00e3o de um processo que iniciamos com a minha chegada ao Servas, que \u00e9 o de reconstru\u00e7\u00e3o desta mem\u00f3ria que ainda \u00e9 muito fragmentada, e ainda temos dificuldade em localizar todos os programas, as iniciativas que foram criadas e executadas pelas primeiras-damas anteriores. N\u00f3s entendemos que n\u00e3o \u00e9 poss\u00edvel trilhar um futuro seguro e produtivo sem valorizar o passado&#8221;, enfatizou a presidente do Servas, Christiana Renault.<\/strong><\/h1>\n<\/td>\n<td><\/td>\n<\/tr>\n<tr>\n<td><\/td>\n<td><\/td>\n<\/tr>\n<tr>\n<td><\/td>\n<td><\/td>\n<\/tr>\n<tr>\n<td colspan=\"5\"><img decoding=\"async\" src=\"https:\/\/www.agenciaminas.mg.gov.br\/ckeditor_assets\/pictures\/20950\/content_2_olho_inferior.jpg\" alt=\"\" \/><\/td>\n<\/tr>\n<\/tbody>\n<\/table>\n<p><strong>Servas\u00a0<\/strong><\/p>\n<p>O Servas realiza programas, projetos e a\u00e7\u00f5es de desenvolvimento social fundamentados nos pilares da inclus\u00e3o social e do voluntariado. A miss\u00e3o da institui\u00e7\u00e3o \u00e9 fortalecer a inclus\u00e3o social no estado, em parceria com os setores p\u00fablico e privado, por meio de uma rede de entidades socioassistenciais e de volunt\u00e1rios.<\/p>\n<p>Fonte: Ag\u00eancia Minas<\/p>\n<\/div>\n<p>&nbsp;<\/p>\n","protected":false},"excerpt":{"rendered":"<p>O governador Romeu Zema e o vice-governador Mateus Sim\u00f5es participaram, na manh\u00e3 desta quarta-feira (26\/3), da cerim\u00f4nia \u201cServas: mem\u00f3rias e homenagens\u201d, no Pal\u00e1cio da Liberdade, em Belo Horizonte, com a presen\u00e7a de familiares e ex-presidentes da institui\u00e7\u00e3o, refor\u00e7ando a import\u00e2ncia do legado hist\u00f3rico e social das mulheres homenageadas. Promovido pelo\u00a0Servi\u00e7o Social Aut\u00f4nomo (Servas), o evento [&hellip;]<\/p>\n","protected":false},"author":246,"featured_media":227428,"comment_status":"closed","ping_status":"closed","sticky":false,"template":"","format":"standard","meta":{"footnotes":""},"categories":[436,440,261,254,439],"tags":[],"class_list":["post-227426","post","type-post","status-publish","format-standard","has-post-thumbnail","hentry","category-destaque-da-semana","category-destaques-do-dia","category-economia","category-politica","category-ultima-hora"],"_links":{"self":[{"href":"https:\/\/diarioregionaldigital.com.br\/index.php?rest_route=\/wp\/v2\/posts\/227426","targetHints":{"allow":["GET"]}}],"collection":[{"href":"https:\/\/diarioregionaldigital.com.br\/index.php?rest_route=\/wp\/v2\/posts"}],"about":[{"href":"https:\/\/diarioregionaldigital.com.br\/index.php?rest_route=\/wp\/v2\/types\/post"}],"author":[{"embeddable":true,"href":"https:\/\/diarioregionaldigital.com.br\/index.php?rest_route=\/wp\/v2\/users\/246"}],"replies":[{"embeddable":true,"href":"https:\/\/diarioregionaldigital.com.br\/index.php?rest_route=%2Fwp%2Fv2%2Fcomments&post=227426"}],"version-history":[{"count":2,"href":"https:\/\/diarioregionaldigital.com.br\/index.php?rest_route=\/wp\/v2\/posts\/227426\/revisions"}],"predecessor-version":[{"id":227430,"href":"https:\/\/diarioregionaldigital.com.br\/index.php?rest_route=\/wp\/v2\/posts\/227426\/revisions\/227430"}],"wp:featuredmedia":[{"embeddable":true,"href":"https:\/\/diarioregionaldigital.com.br\/index.php?rest_route=\/wp\/v2\/media\/227428"}],"wp:attachment":[{"href":"https:\/\/diarioregionaldigital.com.br\/index.php?rest_route=%2Fwp%2Fv2%2Fmedia&parent=227426"}],"wp:term":[{"taxonomy":"category","embeddable":true,"href":"https:\/\/diarioregionaldigital.com.br\/index.php?rest_route=%2Fwp%2Fv2%2Fcategories&post=227426"},{"taxonomy":"post_tag","embeddable":true,"href":"https:\/\/diarioregionaldigital.com.br\/index.php?rest_route=%2Fwp%2Fv2%2Ftags&post=227426"}],"curies":[{"name":"wp","href":"https:\/\/api.w.org\/{rel}","templated":true}]}}