{"id":227423,"date":"2025-03-25T17:40:15","date_gmt":"2025-03-25T20:40:15","guid":{"rendered":"https:\/\/diarioregionaldigital.com.br\/?p=227423"},"modified":"2025-03-25T17:40:15","modified_gmt":"2025-03-25T20:40:15","slug":"mais-de-37-toneladas-de-residuos-foram-recolhidos-nos-mutiroes-de-combate-a-dengue","status":"publish","type":"post","link":"https:\/\/diarioregionaldigital.com.br\/?p=227423","title":{"rendered":"Mais de 37 toneladas de res\u00edduos foram recolhidos nos mutir\u00f5es de combate \u00e0 dengue"},"content":{"rendered":"<p>Segundo informa\u00e7\u00f5es do site da Prefeitura de Juiz de Fora (PJF), a PJF concluiu as atividades de mutir\u00f5es aos s\u00e1bados em todas as sete regi\u00f5es de planejamento do munic\u00edpio. No total, 42 bairros foram atendidos pela iniciativa, somando 37,82 toneladas de res\u00edduos recolhidos. Os mutir\u00f5es fazem parte do trabalho cont\u00ednuo de combate \u00e0 dengue, zika e chikungunya, realizado ao longo de todo o ano na cidade. O objetivo \u00e9 facilitar os moradores a descartarem materiais que possam acumular \u00e1gua em suas resid\u00eancias.<\/p>\n<p>As opera\u00e7\u00f5es de recolhimento foram realizadas pelas equipes do Departamento Municipal de Limpeza Urbana (Demlurb) onde atuaram na coleta de materiais inserv\u00edveis como pneus, garrafas, pias e outros itens que acumulam \u00e1gua. Os Agentes de Combate \u00e0s Endemias (ACE) da Secretaria de Sa\u00fade (SS), junto com os Fiscais de Posturas da Secretaria de Desenvolvimento Urbano com Participa\u00e7\u00e3o Popular (Sedupp), atuaram na identifica\u00e7\u00e3o de focos geradores de vetores, fechamento de caixas d\u00b4\u00e1gua, identifica\u00e7\u00e3o de im\u00f3veis abandonados e ve\u00edculos em abandono nas vias, edifica\u00e7\u00f5es insalubres e ac\u00famulo de \u00e1gua em elementos da edifica\u00e7\u00e3o, como lajes e marquises.<\/p>\n<p>Al\u00e9m dos mutir\u00f5es, as equipes da Secretaria de Sa\u00fade tamb\u00e9m realizam trabalhos di\u00e1rios de visitas domiciliares como parte do tratamento focal, mobiliza\u00e7\u00e3o social, educa\u00e7\u00e3o em sa\u00fade, a\u00e7\u00f5es em escolas, feiras e outros equipamentos sociais.<\/p>\n<p><strong>Denuncie<\/strong><\/p>\n<p>A popula\u00e7\u00e3o tamb\u00e9m possui um papel fundamental no combate \u00e0s arboviroses. Al\u00e9m de receber os Agentes de Combate \u00e0s Endemias em suas resid\u00eancias, \u00e9 poss\u00edvel realizar den\u00fancias an\u00f4nimas de focos do Aedes Aegypti em Juiz de Fora e regi\u00e3o.<\/p>\n<p>A popula\u00e7\u00e3o pode formalizar a den\u00fancia de locais de criadouros do mosquito pelo\u00a0<a href=\"https:\/\/jfcontraoaedes.pjf.mg.gov.br\/\">sistema JF Contra o Aedes<\/a>. Outras formas de den\u00fancia incluem o contato via WhatsApp, atrav\u00e9s do n\u00famero (32) 98432-4608, ou por e-mail, no endere\u00e7o dengue@pjf.mg.gov.br. Al\u00e9m disso, qualquer um dos postos do Departamento de Informa\u00e7\u00e3o Geral e Atendimento (DIGA) tamb\u00e9m recebe den\u00fancias.<\/p>\n<p><strong>Descarte de materiais inserv\u00edveis<\/strong><\/p>\n<p>O Demlurb disponibiliza seis ecopontos para o descarte correto de materiais inserv\u00edveis, principalmente os que acumulam \u00e1gua. Os Ecopontos funcionam de 8h \u00e0s 17h de segunda a sexta-feira e de 8h \u00e0s 12h aos s\u00e1bados.<\/p>\n<p>&nbsp;<\/p>\n<p><strong>O que pode ser descartado:<\/strong>\u00a0pneus, garrafas, madeira, resto de poda, res\u00edduos de constru\u00e7\u00e3o civil, m\u00f3veis velhos, eletrodom\u00e9sticos, materiais recicl\u00e1veis, entre outros itens.<\/p>\n<p><strong>Confira os endere\u00e7os:\u00a0<\/strong><\/p>\n<p>&#8211; Rua Francisco Pinheiro, Nova Benfica;<\/p>\n<p>&#8211; Rua Carlos Tavares Pinto, Retiro;<\/p>\n<p>&#8211; Rua Jos\u00e9 Apol\u00f4nio dos Reis, 100, em frente ao Gin\u00e1sio Municipal, Aeroporto;<\/p>\n<p>&#8211; Rua Ant\u00f4nio Weitzel, em frente ao n\u00ba 710, Barbosa Lage;<\/p>\n<p>&#8211; Rua Jos\u00e9 Meirelles, Parque das \u00c1guas;<\/p>\n<p>&#8211; Rua Bartolomeu dos Santos, S\u00e3o Dami\u00e3o (Apenas pneus).<\/p>\n","protected":false},"excerpt":{"rendered":"<p>Segundo informa\u00e7\u00f5es do site da Prefeitura de Juiz de Fora (PJF), a PJF concluiu as atividades de mutir\u00f5es aos s\u00e1bados em todas as sete regi\u00f5es de planejamento do munic\u00edpio. No total, 42 bairros foram atendidos pela iniciativa, somando 37,82 toneladas de res\u00edduos recolhidos. Os mutir\u00f5es fazem parte do trabalho cont\u00ednuo de combate \u00e0 dengue, zika [&hellip;]<\/p>\n","protected":false},"author":246,"featured_media":227424,"comment_status":"closed","ping_status":"closed","sticky":false,"template":"","format":"standard","meta":{"footnotes":""},"categories":[253,436,439],"tags":[],"class_list":["post-227423","post","type-post","status-publish","format-standard","has-post-thumbnail","hentry","category-cidade","category-destaque-da-semana","category-ultima-hora"],"_links":{"self":[{"href":"https:\/\/diarioregionaldigital.com.br\/index.php?rest_route=\/wp\/v2\/posts\/227423","targetHints":{"allow":["GET"]}}],"collection":[{"href":"https:\/\/diarioregionaldigital.com.br\/index.php?rest_route=\/wp\/v2\/posts"}],"about":[{"href":"https:\/\/diarioregionaldigital.com.br\/index.php?rest_route=\/wp\/v2\/types\/post"}],"author":[{"embeddable":true,"href":"https:\/\/diarioregionaldigital.com.br\/index.php?rest_route=\/wp\/v2\/users\/246"}],"replies":[{"embeddable":true,"href":"https:\/\/diarioregionaldigital.com.br\/index.php?rest_route=%2Fwp%2Fv2%2Fcomments&post=227423"}],"version-history":[{"count":1,"href":"https:\/\/diarioregionaldigital.com.br\/index.php?rest_route=\/wp\/v2\/posts\/227423\/revisions"}],"predecessor-version":[{"id":227425,"href":"https:\/\/diarioregionaldigital.com.br\/index.php?rest_route=\/wp\/v2\/posts\/227423\/revisions\/227425"}],"wp:featuredmedia":[{"embeddable":true,"href":"https:\/\/diarioregionaldigital.com.br\/index.php?rest_route=\/wp\/v2\/media\/227424"}],"wp:attachment":[{"href":"https:\/\/diarioregionaldigital.com.br\/index.php?rest_route=%2Fwp%2Fv2%2Fmedia&parent=227423"}],"wp:term":[{"taxonomy":"category","embeddable":true,"href":"https:\/\/diarioregionaldigital.com.br\/index.php?rest_route=%2Fwp%2Fv2%2Fcategories&post=227423"},{"taxonomy":"post_tag","embeddable":true,"href":"https:\/\/diarioregionaldigital.com.br\/index.php?rest_route=%2Fwp%2Fv2%2Ftags&post=227423"}],"curies":[{"name":"wp","href":"https:\/\/api.w.org\/{rel}","templated":true}]}}