{"id":227420,"date":"2025-03-25T17:39:07","date_gmt":"2025-03-25T20:39:07","guid":{"rendered":"https:\/\/diarioregionaldigital.com.br\/?p=227420"},"modified":"2025-03-25T17:39:07","modified_gmt":"2025-03-25T20:39:07","slug":"painel-mulheres-e-mudancas-climaticas-acontecera-no-auditorio-do-predio-da-prefeitura","status":"publish","type":"post","link":"https:\/\/diarioregionaldigital.com.br\/?p=227420","title":{"rendered":"Painel \u201cMulheres e Mudan\u00e7as Clim\u00e1ticas\u201d acontecer\u00e1 no audit\u00f3rio do pr\u00e9dio da Prefeitura"},"content":{"rendered":"<p>Segundo informa\u00e7\u00f5es do site da Prefeitura de Juiz de Fora (PJF), a PJF comunica a mudan\u00e7a de local do painel \u201cMulheres e Mudan\u00e7as Clim\u00e1ticas: Lideran\u00e7a, Desafios e Solu\u00e7\u00f5es\u201d, que acontece nesta quarta-feira, 26, \u00e0s 18h30. O evento ser\u00e1 no audit\u00f3rio do 1\u00b0 andar do pr\u00e9dio-sede da Prefeitura de Juiz de Fora, localizado na Avenida Brasil, 2001, Centro. A PJF tamb\u00e9m informa\u00a0 que as inscri\u00e7\u00f5es para o evento est\u00e3o encerradas.<\/p>\n","protected":false},"excerpt":{"rendered":"<p>Segundo informa\u00e7\u00f5es do site da Prefeitura de Juiz de Fora (PJF), a PJF comunica a mudan\u00e7a de local do painel \u201cMulheres e Mudan\u00e7as Clim\u00e1ticas: Lideran\u00e7a, Desafios e Solu\u00e7\u00f5es\u201d, que acontece nesta quarta-feira, 26, \u00e0s 18h30. O evento ser\u00e1 no audit\u00f3rio do 1\u00b0 andar do pr\u00e9dio-sede da Prefeitura de Juiz de Fora, localizado na Avenida Brasil, [&hellip;]<\/p>\n","protected":false},"author":246,"featured_media":227421,"comment_status":"closed","ping_status":"closed","sticky":false,"template":"","format":"standard","meta":{"footnotes":""},"categories":[253,436,440,439],"tags":[],"class_list":["post-227420","post","type-post","status-publish","format-standard","has-post-thumbnail","hentry","category-cidade","category-destaque-da-semana","category-destaques-do-dia","category-ultima-hora"],"_links":{"self":[{"href":"https:\/\/diarioregionaldigital.com.br\/index.php?rest_route=\/wp\/v2\/posts\/227420","targetHints":{"allow":["GET"]}}],"collection":[{"href":"https:\/\/diarioregionaldigital.com.br\/index.php?rest_route=\/wp\/v2\/posts"}],"about":[{"href":"https:\/\/diarioregionaldigital.com.br\/index.php?rest_route=\/wp\/v2\/types\/post"}],"author":[{"embeddable":true,"href":"https:\/\/diarioregionaldigital.com.br\/index.php?rest_route=\/wp\/v2\/users\/246"}],"replies":[{"embeddable":true,"href":"https:\/\/diarioregionaldigital.com.br\/index.php?rest_route=%2Fwp%2Fv2%2Fcomments&post=227420"}],"version-history":[{"count":1,"href":"https:\/\/diarioregionaldigital.com.br\/index.php?rest_route=\/wp\/v2\/posts\/227420\/revisions"}],"predecessor-version":[{"id":227422,"href":"https:\/\/diarioregionaldigital.com.br\/index.php?rest_route=\/wp\/v2\/posts\/227420\/revisions\/227422"}],"wp:featuredmedia":[{"embeddable":true,"href":"https:\/\/diarioregionaldigital.com.br\/index.php?rest_route=\/wp\/v2\/media\/227421"}],"wp:attachment":[{"href":"https:\/\/diarioregionaldigital.com.br\/index.php?rest_route=%2Fwp%2Fv2%2Fmedia&parent=227420"}],"wp:term":[{"taxonomy":"category","embeddable":true,"href":"https:\/\/diarioregionaldigital.com.br\/index.php?rest_route=%2Fwp%2Fv2%2Fcategories&post=227420"},{"taxonomy":"post_tag","embeddable":true,"href":"https:\/\/diarioregionaldigital.com.br\/index.php?rest_route=%2Fwp%2Fv2%2Ftags&post=227420"}],"curies":[{"name":"wp","href":"https:\/\/api.w.org\/{rel}","templated":true}]}}