{"id":227417,"date":"2025-03-25T17:34:26","date_gmt":"2025-03-25T20:34:26","guid":{"rendered":"https:\/\/diarioregionaldigital.com.br\/?p=227417"},"modified":"2025-03-25T17:34:26","modified_gmt":"2025-03-25T20:34:26","slug":"brasilia-sediara-mundial-de-marcha-atletica-por-equipes-em-2026","status":"publish","type":"post","link":"https:\/\/diarioregionaldigital.com.br\/?p=227417","title":{"rendered":"Bras\u00edlia sediar\u00e1 Mundial de Marcha Atl\u00e9tica por equipes em 2026"},"content":{"rendered":"<p>A cidade de Bras\u00edlia foi escolhida para sediar o Campeonato Mundial de Marcha Atl\u00e9tica por equipes em 2026. O an\u00fancio foi feito nesta ter\u00e7a-feira (25) por Sebastian Coe, presidente da World Athletics \u2013 Federa\u00e7\u00e3o Internacional de Atletismo \u2013 em comunicado oficial \u00e0 Confedera\u00e7\u00e3o Brasileira de Atletismo (CBAt).. A capital federal, onde nasceu e vive o atual vice-campe\u00e3o ol\u00edmpico Caio Bonfim, concorria com outras duas cidades: Samborond\u00f3n (Equador)\u00a0e Vars\u00f3via (Pol\u00f4nia).<img decoding=\"async\" src=\"https:\/\/agenciabrasil.ebc.com.br\/ebc.png?id=1635926&amp;o=node\" \/><img decoding=\"async\" src=\"https:\/\/agenciabrasil.ebc.com.br\/ebc.gif?id=1635926&amp;o=node\" \/><\/p>\n<p>Esta \u00e9 a terceira vez que o Brasil receber\u00e1 uma competi\u00e7\u00e3o da World Athletics: em 2008, o Rio de Janeiro organizou o Mundial de Meia Maratona e em 1998 foi Manaus que sediou o Mundial de Revezamento de Rua. Inicialmente o evento est\u00e1 programado para abril, com in\u00edcio prov\u00e1vel no dia 12, data de anivers\u00e1rio da capital idealizada pelos arquitetos Oscar Niemeyer e L\u00facio Costa, que \u00a0completar\u00e1 66 anos de funda\u00e7\u00e3o em 2026. Durante o m\u00eas, a cidade localizada a 1.172 metros de altitude registra temperaturas entre 17 e 28 graus.<\/p>\n<blockquote><p>&#8220;Bras\u00edlia est\u00e1 pronta para caminhar com o mundo. Nossa cidade re\u00fane todas as condi\u00e7\u00f5es para sediar um evento do porte do Mundial de Marcha Atl\u00e9tica por Equipes. Somos a capital do Brasil, temos infraestrutura esportiva, log\u00edstica eficiente, seguran\u00e7a e um cen\u00e1rio ic\u00f4nico para a competi\u00e7\u00e3o\u201d, garantiu Renato Junqueira, secret\u00e1rio de Esporte e Lazer do Distrito Federal.<\/p><\/blockquote>\n<p>O percurso da prova ser\u00e1 montado na ic\u00f4nica Esplanada dos Minist\u00e9rios, que abrange outros monumentos tur\u00edsticos como a Catedral Metropolitana, o Museu Hist\u00f3rico da Rep\u00fablica e a Livraria Nacional.\u00a0A \u00faltima edi\u00e7\u00e3o do Mundial ocorreu no ano passado,\u00a0Ant\u00e1lia (Turquia).<\/p>\n<p>Cidade natal de Caio Bonfim, primeiro brasileiro a subir o p\u00f3dio ol\u00edmpico da marcha atl\u00e9tica com a prata nos Jogos de Paris,\u00a0Bras\u00edlia tamb\u00e9m \u00e9 celeiro de atletas. Foi do Centro de Marcha Atl\u00e9tica de Sobradinho (Caso) que sa\u00edram Max Batista e Gabriela Muniz, que tamb\u00e9m competiram nas provas da modalidade em Paris 2024.<\/p>\n<p>Fonte: Ag\u00eancia Brasil<\/p>\n","protected":false},"excerpt":{"rendered":"<p>A cidade de Bras\u00edlia foi escolhida para sediar o Campeonato Mundial de Marcha Atl\u00e9tica por equipes em 2026. O an\u00fancio foi feito nesta ter\u00e7a-feira (25) por Sebastian Coe, presidente da World Athletics \u2013 Federa\u00e7\u00e3o Internacional de Atletismo \u2013 em comunicado oficial \u00e0 Confedera\u00e7\u00e3o Brasileira de Atletismo (CBAt).. A capital federal, onde nasceu e vive o [&hellip;]<\/p>\n","protected":false},"author":246,"featured_media":227418,"comment_status":"closed","ping_status":"closed","sticky":false,"template":"","format":"standard","meta":{"footnotes":""},"categories":[436,440,257,439],"tags":[],"class_list":["post-227417","post","type-post","status-publish","format-standard","has-post-thumbnail","hentry","category-destaque-da-semana","category-destaques-do-dia","category-esporte","category-ultima-hora"],"_links":{"self":[{"href":"https:\/\/diarioregionaldigital.com.br\/index.php?rest_route=\/wp\/v2\/posts\/227417","targetHints":{"allow":["GET"]}}],"collection":[{"href":"https:\/\/diarioregionaldigital.com.br\/index.php?rest_route=\/wp\/v2\/posts"}],"about":[{"href":"https:\/\/diarioregionaldigital.com.br\/index.php?rest_route=\/wp\/v2\/types\/post"}],"author":[{"embeddable":true,"href":"https:\/\/diarioregionaldigital.com.br\/index.php?rest_route=\/wp\/v2\/users\/246"}],"replies":[{"embeddable":true,"href":"https:\/\/diarioregionaldigital.com.br\/index.php?rest_route=%2Fwp%2Fv2%2Fcomments&post=227417"}],"version-history":[{"count":1,"href":"https:\/\/diarioregionaldigital.com.br\/index.php?rest_route=\/wp\/v2\/posts\/227417\/revisions"}],"predecessor-version":[{"id":227419,"href":"https:\/\/diarioregionaldigital.com.br\/index.php?rest_route=\/wp\/v2\/posts\/227417\/revisions\/227419"}],"wp:featuredmedia":[{"embeddable":true,"href":"https:\/\/diarioregionaldigital.com.br\/index.php?rest_route=\/wp\/v2\/media\/227418"}],"wp:attachment":[{"href":"https:\/\/diarioregionaldigital.com.br\/index.php?rest_route=%2Fwp%2Fv2%2Fmedia&parent=227417"}],"wp:term":[{"taxonomy":"category","embeddable":true,"href":"https:\/\/diarioregionaldigital.com.br\/index.php?rest_route=%2Fwp%2Fv2%2Fcategories&post=227417"},{"taxonomy":"post_tag","embeddable":true,"href":"https:\/\/diarioregionaldigital.com.br\/index.php?rest_route=%2Fwp%2Fv2%2Ftags&post=227417"}],"curies":[{"name":"wp","href":"https:\/\/api.w.org\/{rel}","templated":true}]}}