{"id":227411,"date":"2025-03-25T17:31:54","date_gmt":"2025-03-25T20:31:54","guid":{"rendered":"https:\/\/diarioregionaldigital.com.br\/?p=227411"},"modified":"2025-03-25T17:31:54","modified_gmt":"2025-03-25T20:31:54","slug":"petrobras-reinjeta-recorde-de-142-mi-de-toneladas-de-co%e2%82%82-no-pre-sal","status":"publish","type":"post","link":"https:\/\/diarioregionaldigital.com.br\/?p=227411","title":{"rendered":"Petrobras reinjeta recorde de 14,2 mi de toneladas de CO\u2082 no pr\u00e9-sal"},"content":{"rendered":"<p>A Petrobras anunciou nesta ter\u00e7a-feira (25) que atingiu o\u00a0<strong>volume recorde de 14,2 milh\u00f5es de toneladas de di\u00f3xido de carbono (CO\u2082)<\/strong>\u00a0reinjetados em reservat\u00f3rios do pr\u00e9-sal na Bacia de Santos, litoral do Sudeste, durante extra\u00e7\u00e3o de petr\u00f3leo em 2024.<img decoding=\"async\" src=\"https:\/\/agenciabrasil.ebc.com.br\/ebc.png?id=1635938&amp;o=node\" \/><img decoding=\"async\" src=\"https:\/\/agenciabrasil.ebc.com.br\/ebc.gif?id=1635938&amp;o=node\" \/><\/p>\n<p>O\u00a0<strong>volume supera os 13 milh\u00f5es de toneladas inseridas em 2023.<\/strong>\u00a0O CO\u2082, tamb\u00e9m conhecido como g\u00e1s carb\u00f4nico, \u00e9 um dos gases causadores do aquecimento global quando liberado na atmosfera.<\/p>\n<p>Introduzir quantidades do poluente nos reservat\u00f3rios faz com que a\u00a0<strong>companhia reduza a chamada pegada de carbono, contribui\u00e7\u00e3o da atividade econ\u00f4mica para o aquecimento global.<\/strong><\/p>\n<p>O\u00a0<strong>programa\u00a0 da estatal \u00e9 pioneiro em \u00e1guas ultraprofundas \u2013 o pr\u00e9-sal chega a uma profundidade de 7 mil metros \u2013 e \u00e9 o maior em opera\u00e7\u00e3o no mundo.<\/strong><\/p>\n<p>No comunicado, a Petrobras cita um relat\u00f3rio do Global CCS Institute &#8211; centro internacional que faz pesquisas sobre captura de carbono.\u00a0<strong>Segundo o levantamento, em todo o mundo, os projetos de CCUS (captura, utiliza\u00e7\u00e3o e armazenamento de carbono, na sigla em ingl\u00eas) alcan\u00e7aram 51 milh\u00f5es de toneladas de CO\u2082.<\/strong><\/p>\n<p>\u201cAssim, a inje\u00e7\u00e3o nos reservat\u00f3rios do pr\u00e9-sal corresponde a mais de um quarto (28%) da capacidade global reportada para o ano de 2024\u201d, afirma a Petrobras.<\/p>\n<p>Tecnologias utilizadas pela empresa contribu\u00edram para que, desde 2008, o volume acumulado de inje\u00e7\u00e3o chegue a 67,9 milh\u00f5es de toneladas de CO\u2082. A\u00a0<strong>companhia espera esticar esse volume para 80 milh\u00f5es at\u00e9 o fim de 2025.<\/strong><\/p>\n<p><a href=\"https:\/\/agenciabrasil.ebc.com.br\/geral\/noticia\/2023-09\/plataforma-de-petroleo-saiba-como-e-dia-a-dia-na-avenida-brasil\" target=\"_blank\" rel=\"noopener\">Saiba como \u00e9 o dia a dia em uma plataforma de petr\u00f3leo<\/a><\/p>\n<p><strong>Atualmente a Petrobras conta com 22 plataformas modelo FPSO<\/strong>\u00a0(produzem e armazenam \u00f3leo) no pr\u00e9-sal da Bacia de Santos com sistemas para captura e reinje\u00e7\u00e3o do CO\u2082.<\/p>\n<p>De acordo com a diretora de Engenharia, Tecnologia e Inova\u00e7\u00e3o da Petrobras, Renata Baruzzi, a m\u00e9dia de emiss\u00e3o de CO\u2082 por barril de petr\u00f3leo no mundo \u00e9 70% superior \u00e0 do pr\u00e9-sal.<\/p>\n<blockquote><p>\u201cA estrat\u00e9gia, que associa o CCUS \u00e0 recupera\u00e7\u00e3o avan\u00e7ada de petr\u00f3leo (EOR &#8211; Enhanced Oil Recovery), foi crucial para a Petrobras viabilizar a produ\u00e7\u00e3o de petr\u00f3leo com menor emiss\u00e3o por barril produzido\u201d, diz.<\/p><\/blockquote>\n<p>Segundo a companhia, a reinje\u00e7\u00e3o de CO\u2082 otimiza a recupera\u00e7\u00e3o de \u00f3leo dos reservat\u00f3rios.\u00a0<a href=\"https:\/\/agenciagov.ebc.com.br\/noticias\/202501\/petrobras-atingiu-meta-de-producao-anual-de-2024-prevista-em-plano-estrategico\" target=\"_blank\" rel=\"noopener\">Em 2024, a petroleira produziu o volume recorde de 3,2 milh\u00f5es de barris de \u00f3leo<\/a>\u00a0equivalente por dia (boed) no pr\u00e9-sal, que representa 81% da produ\u00e7\u00e3o total da companhia.<\/p>\n<p>A\u00a0<strong>Petrobras espera atingir antes de 2050 o chamado net zero (saldo negativo de emiss\u00e3o de carbono)<\/strong>\u00a0na produ\u00e7\u00e3o de petr\u00f3leo.<\/p>\n<p>Fonte: Ag\u00eancia Brasil<\/p>\n","protected":false},"excerpt":{"rendered":"<p>A Petrobras anunciou nesta ter\u00e7a-feira (25) que atingiu o\u00a0volume recorde de 14,2 milh\u00f5es de toneladas de di\u00f3xido de carbono (CO\u2082)\u00a0reinjetados em reservat\u00f3rios do pr\u00e9-sal na Bacia de Santos, litoral do Sudeste, durante extra\u00e7\u00e3o de petr\u00f3leo em 2024. O\u00a0volume supera os 13 milh\u00f5es de toneladas inseridas em 2023.\u00a0O CO\u2082, tamb\u00e9m conhecido como g\u00e1s carb\u00f4nico, \u00e9 um [&hellip;]<\/p>\n","protected":false},"author":246,"featured_media":227412,"comment_status":"closed","ping_status":"closed","sticky":false,"template":"","format":"standard","meta":{"footnotes":""},"categories":[436,440,261,254,439],"tags":[],"class_list":["post-227411","post","type-post","status-publish","format-standard","has-post-thumbnail","hentry","category-destaque-da-semana","category-destaques-do-dia","category-economia","category-politica","category-ultima-hora"],"_links":{"self":[{"href":"https:\/\/diarioregionaldigital.com.br\/index.php?rest_route=\/wp\/v2\/posts\/227411","targetHints":{"allow":["GET"]}}],"collection":[{"href":"https:\/\/diarioregionaldigital.com.br\/index.php?rest_route=\/wp\/v2\/posts"}],"about":[{"href":"https:\/\/diarioregionaldigital.com.br\/index.php?rest_route=\/wp\/v2\/types\/post"}],"author":[{"embeddable":true,"href":"https:\/\/diarioregionaldigital.com.br\/index.php?rest_route=\/wp\/v2\/users\/246"}],"replies":[{"embeddable":true,"href":"https:\/\/diarioregionaldigital.com.br\/index.php?rest_route=%2Fwp%2Fv2%2Fcomments&post=227411"}],"version-history":[{"count":1,"href":"https:\/\/diarioregionaldigital.com.br\/index.php?rest_route=\/wp\/v2\/posts\/227411\/revisions"}],"predecessor-version":[{"id":227413,"href":"https:\/\/diarioregionaldigital.com.br\/index.php?rest_route=\/wp\/v2\/posts\/227411\/revisions\/227413"}],"wp:featuredmedia":[{"embeddable":true,"href":"https:\/\/diarioregionaldigital.com.br\/index.php?rest_route=\/wp\/v2\/media\/227412"}],"wp:attachment":[{"href":"https:\/\/diarioregionaldigital.com.br\/index.php?rest_route=%2Fwp%2Fv2%2Fmedia&parent=227411"}],"wp:term":[{"taxonomy":"category","embeddable":true,"href":"https:\/\/diarioregionaldigital.com.br\/index.php?rest_route=%2Fwp%2Fv2%2Fcategories&post=227411"},{"taxonomy":"post_tag","embeddable":true,"href":"https:\/\/diarioregionaldigital.com.br\/index.php?rest_route=%2Fwp%2Fv2%2Ftags&post=227411"}],"curies":[{"name":"wp","href":"https:\/\/api.w.org\/{rel}","templated":true}]}}