{"id":227408,"date":"2025-03-24T20:33:12","date_gmt":"2025-03-24T23:33:12","guid":{"rendered":"https:\/\/diarioregionaldigital.com.br\/?p=227408"},"modified":"2025-03-24T20:33:12","modified_gmt":"2025-03-24T23:33:12","slug":"programa-mais-acesso-a-especialistas-e-tema-de-oficina-realizada-nesta-segunda-24","status":"publish","type":"post","link":"https:\/\/diarioregionaldigital.com.br\/?p=227408","title":{"rendered":"Programa &#8220;Mais Acesso a Especialistas&#8221; \u00e9 tema de oficina realizada nesta segunda (24)"},"content":{"rendered":"<p>Segundo informa\u00e7\u00f5es do site da Prefeitura de Juiz de Fora (PJF),\u00a0 a Dra. Maria do Carmo, consultora do Minist\u00e9rio da Sa\u00fade, e a enfermeira Ana Paula Medrado, apoiadora do Minist\u00e9rio da Saude para o Programa Mais Acesso a Especialistas em Minas Gerais, conduziram uma oficina para os servidores da Secretaria de Sa\u00fade (SS) da Prefeitura de Juiz de Fora (PJF) com tem\u00e1tica voltada ao Programa Mais Acesso a Especialistas (PMAE), do Governo Federal. A oficina iniciou pela manh\u00e3, em um primeiro momento dedicado \u00e0 equipe da Secretaria de Sa\u00fade de Juiz de Fora, respons\u00e1vel pela contratualiza\u00e7\u00e3o e pela regula\u00e7\u00e3o.<br \/>\nNo segundo momento, a a\u00e7\u00e3o reuniu os supervisores das 63 Unidades B\u00e1sicas de Sa\u00fade (UBS) do munic\u00edpio, bem como servidores do setor de Regula\u00e7\u00e3o da Secretaria de Sa\u00fade.<\/p>\n<p>Tamb\u00e9m participaram do evento a\u00a0subsecret\u00e1ria de Aten\u00e7\u00e3o \u00e0 Sa\u00fade, Marcilene Chaves, o\u00a0subsecret\u00e1rio de Aten\u00e7\u00e3o Especializada, Leandro Lopes, o subsecret\u00e1rio de Planejamento e Gest\u00e3o em Sa\u00fade,\u00a0R\u00f4mulo Martins, a secret\u00e1ria adjunta de Sa\u00fade, Denicy Chagas, a secret\u00e1ria de Sa\u00fade, Ana Luisa Guimar\u00e3es, e a prefeita Margarida Salom\u00e3o. O objetivo principal foi tratar com a equipe da Secretaria de Sa\u00fade sobre a implementa\u00e7\u00e3o do Programa Mais Acesso a Especialistas, sendo abordada a import\u00e2ncia da Aten\u00e7\u00e3o Prim\u00e1ria \u00e0 Sa\u00fade (APS) como ordenadora do cuidado e o PMAE como estrat\u00e9gia no Sistema \u00danico de Sa\u00fade (SUS).<\/p>\n<p>Em fala na abertura da oficina, Margarida ressaltou o elo entre o setor de Regula\u00e7\u00e3o e Aten\u00e7\u00e3o B\u00e1sica como estrat\u00e9gico para a redu\u00e7\u00e3o das filas de espera. \u201cO que voc\u00eas v\u00e3o discutir hoje tem a ver com esse entrosamento (entre Regula\u00e7\u00e3o e Aten\u00e7\u00e3o B\u00e1sica), tendo em vista o processo de redu\u00e7\u00e3o de espera das filas, \u00e9 o que as pessoas desejam. Qual \u00e9 a grande demanda da sa\u00fade? Filas.\u201d<\/p>\n<p>A prefeita destaca o acesso universal proporcionado pelo Sistema \u00danico de Sa\u00fade (SUS),\u00a0 al\u00e9m de reconhecer e parabenizar o esfor\u00e7o dos servidores da Sa\u00fade. \u201cNo sistema de sa\u00fade, qual \u00e9 a dimens\u00e3o mais importante de todas? O tempo. A sa\u00fade sempre \u00e9 para agora, quem quer sa\u00fade sempre tem pressa. Ou a sa\u00fade para si mesmo, ou para uma pessoa que est\u00e1 acompanhando. Eu cumprimento voc\u00eas por fazerem funcionar o Sistema \u00danico de Sa\u00fade, que \u00e9 uma grande conquista do povo brasileiro e uma coisa que nos diferenciam mundialmente\u201d, conclui.<\/p>\n<p><strong>Programa Mais Acesso a Especialistas (PMAE)<\/strong><\/p>\n<p>O Programa Mais Acesso a Especialistas,\u00a0 tamb\u00e9m chamado de Programa Nacional de Expans\u00e3o e Qualifica\u00e7\u00e3o da Aten\u00e7\u00e3o Ambulatorial Especializada, \u00e9 uma estrat\u00e9gia da Pol\u00edtica Nacional de Aten\u00e7\u00e3o Especializada em Sa\u00fade (PNAES) e tem como objetivo ampliar e qualificar o cuidado e o acesso \u00e0 Aten\u00e7\u00e3o Especializada em Sa\u00fade (AES). O foco \u00e9 tornar o acesso do paciente \u00e0s consultas e aos exames especializados o mais r\u00e1pido poss\u00edvel e com menos burocracia, a partir do encaminhamento realizado pelas equipes de Aten\u00e7\u00e3o Prim\u00e1ria &#8211; eAP, por exemplo a Equipe de Sa\u00fade da Fam\u00edlia &#8211; eSF. Em suma, o programa busca\u00a0aumentar a resolutividade do Sistema \u00danico de Sa\u00fade e diminuir o tempo de espera dos usu\u00e1rios para a realiza\u00e7\u00e3o de exames e procedimentos.<\/p>\n","protected":false},"excerpt":{"rendered":"<p>Segundo informa\u00e7\u00f5es do site da Prefeitura de Juiz de Fora (PJF),\u00a0 a Dra. Maria do Carmo, consultora do Minist\u00e9rio da Sa\u00fade, e a enfermeira Ana Paula Medrado, apoiadora do Minist\u00e9rio da Saude para o Programa Mais Acesso a Especialistas em Minas Gerais, conduziram uma oficina para os servidores da Secretaria de Sa\u00fade (SS) da Prefeitura [&hellip;]<\/p>\n","protected":false},"author":246,"featured_media":227409,"comment_status":"closed","ping_status":"closed","sticky":false,"template":"","format":"standard","meta":{"footnotes":""},"categories":[253,436,439],"tags":[],"class_list":["post-227408","post","type-post","status-publish","format-standard","has-post-thumbnail","hentry","category-cidade","category-destaque-da-semana","category-ultima-hora"],"_links":{"self":[{"href":"https:\/\/diarioregionaldigital.com.br\/index.php?rest_route=\/wp\/v2\/posts\/227408","targetHints":{"allow":["GET"]}}],"collection":[{"href":"https:\/\/diarioregionaldigital.com.br\/index.php?rest_route=\/wp\/v2\/posts"}],"about":[{"href":"https:\/\/diarioregionaldigital.com.br\/index.php?rest_route=\/wp\/v2\/types\/post"}],"author":[{"embeddable":true,"href":"https:\/\/diarioregionaldigital.com.br\/index.php?rest_route=\/wp\/v2\/users\/246"}],"replies":[{"embeddable":true,"href":"https:\/\/diarioregionaldigital.com.br\/index.php?rest_route=%2Fwp%2Fv2%2Fcomments&post=227408"}],"version-history":[{"count":1,"href":"https:\/\/diarioregionaldigital.com.br\/index.php?rest_route=\/wp\/v2\/posts\/227408\/revisions"}],"predecessor-version":[{"id":227410,"href":"https:\/\/diarioregionaldigital.com.br\/index.php?rest_route=\/wp\/v2\/posts\/227408\/revisions\/227410"}],"wp:featuredmedia":[{"embeddable":true,"href":"https:\/\/diarioregionaldigital.com.br\/index.php?rest_route=\/wp\/v2\/media\/227409"}],"wp:attachment":[{"href":"https:\/\/diarioregionaldigital.com.br\/index.php?rest_route=%2Fwp%2Fv2%2Fmedia&parent=227408"}],"wp:term":[{"taxonomy":"category","embeddable":true,"href":"https:\/\/diarioregionaldigital.com.br\/index.php?rest_route=%2Fwp%2Fv2%2Fcategories&post=227408"},{"taxonomy":"post_tag","embeddable":true,"href":"https:\/\/diarioregionaldigital.com.br\/index.php?rest_route=%2Fwp%2Fv2%2Ftags&post=227408"}],"curies":[{"name":"wp","href":"https:\/\/api.w.org\/{rel}","templated":true}]}}