{"id":227405,"date":"2025-03-24T20:31:48","date_gmt":"2025-03-24T23:31:48","guid":{"rendered":"https:\/\/diarioregionaldigital.com.br\/?p=227405"},"modified":"2025-03-24T20:31:48","modified_gmt":"2025-03-24T23:31:48","slug":"cultivar-o-futuro-empav-realiza-o-plantio-de-mais-de-250-arvores-nativas-na-avenida-deusdedith-salgado","status":"publish","type":"post","link":"https:\/\/diarioregionaldigital.com.br\/?p=227405","title":{"rendered":"Cultivar o Futuro: Empav realiza o plantio de mais de 250 \u00e1rvores nativas na Avenida Deusdedith Salgado"},"content":{"rendered":"<p>Segundo informa\u00e7\u00f5es do site da Prefeitura de Juiz de Fora (PJF),\u00a0 seguindo no compromisso de cuidar do meio ambiente para esta e para as pr\u00f3ximas gera\u00e7\u00f5es, a Prefeitura de Juiz de Fora (PJF) intensificou o plantio de \u00e1rvores na cidade. Somente na \u00faltima semana, as equipes do Horto Florestal da Empresa Municipal de Pavimenta\u00e7\u00e3o e Urbanidades (Empav) plantaram cerca de 252 mudas de esp\u00e9cies\u00a0nativas na Avenida Deusdedith Salgado, no Salvaterra.<\/p>\n<p>Esp\u00e9cies como Ara\u00e7\u00e1, Paineira, Sibipiruna, Resed\u00e1, Urucum, Ip\u00ea Branco, Ip\u00ea Mirim, Pata de Vaca, Saboneteira, Tipuana e Oiti foram plantadas nos canteiros centrais da avenida. Al\u00e9m de contribuir na manuten\u00e7\u00e3o e filtragem do ar, em breve, as \u00e1rvores tamb\u00e9m ir\u00e3o compor o paisagismo da regi\u00e3o.<\/p>\n<p>Todos os plantios realizados pela Empav fazem parte do programa \u201cCultivar o Futuro\u201d, uma iniciativa da Secretaria de Meio Ambiente e Mudan\u00e7as Clim\u00e1ticas (Meio Ambiente) em parceria com a Empav.<\/p>\n","protected":false},"excerpt":{"rendered":"<p>Segundo informa\u00e7\u00f5es do site da Prefeitura de Juiz de Fora (PJF),\u00a0 seguindo no compromisso de cuidar do meio ambiente para esta e para as pr\u00f3ximas gera\u00e7\u00f5es, a Prefeitura de Juiz de Fora (PJF) intensificou o plantio de \u00e1rvores na cidade. Somente na \u00faltima semana, as equipes do Horto Florestal da Empresa Municipal de Pavimenta\u00e7\u00e3o e [&hellip;]<\/p>\n","protected":false},"author":246,"featured_media":227406,"comment_status":"closed","ping_status":"closed","sticky":false,"template":"","format":"standard","meta":{"footnotes":""},"categories":[253,436,439],"tags":[],"class_list":["post-227405","post","type-post","status-publish","format-standard","has-post-thumbnail","hentry","category-cidade","category-destaque-da-semana","category-ultima-hora"],"_links":{"self":[{"href":"https:\/\/diarioregionaldigital.com.br\/index.php?rest_route=\/wp\/v2\/posts\/227405","targetHints":{"allow":["GET"]}}],"collection":[{"href":"https:\/\/diarioregionaldigital.com.br\/index.php?rest_route=\/wp\/v2\/posts"}],"about":[{"href":"https:\/\/diarioregionaldigital.com.br\/index.php?rest_route=\/wp\/v2\/types\/post"}],"author":[{"embeddable":true,"href":"https:\/\/diarioregionaldigital.com.br\/index.php?rest_route=\/wp\/v2\/users\/246"}],"replies":[{"embeddable":true,"href":"https:\/\/diarioregionaldigital.com.br\/index.php?rest_route=%2Fwp%2Fv2%2Fcomments&post=227405"}],"version-history":[{"count":1,"href":"https:\/\/diarioregionaldigital.com.br\/index.php?rest_route=\/wp\/v2\/posts\/227405\/revisions"}],"predecessor-version":[{"id":227407,"href":"https:\/\/diarioregionaldigital.com.br\/index.php?rest_route=\/wp\/v2\/posts\/227405\/revisions\/227407"}],"wp:featuredmedia":[{"embeddable":true,"href":"https:\/\/diarioregionaldigital.com.br\/index.php?rest_route=\/wp\/v2\/media\/227406"}],"wp:attachment":[{"href":"https:\/\/diarioregionaldigital.com.br\/index.php?rest_route=%2Fwp%2Fv2%2Fmedia&parent=227405"}],"wp:term":[{"taxonomy":"category","embeddable":true,"href":"https:\/\/diarioregionaldigital.com.br\/index.php?rest_route=%2Fwp%2Fv2%2Fcategories&post=227405"},{"taxonomy":"post_tag","embeddable":true,"href":"https:\/\/diarioregionaldigital.com.br\/index.php?rest_route=%2Fwp%2Fv2%2Ftags&post=227405"}],"curies":[{"name":"wp","href":"https:\/\/api.w.org\/{rel}","templated":true}]}}