{"id":227402,"date":"2025-03-24T20:30:49","date_gmt":"2025-03-24T23:30:49","guid":{"rendered":"https:\/\/diarioregionaldigital.com.br\/?p=227402"},"modified":"2025-03-24T20:30:49","modified_gmt":"2025-03-24T23:30:49","slug":"pjf-lanca-edital-de-patrocinio-para-fornecimento-de-mobiliario-e-decoracao-para-o-mercado-municipal","status":"publish","type":"post","link":"https:\/\/diarioregionaldigital.com.br\/?p=227402","title":{"rendered":"PJF lan\u00e7a edital de patroc\u00ednio para fornecimento de mobili\u00e1rio e decora\u00e7\u00e3o para o Mercado Municipal"},"content":{"rendered":"<p>Segundo informa\u00e7\u00f5es do site da Prefeitura de Juiz de Fora (PJF),\u00a0 a\u00a0Prefeitura de Juiz de Fora (PJF) lan\u00e7ou o <a href=\"https:\/\/www.pjf.mg.gov.br\/e_atos\/e_atos_vis.php?id=128192\">edital de patroc\u00ednio<\/a>\u00a0para empresas interessadas em fornecer mobili\u00e1rios e decora\u00e7\u00f5es para o novo Mercado Municipal de Juiz de Fora. Em contrapartida, a empresa utilizar\u00e1 dos espa\u00e7os denominados para ativa\u00e7\u00e3o das marcas. A iniciativa visa promover melhorias na infraestrutura do mercado, proporcionando um ambiente mais funcional e agrad\u00e1vel para comerciantes e frequentadores.<\/p>\n<p>Poder\u00e3o participar pessoas f\u00edsicas ou jur\u00eddicas, previamente cadastradas no credenciamento da Secretaria de Comunica\u00e7\u00e3o P\u00fablica (SECOM), pelo link:\u00a0<a href=\"http:\/\/pjfpatrocinio.pjf.mg.gov.br\/\">pjfpatrocinio.pjf.mg.gov.br<\/a>. Os interessados devem encaminhar as propostas, at\u00e9 sexta-feira, 28, em envelope \u00fanico com as documenta\u00e7\u00f5es necess\u00e1rias conforme exig\u00eancias do edital,\u00a0 por meio do e-mail\u00a0<a href=\"mailto:comunicacaoseapa@pjf.mg.gov.br\">comunicacaoseapa@pjf.mg.gov.br<\/a>. O edital na \u00edntegra pode ser acessado\u00a0<a href=\"https:\/\/www.pjf.mg.gov.br\/e_atos\/anexos\/2-2025seapa-secom_170303.pdf\">aqui<\/a>.<\/p>\n<p>Os espa\u00e7os para coloca\u00e7\u00e3o dos mobili\u00e1rios e sugest\u00e3o de itens decorativos e quantitativos est\u00e3o dispon\u00edveis no edital. O proponente dever\u00e1 apresentar a proposta em formato de projeto de design de interiores de ocupa\u00e7\u00e3o dos espa\u00e7os, de acordo com as especifica\u00e7\u00f5es de cada local, itens e quantitativos sugeridos, e a proposta inicial de ativa\u00e7\u00e3o das marcas nos respectivos locais dentro do projeto. Os crit\u00e9rios de avalia\u00e7\u00e3o tamb\u00e9m est\u00e3o dispon\u00edveis no edital.<\/p>\n<p>A sess\u00e3o p\u00fablica de abertura dos envelopes ser\u00e1 realizada no dia 31 de mar\u00e7o, \u00e0s 14h, na sala de reuni\u00f5es da Secretaria de Licita\u00e7\u00f5es e Gest\u00e3o de Contratos (SELICON) no 7\u00ba andar, localizada na Avenida Brasil, 2001, Centro, Juiz de Fora. Esclarecimentos sobre o edital podem ser sanados pelo whatsapp: 32 21048619 ou na sede da Secretaria de Agricultura, Pecu\u00e1ria e Seguran\u00e7a Alimentar (Seapa).<\/p>\n<p>Com inaugura\u00e7\u00e3o marcada para o dia 10 de abril, anunciar marcas no mercado trar\u00e1 ao empreendedor, associa\u00e7\u00e3o direta \u00e0 identidade mineira e juizforana, fortalecendo o v\u00ednculo emocional de sua marca com as pessoas; acesso a um p\u00fablico diversificado que valoriza produtos e servi\u00e7os locais, exposi\u00e7\u00e3o da marca para visitantes locais e turistas, ampliando, assim, a visibilidade; acesso a um fluxo constante de pessoas devido a localiza\u00e7\u00e3o estrat\u00e9gica do espa\u00e7o, gerando impacto direto na amplia\u00e7\u00e3o das vendas, entre outras vantagens e benef\u00edcios.<\/p>\n<div><\/div>\n","protected":false},"excerpt":{"rendered":"<p>Segundo informa\u00e7\u00f5es do site da Prefeitura de Juiz de Fora (PJF),\u00a0 a\u00a0Prefeitura de Juiz de Fora (PJF) lan\u00e7ou o edital de patroc\u00ednio\u00a0para empresas interessadas em fornecer mobili\u00e1rios e decora\u00e7\u00f5es para o novo Mercado Municipal de Juiz de Fora. Em contrapartida, a empresa utilizar\u00e1 dos espa\u00e7os denominados para ativa\u00e7\u00e3o das marcas. A iniciativa visa promover melhorias [&hellip;]<\/p>\n","protected":false},"author":246,"featured_media":227403,"comment_status":"closed","ping_status":"closed","sticky":false,"template":"","format":"standard","meta":{"footnotes":""},"categories":[253,436,440,439],"tags":[],"class_list":["post-227402","post","type-post","status-publish","format-standard","has-post-thumbnail","hentry","category-cidade","category-destaque-da-semana","category-destaques-do-dia","category-ultima-hora"],"_links":{"self":[{"href":"https:\/\/diarioregionaldigital.com.br\/index.php?rest_route=\/wp\/v2\/posts\/227402","targetHints":{"allow":["GET"]}}],"collection":[{"href":"https:\/\/diarioregionaldigital.com.br\/index.php?rest_route=\/wp\/v2\/posts"}],"about":[{"href":"https:\/\/diarioregionaldigital.com.br\/index.php?rest_route=\/wp\/v2\/types\/post"}],"author":[{"embeddable":true,"href":"https:\/\/diarioregionaldigital.com.br\/index.php?rest_route=\/wp\/v2\/users\/246"}],"replies":[{"embeddable":true,"href":"https:\/\/diarioregionaldigital.com.br\/index.php?rest_route=%2Fwp%2Fv2%2Fcomments&post=227402"}],"version-history":[{"count":1,"href":"https:\/\/diarioregionaldigital.com.br\/index.php?rest_route=\/wp\/v2\/posts\/227402\/revisions"}],"predecessor-version":[{"id":227404,"href":"https:\/\/diarioregionaldigital.com.br\/index.php?rest_route=\/wp\/v2\/posts\/227402\/revisions\/227404"}],"wp:featuredmedia":[{"embeddable":true,"href":"https:\/\/diarioregionaldigital.com.br\/index.php?rest_route=\/wp\/v2\/media\/227403"}],"wp:attachment":[{"href":"https:\/\/diarioregionaldigital.com.br\/index.php?rest_route=%2Fwp%2Fv2%2Fmedia&parent=227402"}],"wp:term":[{"taxonomy":"category","embeddable":true,"href":"https:\/\/diarioregionaldigital.com.br\/index.php?rest_route=%2Fwp%2Fv2%2Fcategories&post=227402"},{"taxonomy":"post_tag","embeddable":true,"href":"https:\/\/diarioregionaldigital.com.br\/index.php?rest_route=%2Fwp%2Fv2%2Ftags&post=227402"}],"curies":[{"name":"wp","href":"https:\/\/api.w.org\/{rel}","templated":true}]}}