{"id":227399,"date":"2025-03-24T20:29:20","date_gmt":"2025-03-24T23:29:20","guid":{"rendered":"https:\/\/diarioregionaldigital.com.br\/?p=227399"},"modified":"2025-03-24T20:29:20","modified_gmt":"2025-03-24T23:29:20","slug":"rede-minas-se-torna-referencia-na-cobertura-esportiva-em-minas-gerais","status":"publish","type":"post","link":"https:\/\/diarioregionaldigital.com.br\/?p=227399","title":{"rendered":"Rede Minas se torna refer\u00eancia na cobertura esportiva em Minas Gerais"},"content":{"rendered":"<p>A\u00a0<a href=\"https:\/\/redeminas.tv\/\" target=\"_blank\" rel=\"noopener\">Rede Minas<\/a>\u00a0se consolidou como a casa do esporte, mostrando jogos e competi\u00e7\u00f5es de diversas modalidades na TV aberta. Em 2024, as transmiss\u00f5es esportivas alcan\u00e7aram mais de meio milh\u00e3o de pessoas, com um total de 565.368 telespectadores, destacando-se no cen\u00e1rio televisivo.<\/p>\n<p>Segundo dados do Kantar Ibope, as exibi\u00e7\u00f5es t\u00eam, em m\u00e9dia, 79,64% mais audi\u00eancia do que a programa\u00e7\u00e3o geral da emissora mineira. No que se refere ao alcance, os esportes ao vivo conquistaram quase 350% mais domic\u00edlios do que a programa\u00e7\u00e3o tradicional da TV p\u00fablica, demonstrando a import\u00e2ncia do conte\u00fado esportivo no estado.<\/p>\n<p>Futebol, v\u00f4lei, ciclismo, skate, corrida, canoagem e futsal. Essas foram as modalidades esportivas que chegaram \u00e0 telinha pela Rede Minas. Foram transmitidos, em 2024, os campeonatos mineiros M\u00f3dulo II, Segunda Divis\u00e3o, Feminino e Sub-20.<\/p>\n<p>Ainda no circuito estadual, foram exibidos o Campeonato Mineiro de V\u00f4lei e o Circuito Mineiro Street Skate 2024. Al\u00e9m disso, a TV mostrou as disputas dos Jogos Escolares de Minas Gerais (Jemg) e dos Jogos do Interior de Minas (Jimi) Paradesporto.<\/p>\n<p>As competi\u00e7\u00f5es nacionais e internacionais tamb\u00e9m ganharam espa\u00e7o na Rede Minas. No futebol, a TV p\u00fablica mostrou jogos do Campeonato Brasileiro Feminino S\u00e9rie A1, a Sele\u00e7\u00e3o Feminina nos amistosos preparat\u00f3rios para a disputa das Olimp\u00edadas e o Campeonato Brasileiro S\u00e9rie B.<\/p>\n<p>A emissora exibiu, tamb\u00e9m, disputas de outras modalidades esportivas. Nessa listagem, o ciclismo e o trail run no Kmon Ride, o Campeonato Brasileiro Interclubes de Canoagem Velocidade e Paracanoagem e a Superliga de V\u00f4lei. Os confrontos internacionais ganharam espa\u00e7o de destaque, com a transmiss\u00e3o do Mundial de V\u00f4lei de Clubes e as copas Internacional e Mundial de Mountain Bike.<\/p>\n<p><strong>Coberturas especiais<\/strong><\/p>\n<p>Fran\u00e7a, Paraguai e Argentina. Esses foram os tr\u00eas pa\u00edses visitados pelas equipes da Rede Minas em disputas esportivas.<\/p>\n<p>Em julho, a delega\u00e7\u00e3o brasileira compareceu aos Jogos Ol\u00edmpicos de Paris e a Rede Minas foi ver de perto o desempenho dos atletas e mostrou a estrutura do maior encontro esportivo do planeta.<\/p>\n<p>Em novembro, a emissora tamb\u00e9m acompanhou o confronto entre Cruzeiro e Racing, em Assun\u00e7\u00e3o, na final da Copa Sul-Americana; e Atl\u00e9tico (MG) e Botafogo, na decis\u00e3o da Libertadores, em Buenos Aires.<\/p>\n<p><strong>Rede Minas ligada no placar em 2025<\/strong><\/p>\n<p>A valoriza\u00e7\u00e3o do esporte segue no calend\u00e1rio da Rede Minas. A emissora come\u00e7ou o ano estreando o semanal Meio de Rede, que traz as not\u00edcias do v\u00f4lei para a programa\u00e7\u00e3o. Esse esporte ganhou espa\u00e7o na tela, tamb\u00e9m, com as transmiss\u00f5es de jogos da Superliga Masculina de V\u00f4lei 2024\/25 e do Sul-Americano.<\/p>\n<p>Neste m\u00eas de mar\u00e7o, a emissora mineira exibiu a abertura do Campeonato Mineiro de Futebol Americano 2025, mostrando a disputa de Uberl\u00e2ndia Lobos e Cruzeiro.<\/p>\n<p>T\u00eam mais competi\u00e7\u00f5es que v\u00e3o movimentar a programa\u00e7\u00e3o. Entre os destaques, o Campeonato Brasileiro de Canoagem Velocidade, que promete reunir atletas de todo o Brasil em Lagoa Santa; as equipes mineiras de futebol nas disputas pelo M\u00f3dulo II e Segunda Divis\u00e3o; e a Copa do Mundo de Mountain Bike, com os melhores ciclistas do mundo em Arax\u00e1, em abril.<\/p>\n<p>Leia mais no\u00a0<a href=\"https:\/\/redeminas.tv\/rede-minas-se-torna-referencia-na-cobertura-esportiva-em-minas-gerais\/\" target=\"_blank\" rel=\"noopener\">site da Rede Minas<\/a>.<\/p>\n<p>Fonte: Ag\u00eancia Minas<\/p>\n","protected":false},"excerpt":{"rendered":"<p>A\u00a0Rede Minas\u00a0se consolidou como a casa do esporte, mostrando jogos e competi\u00e7\u00f5es de diversas modalidades na TV aberta. Em 2024, as transmiss\u00f5es esportivas alcan\u00e7aram mais de meio milh\u00e3o de pessoas, com um total de 565.368 telespectadores, destacando-se no cen\u00e1rio televisivo. Segundo dados do Kantar Ibope, as exibi\u00e7\u00f5es t\u00eam, em m\u00e9dia, 79,64% mais audi\u00eancia do que [&hellip;]<\/p>\n","protected":false},"author":246,"featured_media":227400,"comment_status":"closed","ping_status":"closed","sticky":false,"template":"","format":"standard","meta":{"footnotes":""},"categories":[436,440,257,439],"tags":[],"class_list":["post-227399","post","type-post","status-publish","format-standard","has-post-thumbnail","hentry","category-destaque-da-semana","category-destaques-do-dia","category-esporte","category-ultima-hora"],"_links":{"self":[{"href":"https:\/\/diarioregionaldigital.com.br\/index.php?rest_route=\/wp\/v2\/posts\/227399","targetHints":{"allow":["GET"]}}],"collection":[{"href":"https:\/\/diarioregionaldigital.com.br\/index.php?rest_route=\/wp\/v2\/posts"}],"about":[{"href":"https:\/\/diarioregionaldigital.com.br\/index.php?rest_route=\/wp\/v2\/types\/post"}],"author":[{"embeddable":true,"href":"https:\/\/diarioregionaldigital.com.br\/index.php?rest_route=\/wp\/v2\/users\/246"}],"replies":[{"embeddable":true,"href":"https:\/\/diarioregionaldigital.com.br\/index.php?rest_route=%2Fwp%2Fv2%2Fcomments&post=227399"}],"version-history":[{"count":1,"href":"https:\/\/diarioregionaldigital.com.br\/index.php?rest_route=\/wp\/v2\/posts\/227399\/revisions"}],"predecessor-version":[{"id":227401,"href":"https:\/\/diarioregionaldigital.com.br\/index.php?rest_route=\/wp\/v2\/posts\/227399\/revisions\/227401"}],"wp:featuredmedia":[{"embeddable":true,"href":"https:\/\/diarioregionaldigital.com.br\/index.php?rest_route=\/wp\/v2\/media\/227400"}],"wp:attachment":[{"href":"https:\/\/diarioregionaldigital.com.br\/index.php?rest_route=%2Fwp%2Fv2%2Fmedia&parent=227399"}],"wp:term":[{"taxonomy":"category","embeddable":true,"href":"https:\/\/diarioregionaldigital.com.br\/index.php?rest_route=%2Fwp%2Fv2%2Fcategories&post=227399"},{"taxonomy":"post_tag","embeddable":true,"href":"https:\/\/diarioregionaldigital.com.br\/index.php?rest_route=%2Fwp%2Fv2%2Ftags&post=227399"}],"curies":[{"name":"wp","href":"https:\/\/api.w.org\/{rel}","templated":true}]}}