{"id":227395,"date":"2025-03-24T20:27:37","date_gmt":"2025-03-24T23:27:37","guid":{"rendered":"https:\/\/diarioregionaldigital.com.br\/?p=227395"},"modified":"2025-03-24T20:28:03","modified_gmt":"2025-03-24T23:28:03","slug":"em-menos-de-quatro-meses-governo-de-minas-supera-a-marca-de-500-novos-onibus-entregues-a-regiao-metropolitana-de-belo-horizonte","status":"publish","type":"post","link":"https:\/\/diarioregionaldigital.com.br\/?p=227395","title":{"rendered":"Em menos de quatro meses, Governo de Minas supera a marca de 500 novos \u00f4nibus entregues \u00e0 Regi\u00e3o Metropolitana de Belo Horizonte"},"content":{"rendered":"<p>A Regi\u00e3o Metropolitana de Belo Horizonte (RMBH) j\u00e1 conta com mais de 500 novos \u00f4nibus entregues pelo <a href=\"https:\/\/www.mg.gov.br\/\" target=\"_blank\" rel=\"noopener\">Governo de Minas<\/a>. O an\u00fancio \u00e9 feito pelo vice-governador Mateus Sim\u00f5es em Sabar\u00e1, onde o Estado entregou mais 24 ve\u00edculos nesta segunda-feira (24\/3). A entrega dos \u00f4nibus para as linhas metropolitanas come\u00e7ou em dezembro do ano passado.<\/p>\n<div class=\"clear \">\n<p>Al\u00e9m de Sabar\u00e1, esses novos \u00f4nibus atender\u00e3o Santa Luzia, Taquara\u00e7u de Minas, Nova Uni\u00e3o e Caet\u00e9, garantindo mais conforto e seguran\u00e7a para os usu\u00e1rios. Com essa entrega, o Estado se aproxima do total de 850 previstos no processo de moderniza\u00e7\u00e3o da frota.<\/p>\n<p>A aquisi\u00e7\u00e3o faz parte do acordo firmado em setembro de 2024 junto ao Minist\u00e9rio P\u00fablico de Minas Gerais (MPMG) e ao Tribunal de Contas do Estado (TCE-MG), com a intermedia\u00e7\u00e3o da\u00a0<a href=\"http:\/\/www.infraestrutura.mg.gov.br\/\" target=\"_blank\" rel=\"noopener\">Secretaria de Estado de Infraestrutura, Mobilidade e Parcerias (Seinfra)<\/a>, da\u00a0<a href=\"https:\/\/www.cge.mg.gov.br\/\" target=\"_blank\" rel=\"noopener\">Controladoria-Geral do Estado (CGE-MG)<\/a>\u00a0e da\u00a0<a href=\"https:\/\/advocaciageral.mg.gov.br\/\" target=\"_blank\" rel=\"noopener\">Advocacia-Geral do Estado (AGE-MG)<\/a>. A entrega dos \u00f4nibus para as linhas metropolitanas come\u00e7ou em dezembro do ano passado.<\/p>\n<table border=\"0\" cellspacing=\"1\" cellpadding=\"1\" align=\"center\">\n<tbody>\n<tr>\n<td colspan=\"5\"><img decoding=\"async\" src=\"https:\/\/www.agenciaminas.mg.gov.br\/ckeditor_assets\/pictures\/20949\/content_2_olho_topo.jpg\" alt=\"\" \/><\/td>\n<\/tr>\n<tr>\n<td><\/td>\n<td colspan=\"3\" rowspan=\"3\">\n<h1><strong>\u200b&#8221;Estamos entregando mais 24 \u00f4nibus da renova\u00e7\u00e3o da frota do transporte metropolitano e, com isso, ultrapassamos 500 \u00f4nibus que j\u00e1 foram trocados. Sabar\u00e1 \u00e9 simb\u00f3lica para isso, porque a linha mais movimentada do nosso metropolitano \u00e9 a linha Sabar\u00e1-Belo Horizonte, que transporta 10 mil pessoas por dia&#8221;, destacou Mateus Sim\u00f5es.<\/strong><\/h1>\n<\/td>\n<td><\/td>\n<\/tr>\n<tr>\n<td><\/td>\n<td><\/td>\n<\/tr>\n<tr>\n<td><\/td>\n<td><\/td>\n<\/tr>\n<tr>\n<td colspan=\"5\"><img decoding=\"async\" src=\"https:\/\/www.agenciaminas.mg.gov.br\/ckeditor_assets\/pictures\/20950\/content_2_olho_inferior.jpg\" alt=\"\" \/><\/td>\n<\/tr>\n<\/tbody>\n<\/table>\n<p>Para a compra dos 600 novos ve\u00edculos, o Governo do Estado destinou R$ 382 milh\u00f5es, a t\u00edtulo de indeniza\u00e7\u00e3o, para reequilibrar os contratos de transporte coletivo devido aos impactos da pandemia.<\/p>\n<p>Al\u00e9m disso, as concession\u00e1rias que operam na RMBH assumiram o compromisso de adquirir, com recursos pr\u00f3prios, mais 250 \u00f4nibus em 2025, totalizando 850.<\/p>\n<table border=\"0\" cellspacing=\"1\" cellpadding=\"1\" align=\"center\">\n<tbody>\n<tr>\n<td colspan=\"5\"><img decoding=\"async\" src=\"https:\/\/www.agenciaminas.mg.gov.br\/ckeditor_assets\/pictures\/20949\/content_2_olho_topo.jpg\" alt=\"\" \/><\/td>\n<\/tr>\n<tr>\n<td><\/td>\n<td colspan=\"3\" rowspan=\"3\">\n<h1><strong>&#8220;Esse esfor\u00e7o de renova\u00e7\u00e3o da frota metropolitana se soma a v\u00e1rias outras agendas que o governo tem conduzido, como por exemplo, a expans\u00e3o do metr\u00f4 de Belo Horizonte, que hoje \u00e9 uma realidade. As obras nas esta\u00e7\u00f5es, da expans\u00e3o da Linha 1 e da constru\u00e7\u00e3o da Linha 2 est\u00e3o a todo vapor&#8221;, explicou o secret\u00e1rio de Infraestrutura, Mobilidade e Parcerias, Pedro Bruno.<\/strong><\/h1>\n<\/td>\n<td><\/td>\n<\/tr>\n<tr>\n<td><\/td>\n<td><\/td>\n<\/tr>\n<tr>\n<td><\/td>\n<td><\/td>\n<\/tr>\n<tr>\n<td colspan=\"5\"><img decoding=\"async\" src=\"https:\/\/www.agenciaminas.mg.gov.br\/ckeditor_assets\/pictures\/20950\/content_2_olho_inferior.jpg\" alt=\"\" \/><\/td>\n<\/tr>\n<\/tbody>\n<\/table>\n<p>&nbsp;<\/p>\n<figure class=\"image\"><img decoding=\"async\" src=\"https:\/\/www.agenciaminas.mg.gov.br\/ckeditor_assets\/pictures\/22641\/content_img_5117.jpg\" alt=\"\" \/><figcaption><sub><em>Dirceu Aur\u00e9lio \/ Imprensa MG<\/em><\/sub><\/figcaption><\/figure>\n<p><strong>Renova\u00e7\u00e3o da frota<\/strong><\/p>\n<p>Com a chegada dos novos ve\u00edculos, a idade m\u00e9dia da frota metropolitana, composta por 2,4 mil \u00f4nibus, ser\u00e1 reduzida de 11 para seis anos at\u00e9 o final de 2025.<\/p>\n<p>Os \u00f4nibus j\u00e1 entregues est\u00e3o em opera\u00e7\u00e3o em diversos munic\u00edpios da regi\u00e3o metropolitana, como Contagem, Santa Luzia, Vespasiano, Nova Lima, Sabar\u00e1, Betim, Ibirit\u00e9 e Ribeir\u00e3o das Neves.<\/p>\n<p>A aloca\u00e7\u00e3o dos ve\u00edculos entre as 640 linhas metropolitanas foi definida em conjunto com os cons\u00f3rcios e a Seinfra, levando em conta a idade dos \u00f4nibus substitu\u00eddos, o volume de passageiros e o n\u00famero de reclama\u00e7\u00f5es registradas.<\/p>\n<p>Fonte: Ag\u00eancia Minas<\/p>\n<\/div>\n<p>&nbsp;<\/p>\n","protected":false},"excerpt":{"rendered":"<p>A Regi\u00e3o Metropolitana de Belo Horizonte (RMBH) j\u00e1 conta com mais de 500 novos \u00f4nibus entregues pelo Governo de Minas. O an\u00fancio \u00e9 feito pelo vice-governador Mateus Sim\u00f5es em Sabar\u00e1, onde o Estado entregou mais 24 ve\u00edculos nesta segunda-feira (24\/3). A entrega dos \u00f4nibus para as linhas metropolitanas come\u00e7ou em dezembro do ano passado. Al\u00e9m [&hellip;]<\/p>\n","protected":false},"author":246,"featured_media":227396,"comment_status":"closed","ping_status":"closed","sticky":false,"template":"","format":"standard","meta":{"footnotes":""},"categories":[436,261,254,439],"tags":[],"class_list":["post-227395","post","type-post","status-publish","format-standard","has-post-thumbnail","hentry","category-destaque-da-semana","category-economia","category-politica","category-ultima-hora"],"_links":{"self":[{"href":"https:\/\/diarioregionaldigital.com.br\/index.php?rest_route=\/wp\/v2\/posts\/227395","targetHints":{"allow":["GET"]}}],"collection":[{"href":"https:\/\/diarioregionaldigital.com.br\/index.php?rest_route=\/wp\/v2\/posts"}],"about":[{"href":"https:\/\/diarioregionaldigital.com.br\/index.php?rest_route=\/wp\/v2\/types\/post"}],"author":[{"embeddable":true,"href":"https:\/\/diarioregionaldigital.com.br\/index.php?rest_route=\/wp\/v2\/users\/246"}],"replies":[{"embeddable":true,"href":"https:\/\/diarioregionaldigital.com.br\/index.php?rest_route=%2Fwp%2Fv2%2Fcomments&post=227395"}],"version-history":[{"count":2,"href":"https:\/\/diarioregionaldigital.com.br\/index.php?rest_route=\/wp\/v2\/posts\/227395\/revisions"}],"predecessor-version":[{"id":227398,"href":"https:\/\/diarioregionaldigital.com.br\/index.php?rest_route=\/wp\/v2\/posts\/227395\/revisions\/227398"}],"wp:featuredmedia":[{"embeddable":true,"href":"https:\/\/diarioregionaldigital.com.br\/index.php?rest_route=\/wp\/v2\/media\/227396"}],"wp:attachment":[{"href":"https:\/\/diarioregionaldigital.com.br\/index.php?rest_route=%2Fwp%2Fv2%2Fmedia&parent=227395"}],"wp:term":[{"taxonomy":"category","embeddable":true,"href":"https:\/\/diarioregionaldigital.com.br\/index.php?rest_route=%2Fwp%2Fv2%2Fcategories&post=227395"},{"taxonomy":"post_tag","embeddable":true,"href":"https:\/\/diarioregionaldigital.com.br\/index.php?rest_route=%2Fwp%2Fv2%2Ftags&post=227395"}],"curies":[{"name":"wp","href":"https:\/\/api.w.org\/{rel}","templated":true}]}}