{"id":227389,"date":"2025-03-24T20:24:53","date_gmt":"2025-03-24T23:24:53","guid":{"rendered":"https:\/\/diarioregionaldigital.com.br\/?p=227389"},"modified":"2025-03-24T20:24:53","modified_gmt":"2025-03-24T23:24:53","slug":"em-sao-paulo-governador-de-minas-gerais-participa-de-discussao-sobre-desenvolvimento-do-brasil-e-apresenta-o-trilhas-de-futuro","status":"publish","type":"post","link":"https:\/\/diarioregionaldigital.com.br\/?p=227389","title":{"rendered":"Em S\u00e3o Paulo, governador de Minas Gerais participa de discuss\u00e3o sobre desenvolvimento do Brasil e apresenta o Trilhas de Futuro"},"content":{"rendered":"<p><main class=\"clear margin-md-bottom-3\"><\/p>\n<div class=\"clear \">\n<p>O governador Romeu Zema participou, nesta segunda-feira (24\/3), em S\u00e3o Paulo, do evento Rumos 2025, iniciativa do jornal Valor Econ\u00f4mico que reuniu\u00a0ao longo do dia autoridades, especialistas e empres\u00e1rios.<\/p>\n<p>Entre os governadores brasileiros, tamb\u00e9m participaram o do Par\u00e1, Helder Barbalho, e do Rio de Janeiro, Cl\u00e1udio Castro. Os ministros Fernando Haddad e Ricardo Lewandowski tamb\u00e9m ministraram palestras.<\/p>\n<p>O objetivo do evento \u00e9 discutir os caminhos e expectativas para o desenvolvimento do Brasil, trazendo abordagens sobre os impactos das quest\u00f5es fiscais, contas p\u00fablicas e mudan\u00e7as clim\u00e1ticas no futuro socioecon\u00f4mico do pa\u00eds.<\/p>\n<p>Em sua apresenta\u00e7\u00e3o, o governador mostrou exemplos positivos de controle de gastos p\u00fablicos e atra\u00e7\u00e3o de investimentos, apesar de ter encontrado as contas p\u00fablicas ca\u00f3ticas quando assumiu, em 2019.<\/p>\n<p>&#8220;N\u00e3o acredito em milagre, nem em receitas heterodoxas. O que fizemos foi seguir um manual de boas pr\u00e1ticas, reduzir o tamanho do Estado para engrandecer o mineiro, e esse processo continua&#8221;, disse, citando a mudan\u00e7a de cen\u00e1rio de d\u00e9ficit de R$ 11,2 bilh\u00f5es em 2018, para um super\u00e1vit de R$ 5,179 bilh\u00f5es em 2024.<\/p>\n<p>Romeu Zema tamb\u00e9m lembrou que os esfor\u00e7os constantes fizeram com que o \u00edndice de Despesas com Pessoal ficasse em 48,8%, abaixo do limite m\u00e1ximo da Lei de Responsabilidade Fiscal (LRF), que \u00e9 49%. Em 2018, esse percentual no Estado era de 66,7%.<\/p>\n<p>&#8220;O estado resgatou credibilidade e voltou a atrair empreendedores privados, coisa que n\u00e3o acontecia&#8221;, refor\u00e7ou. Em Minas Gerais, desde 2019, foram mais de R$ 460 bilh\u00f5es em atra\u00e7\u00e3o de investimentos privados, sendo gerados mais de 240 mil empregos diretos. O governador tamb\u00e9m lembrou que, nos \u00faltimos seis anos, foram criadas cerca de 900 mil vagas de trabalho com carteira assinada, de acordo com o Cadastro Geral de Empregados e Desempregados (Caged).<\/p>\n<p><strong>Qualifica\u00e7\u00e3o<\/strong><\/p>\n<p>Iniciativa inovadora, o\u00a0<a href=\"https:\/\/www.trilhasdefuturo.mg.gov.br\/\" target=\"_blank\" rel=\"noopener\">Trilhas de Futuro<\/a>\u00a0tamb\u00e9m foi abordado. Zema refor\u00e7ou que esse \u00e9 o maior programa de capacita\u00e7\u00e3o profissional do Brasil, alinhado com as necessidades do mercado, com o objetivo de suprir demandas espec\u00edficas por m\u00e3o de obra qualificada.<\/p>\n<p>Na quinta edi\u00e7\u00e3o, foram disponibilizadas mais de 50 mil vagas em mais de 130 munic\u00edpios, com a participa\u00e7\u00e3o de mais de 150 institui\u00e7\u00f5es de ensino t\u00e9cnico. Foram investidos R$ 1,5 bilh\u00e3o desde o lan\u00e7amento do programa, em 2021. O Trilhas j\u00e1 formou mais de 65 mil profissionais e conta atualmente com 67 mil estudantes em forma\u00e7\u00e3o.<\/p>\n<p>A iniciativa do Vale do L\u00edtio, projeto socioecon\u00f4mico do\u00a0<a href=\"https:\/\/www.mg.gov.br\/\" target=\"_blank\" rel=\"noopener\">Governo de Minas<\/a>\u00a0que busca gerar transforma\u00e7\u00e3o econ\u00f4mica e social para o Vale do Jequitinhonha e Norte de Minas, regi\u00f5es com os menores \u00cdndice de Desenvolvimento Humano (IDH) do estado, tamb\u00e9m foi citado como exemplo de atra\u00e7\u00e3o de investimentos verdes.<\/p>\n<p>S\u00e3o mais de R$ 5 bilh\u00f5es em investimentos privados atra\u00eddos. &#8220;Al\u00e9m disso, n\u00f3s temos em Minas o a\u00e7o verde. Em Ouro Branco, em Ipatinga, as maiores sider\u00fargicas utilizam o carv\u00e3o vegetal&#8221;, lembrou.<\/p>\n<p>Para garantir atra\u00e7\u00e3o de investimentos recorde, o governador Romeu Zema frisou a import\u00e2ncia de um estado seguro. A atual gest\u00e3o conseguiu reduzir em mais da metade as estat\u00edsticas de criminalidade violenta nos \u00faltimos anos. Os registros sa\u00edram de mais de 69 mil, em 2019, para 32 mil, em 2024.<\/p>\n<p>&#8220;O que n\u00f3s estamos seguindo \u00e9 a regra do liberalismo: vida, propriedade privada e liberdade de express\u00e3o&#8221;, refor\u00e7ou.<\/p>\n<p>Fonte: Ag\u00eancia Minas<\/p>\n<\/div>\n<p><\/main><\/p>\n","protected":false},"excerpt":{"rendered":"<p>O governador Romeu Zema participou, nesta segunda-feira (24\/3), em S\u00e3o Paulo, do evento Rumos 2025, iniciativa do jornal Valor Econ\u00f4mico que reuniu\u00a0ao longo do dia autoridades, especialistas e empres\u00e1rios. Entre os governadores brasileiros, tamb\u00e9m participaram o do Par\u00e1, Helder Barbalho, e do Rio de Janeiro, Cl\u00e1udio Castro. Os ministros Fernando Haddad e Ricardo Lewandowski tamb\u00e9m [&hellip;]<\/p>\n","protected":false},"author":246,"featured_media":227390,"comment_status":"closed","ping_status":"closed","sticky":false,"template":"","format":"standard","meta":{"footnotes":""},"categories":[436,440,261,254,439],"tags":[],"class_list":["post-227389","post","type-post","status-publish","format-standard","has-post-thumbnail","hentry","category-destaque-da-semana","category-destaques-do-dia","category-economia","category-politica","category-ultima-hora"],"_links":{"self":[{"href":"https:\/\/diarioregionaldigital.com.br\/index.php?rest_route=\/wp\/v2\/posts\/227389","targetHints":{"allow":["GET"]}}],"collection":[{"href":"https:\/\/diarioregionaldigital.com.br\/index.php?rest_route=\/wp\/v2\/posts"}],"about":[{"href":"https:\/\/diarioregionaldigital.com.br\/index.php?rest_route=\/wp\/v2\/types\/post"}],"author":[{"embeddable":true,"href":"https:\/\/diarioregionaldigital.com.br\/index.php?rest_route=\/wp\/v2\/users\/246"}],"replies":[{"embeddable":true,"href":"https:\/\/diarioregionaldigital.com.br\/index.php?rest_route=%2Fwp%2Fv2%2Fcomments&post=227389"}],"version-history":[{"count":1,"href":"https:\/\/diarioregionaldigital.com.br\/index.php?rest_route=\/wp\/v2\/posts\/227389\/revisions"}],"predecessor-version":[{"id":227391,"href":"https:\/\/diarioregionaldigital.com.br\/index.php?rest_route=\/wp\/v2\/posts\/227389\/revisions\/227391"}],"wp:featuredmedia":[{"embeddable":true,"href":"https:\/\/diarioregionaldigital.com.br\/index.php?rest_route=\/wp\/v2\/media\/227390"}],"wp:attachment":[{"href":"https:\/\/diarioregionaldigital.com.br\/index.php?rest_route=%2Fwp%2Fv2%2Fmedia&parent=227389"}],"wp:term":[{"taxonomy":"category","embeddable":true,"href":"https:\/\/diarioregionaldigital.com.br\/index.php?rest_route=%2Fwp%2Fv2%2Fcategories&post=227389"},{"taxonomy":"post_tag","embeddable":true,"href":"https:\/\/diarioregionaldigital.com.br\/index.php?rest_route=%2Fwp%2Fv2%2Ftags&post=227389"}],"curies":[{"name":"wp","href":"https:\/\/api.w.org\/{rel}","templated":true}]}}