{"id":227330,"date":"2025-03-19T20:36:21","date_gmt":"2025-03-19T23:36:21","guid":{"rendered":"https:\/\/diarioregionaldigital.com.br\/?p=227330"},"modified":"2025-03-19T20:36:21","modified_gmt":"2025-03-19T23:36:21","slug":"interessados-em-anunciar-no-mercado-municipal-tem-ate-terca-25-para-participar-do-edital-de-patrocinio","status":"publish","type":"post","link":"https:\/\/diarioregionaldigital.com.br\/?p=227330","title":{"rendered":"Interessados em anunciar no Mercado Municipal t\u00eam at\u00e9 ter\u00e7a, 25 para participar do Edital de Patroc\u00ednio"},"content":{"rendered":"<p>Segundo informa\u00e7\u00f5es do site da Prefeitura de Juiz de Fora (PJF), o\u00a0<a href=\"https:\/\/www.pjf.mg.gov.br\/secretarias\/seapa\/mercado-municipal\/edital-patrocinio-mercado-municipal.pdf\">edital de patroc\u00ednio<\/a>\u00a0para veicula\u00e7\u00e3o de pe\u00e7as publicit\u00e1rias em espa\u00e7os do novo Mercado Municipal de Juiz de Fora, visando \u00e0 promo\u00e7\u00e3o de marcas, produtos e\/ou servi\u00e7os, segue dispon\u00edvel aos interessados. As propostas devem ser enviadas at\u00e9 ter\u00e7a-feira, 25, por meio do e-mail\u00a0comunicacaoseapa@pjf.mg.gov.br.<\/p>\n<p>Poder\u00e3o participar pessoas f\u00edsicas ou jur\u00eddicas, previamente cadastradas no credenciamento da Secretaria de Comunica\u00e7\u00e3o P\u00fablica (SECOM), pelo\u00a0<a href=\"http:\/\/pjfpatrocinio.pjf.mg.gov.br\/\">link<\/a>:\u00a0<a href=\"https:\/\/pjfpatrocinio.pjf.mg.gov.br\/\">pjfpatrocinio.pjf.mg.gov.br.<\/a>\u00a0As propostas devem ser encaminhadas em envelope \u00fanico com as documenta\u00e7\u00f5es necess\u00e1rias conforme exig\u00eancias do edital.<\/p>\n<p>Neste edital, h\u00e1 um total de 19 espa\u00e7os para veicula\u00e7\u00e3o das pe\u00e7as publicit\u00e1rias, entre eles, paredes internas, elevador, mesas, banheiros, entre outros locais. H\u00e1 a possibilidade do interessado participar em Cota Semestral ou Anual, e pode participar em mais de uma categoria, de acordo com as especifica\u00e7\u00f5es do edital.<\/p>\n<p>O patroc\u00ednio ser\u00e1 enquadrado de acordo com o Plano de Cotas e dar\u00e1 direito, exclusivamente, \u00e0s contrapartidas respectivas de cada cota escolhida pelo patrocinador. Os locais de ativa\u00e7\u00e3o das marcas j\u00e1 est\u00e3o estabelecidos e dispon\u00edveis no\u00a0 \u201cBook M\u00eddia\u201d, como consta no Anexo I do edital.<\/p>\n<p>Com inaugura\u00e7\u00e3o marcada para o dia 10 de abril, anunciar marcas no mercado trar\u00e1 ao empreendedor, associa\u00e7\u00e3o direta \u00e0 identidade mineira e juizforana, fortalecendo o v\u00ednculo emocional de sua marca com as pessoas; acesso a um p\u00fablico diversificado que valoriza produtos e servi\u00e7os locais, exposi\u00e7\u00e3o da marca para visitantes locais e turistas, ampliando, assim, a visibilidade; acesso a um fluxo constante de pessoas devido a localiza\u00e7\u00e3o estrat\u00e9gica do espa\u00e7o, gerando impacto direto na amplia\u00e7\u00e3o das vendas, entre outras vantagens e benef\u00edcios.<\/p>\n<p>&nbsp;<\/p>\n<p>Esclarecimentos sobre o edital podem ser sanados pelo Whatsapp: 32 21048619 ou na sede da Secretaria de Agricultura, Pecu\u00e1ria e Seguran\u00e7a Alimentar (Seapa).<\/p>\n","protected":false},"excerpt":{"rendered":"<p>Segundo informa\u00e7\u00f5es do site da Prefeitura de Juiz de Fora (PJF), o\u00a0edital de patroc\u00ednio\u00a0para veicula\u00e7\u00e3o de pe\u00e7as publicit\u00e1rias em espa\u00e7os do novo Mercado Municipal de Juiz de Fora, visando \u00e0 promo\u00e7\u00e3o de marcas, produtos e\/ou servi\u00e7os, segue dispon\u00edvel aos interessados. As propostas devem ser enviadas at\u00e9 ter\u00e7a-feira, 25, por meio do e-mail\u00a0comunicacaoseapa@pjf.mg.gov.br. Poder\u00e3o participar pessoas [&hellip;]<\/p>\n","protected":false},"author":246,"featured_media":227331,"comment_status":"closed","ping_status":"closed","sticky":false,"template":"","format":"standard","meta":{"footnotes":""},"categories":[253,436,440,439],"tags":[],"class_list":["post-227330","post","type-post","status-publish","format-standard","has-post-thumbnail","hentry","category-cidade","category-destaque-da-semana","category-destaques-do-dia","category-ultima-hora"],"_links":{"self":[{"href":"https:\/\/diarioregionaldigital.com.br\/index.php?rest_route=\/wp\/v2\/posts\/227330","targetHints":{"allow":["GET"]}}],"collection":[{"href":"https:\/\/diarioregionaldigital.com.br\/index.php?rest_route=\/wp\/v2\/posts"}],"about":[{"href":"https:\/\/diarioregionaldigital.com.br\/index.php?rest_route=\/wp\/v2\/types\/post"}],"author":[{"embeddable":true,"href":"https:\/\/diarioregionaldigital.com.br\/index.php?rest_route=\/wp\/v2\/users\/246"}],"replies":[{"embeddable":true,"href":"https:\/\/diarioregionaldigital.com.br\/index.php?rest_route=%2Fwp%2Fv2%2Fcomments&post=227330"}],"version-history":[{"count":1,"href":"https:\/\/diarioregionaldigital.com.br\/index.php?rest_route=\/wp\/v2\/posts\/227330\/revisions"}],"predecessor-version":[{"id":227332,"href":"https:\/\/diarioregionaldigital.com.br\/index.php?rest_route=\/wp\/v2\/posts\/227330\/revisions\/227332"}],"wp:featuredmedia":[{"embeddable":true,"href":"https:\/\/diarioregionaldigital.com.br\/index.php?rest_route=\/wp\/v2\/media\/227331"}],"wp:attachment":[{"href":"https:\/\/diarioregionaldigital.com.br\/index.php?rest_route=%2Fwp%2Fv2%2Fmedia&parent=227330"}],"wp:term":[{"taxonomy":"category","embeddable":true,"href":"https:\/\/diarioregionaldigital.com.br\/index.php?rest_route=%2Fwp%2Fv2%2Fcategories&post=227330"},{"taxonomy":"post_tag","embeddable":true,"href":"https:\/\/diarioregionaldigital.com.br\/index.php?rest_route=%2Fwp%2Fv2%2Ftags&post=227330"}],"curies":[{"name":"wp","href":"https:\/\/api.w.org\/{rel}","templated":true}]}}