{"id":227323,"date":"2025-03-19T20:30:50","date_gmt":"2025-03-19T23:30:50","guid":{"rendered":"https:\/\/diarioregionaldigital.com.br\/?p=227323"},"modified":"2025-03-19T20:30:50","modified_gmt":"2025-03-19T23:30:50","slug":"governo-de-minas-lanca-acao-para-regularizacao-ambiental-de-imoveis-rurais-em-parceria-com-o-setor-produtivo","status":"publish","type":"post","link":"https:\/\/diarioregionaldigital.com.br\/?p=227323","title":{"rendered":"Governo de Minas lan\u00e7a a\u00e7\u00e3o para regulariza\u00e7\u00e3o ambiental de im\u00f3veis rurais em parceria com o setor produtivo"},"content":{"rendered":"<p>O\u00a0<a href=\"https:\/\/www.mg.gov.br\/\" target=\"_blank\" rel=\"noopener\">Governo de Minas<\/a>\u00a0lan\u00e7ou, nesta quarta-feira (19\/3), o programa Alian\u00e7a Pela Restaura\u00e7\u00e3o, iniciativa que estimula o setor produtivo a promover a recupera\u00e7\u00e3o de \u00e1reas degradadas em pequenas propriedades rurais.<\/p>\n<p>A a\u00e7\u00e3o quer promover a gest\u00e3o territorial ambiental em regi\u00f5es estrat\u00e9gicas do estado, buscando a regulariza\u00e7\u00e3o ambiental de im\u00f3veis rurais, resultado de um esfor\u00e7o conjunto entre o Estado, por meio da\u00a0<a href=\"https:\/\/meioambiente.mg.gov.br\/\" target=\"_blank\" rel=\"noopener\">Secretaria de Estado de Meio Ambiente e Desenvolvimento Sustent\u00e1vel (Semad)<\/a>\u00a0e o\u00a0<a href=\"https:\/\/www.ief.mg.gov.br\/\" target=\"_blank\" rel=\"noopener\">Instituto Estadual de Florestas (IEF)<\/a>; Federa\u00e7\u00e3o das Ind\u00fastrias do Estado de Minas Gerais (Fiemg); Federa\u00e7\u00e3o da Agricultura e Pecu\u00e1ria do Estado de Minas Gerais (Faemg) e empresas.<\/p>\n<p>O an\u00fancio foi feito pelo vice-governador Mateus Sim\u00f5es\u00a0na sede da Fiemg, em Belo Horizonte.\u00a0 A expectativa \u00e9 que mais de 13 mil propriedades sejam beneficiadas, com a regulariza\u00e7\u00e3o de mais de 26 mil hectares, contribuindo para a recupera\u00e7\u00e3o e restaura\u00e7\u00e3o de ecossistemas.<\/p>\n<p>\u201cTivemos a alegria de poder anunciar hoje a nossa Alian\u00e7a pela Restaura\u00e7\u00e3o, um esfor\u00e7o in\u00e9dito em que convidamos as 30 maiores empresas do estado para que assumam a regulariza\u00e7\u00e3o da restaura\u00e7\u00e3o florestal do seu entorno numa parceria conosco e com as federa\u00e7\u00f5es, com apoio nosso do governo, para garantir que cada um dos pequenos propriet\u00e1rios, possam recuperar as suas propriedades rurais&#8221;, disse o vice-governador.<\/p>\n<p>Ele tamb\u00e9m\u00a0destacou o compromisso do Estado com a preserva\u00e7\u00e3o dos recursos naturais de Minas e o empenho da atual gest\u00e3o em promover a sustentabilidade e a recupera\u00e7\u00e3o ambiental no estado, com a colabora\u00e7\u00e3o do setor produtivo. &#8220;O desafio \u00e9 grande, mas Minas est\u00e1 muito na frente\u00a0em dire\u00e7\u00e3o ao carbono zero. \u00c9 o \u00fanico estado brasileiro com o plano de a\u00e7\u00e3o clim\u00e1tica j\u00e1 aprovado e em implementa\u00e7\u00e3o com metas j\u00e1 estabelecidas, com planos de a\u00e7\u00e3o para cada um dos eixos de descarboniza\u00e7\u00e3o na economia&#8221;, afirmou o vice-governador.<\/p>\n<table border=\"0\" cellspacing=\"1\" cellpadding=\"1\" align=\"center\">\n<tbody>\n<tr>\n<td colspan=\"5\"><img decoding=\"async\" src=\"https:\/\/www.agenciaminas.mg.gov.br\/ckeditor_assets\/pictures\/20949\/content_2_olho_topo.jpg\" alt=\"\" \/><\/td>\n<\/tr>\n<tr>\n<td><\/td>\n<td colspan=\"3\" rowspan=\"3\">\n<h1><strong>&#8220;Estou muito otimista que esse esfor\u00e7o conjunto v\u00e1 significar a realiza\u00e7\u00e3o efetivamente de uma pol\u00edtica de produ\u00e7\u00e3o aliada ao meio ambiente. Reconhecemos a import\u00e2ncia dessa a\u00e7\u00e3o e vemos mais do que isso:\u00a0oportunidade econ\u00f4mica para nossos agricultores e industriais produzirem uma economia cada vez mais verde&#8221;, ressaltou\u00a0Mateus Sim\u00f5es.<\/strong><\/h1>\n<\/td>\n<td><\/td>\n<\/tr>\n<tr>\n<td><\/td>\n<td><\/td>\n<\/tr>\n<tr>\n<td><\/td>\n<td><\/td>\n<\/tr>\n<tr>\n<td colspan=\"5\"><img decoding=\"async\" src=\"https:\/\/www.agenciaminas.mg.gov.br\/ckeditor_assets\/pictures\/20950\/content_2_olho_inferior.jpg\" alt=\"\" \/><\/td>\n<\/tr>\n<\/tbody>\n<\/table>\n<p>&nbsp;<\/p>\n<p><strong>Benef\u00edcios<\/strong><\/p>\n<p>O Alian\u00e7a pela Restaura\u00e7\u00e3o tem como objetivo n\u00e3o apenas regularizar passivos ambientais &#8211; danos causados ao meio ambiente por um empreendimento ou atividade, que ainda n\u00e3o foram reparados -, mas tamb\u00e9m contribuir para a redu\u00e7\u00e3o das emiss\u00f5es de gases de efeito estufa, a restaura\u00e7\u00e3o de ecossistemas e a melhoria das pr\u00e1ticas agr\u00edcolas.<\/p>\n<p>Alinhado aos Objetivos de Desenvolvimento Sustent\u00e1vel (ODS) e aos princ\u00edpios ESG (Ambiental, Social e Governan\u00e7a), o programa visa apoiar as metas de neutralidade de carbono do Plano de A\u00e7\u00e3o Clim\u00e1tica (Plac) e da campanha internacional Race to Zero, \u00e0 qual o setor produtivo tamb\u00e9m \u00e9 signat\u00e1rio.<\/p>\n<p><strong>Parceria<\/strong><\/p>\n<p>A implementa\u00e7\u00e3o do programa \u00e9 facilitada por um levantamento estrat\u00e9gico realizado pelo Sistema Estadual de Meio Ambiente e Recursos H\u00eddricos (Sisema), que analisou 64 empreendimentos de 32 empresas, identificando \u00e1reas priorit\u00e1rias para a\u00e7\u00f5es de regulariza\u00e7\u00e3o.<\/p>\n<p>O levantamento destacou que 53 empreendimentos est\u00e3o localizados na Mata Atl\u00e2ntica e 11 no Cerrado, com im\u00f3veis rurais com passivos ambientais localizados a dist\u00e2ncias estrat\u00e9gicas dessas \u00e1reas.<\/p>\n<p>A secretaria de Estado do Meio Ambiente, Mar\u00edlia Melo, ressaltou que o Alian\u00e7a pela Restaura\u00e7\u00e3o \u00e9 uma das estrat\u00e9gias para alcan\u00e7ar o objetivo de implementa\u00e7\u00e3o do C\u00f3digo Florestal Brasileiro em Minas Gerais e a neutralidade das emiss\u00f5es de gases de efeito estufa at\u00e9 2050.<\/p>\n<p>&nbsp;<\/p>\n<table border=\"0\" cellspacing=\"1\" cellpadding=\"1\" align=\"center\">\n<tbody>\n<tr>\n<td colspan=\"5\"><img decoding=\"async\" src=\"https:\/\/www.agenciaminas.mg.gov.br\/ckeditor_assets\/pictures\/20949\/content_2_olho_topo.jpg\" alt=\"\" \/><\/td>\n<\/tr>\n<tr>\n<td><\/td>\n<td colspan=\"3\" rowspan=\"3\">\n<h1><strong>&#8220;\u00c9\u00a0uma a\u00e7\u00e3o pr\u00e1tica de restaura\u00e7\u00e3o florestal em Minas, e ele \u00e9 importante porque n\u00f3s n\u00e3o conseguimos avan\u00e7ar em resultados efetivos sem o apoio dos setores produtivos e dos pequenos produtores. \u00c9 um programa de responsabilidade socioambiental&#8221;, enfatizou Mar\u00edlia Melo.<\/strong><\/h1>\n<\/td>\n<td><\/td>\n<\/tr>\n<tr>\n<td><\/td>\n<td><\/td>\n<\/tr>\n<tr>\n<td><\/td>\n<td><\/td>\n<\/tr>\n<tr>\n<td colspan=\"5\"><img decoding=\"async\" src=\"https:\/\/www.agenciaminas.mg.gov.br\/ckeditor_assets\/pictures\/20950\/content_2_olho_inferior.jpg\" alt=\"\" \/><\/td>\n<\/tr>\n<\/tbody>\n<\/table>\n<p>&nbsp;<\/p>\n<p><strong>Apoio \u00e0s empresas<\/strong><\/p>\n<p>O programa busca envolver o setor produtivo na regulariza\u00e7\u00e3o ambiental de im\u00f3veis rurais, alinhando as a\u00e7\u00f5es com as estrat\u00e9gias corporativas de sustentabilidade e governan\u00e7a. As empresas participantes receberam um documento com informa\u00e7\u00f5es sobre os im\u00f3veis rurais que necessitam de adequa\u00e7\u00f5es ambientais, orientando-as sobre como integrar essas a\u00e7\u00f5es em suas opera\u00e7\u00f5es.<\/p>\n<p>\u201cAcredito que essa \u00e9 uma iniciativa\u00a0que, mais uma vez, mostra a determina\u00e7\u00e3o do setor produtivo, principalmente na ind\u00fastria, em cumprir n\u00e3o somente com suas obriga\u00e7\u00f5es ambientais, mas estar \u00e0 frente,\u00a0\u00a0mostrando de maneira muito clara seu compromisso ineg\u00e1vel com o desenvolvimento sustent\u00e1vel de\u00a0Minas Gerais\u201d, lembrou o presidente da Fiemg, Fl\u00e1vio Roscoe.<\/p>\n<p>A Faemg ser\u00e1 respons\u00e1vel pela operacionaliza\u00e7\u00e3o do programa, assegurando a execu\u00e7\u00e3o eficiente das a\u00e7\u00f5es de regulariza\u00e7\u00e3o.\u00a0O presidente da federa\u00e7\u00e3o, Ant\u00f4nio de Salvo, destacou a import\u00e2ncia da iniciativa para os pequenos produtores rurais, que mais necessitam de apoio, promovendo o crescimento com sustentabilidade. \u201cO agricultor no vermelho, n\u00e3o pensa no verde. N\u00f3s n\u00e3o queremos isso. Queremos os dois no verde para continuarmos com a garantia de um Brasil e uma Minas melhor\u201d, pontuou.<\/p>\n<p>Fonte: Ag\u00eancia Minas<\/p>\n","protected":false},"excerpt":{"rendered":"<p>O\u00a0Governo de Minas\u00a0lan\u00e7ou, nesta quarta-feira (19\/3), o programa Alian\u00e7a Pela Restaura\u00e7\u00e3o, iniciativa que estimula o setor produtivo a promover a recupera\u00e7\u00e3o de \u00e1reas degradadas em pequenas propriedades rurais. A a\u00e7\u00e3o quer promover a gest\u00e3o territorial ambiental em regi\u00f5es estrat\u00e9gicas do estado, buscando a regulariza\u00e7\u00e3o ambiental de im\u00f3veis rurais, resultado de um esfor\u00e7o conjunto entre o [&hellip;]<\/p>\n","protected":false},"author":246,"featured_media":227324,"comment_status":"closed","ping_status":"closed","sticky":false,"template":"","format":"standard","meta":{"footnotes":""},"categories":[436,261,254,439],"tags":[],"class_list":["post-227323","post","type-post","status-publish","format-standard","has-post-thumbnail","hentry","category-destaque-da-semana","category-economia","category-politica","category-ultima-hora"],"_links":{"self":[{"href":"https:\/\/diarioregionaldigital.com.br\/index.php?rest_route=\/wp\/v2\/posts\/227323","targetHints":{"allow":["GET"]}}],"collection":[{"href":"https:\/\/diarioregionaldigital.com.br\/index.php?rest_route=\/wp\/v2\/posts"}],"about":[{"href":"https:\/\/diarioregionaldigital.com.br\/index.php?rest_route=\/wp\/v2\/types\/post"}],"author":[{"embeddable":true,"href":"https:\/\/diarioregionaldigital.com.br\/index.php?rest_route=\/wp\/v2\/users\/246"}],"replies":[{"embeddable":true,"href":"https:\/\/diarioregionaldigital.com.br\/index.php?rest_route=%2Fwp%2Fv2%2Fcomments&post=227323"}],"version-history":[{"count":1,"href":"https:\/\/diarioregionaldigital.com.br\/index.php?rest_route=\/wp\/v2\/posts\/227323\/revisions"}],"predecessor-version":[{"id":227325,"href":"https:\/\/diarioregionaldigital.com.br\/index.php?rest_route=\/wp\/v2\/posts\/227323\/revisions\/227325"}],"wp:featuredmedia":[{"embeddable":true,"href":"https:\/\/diarioregionaldigital.com.br\/index.php?rest_route=\/wp\/v2\/media\/227324"}],"wp:attachment":[{"href":"https:\/\/diarioregionaldigital.com.br\/index.php?rest_route=%2Fwp%2Fv2%2Fmedia&parent=227323"}],"wp:term":[{"taxonomy":"category","embeddable":true,"href":"https:\/\/diarioregionaldigital.com.br\/index.php?rest_route=%2Fwp%2Fv2%2Fcategories&post=227323"},{"taxonomy":"post_tag","embeddable":true,"href":"https:\/\/diarioregionaldigital.com.br\/index.php?rest_route=%2Fwp%2Fv2%2Ftags&post=227323"}],"curies":[{"name":"wp","href":"https:\/\/api.w.org\/{rel}","templated":true}]}}