{"id":227320,"date":"2025-03-19T20:29:13","date_gmt":"2025-03-19T23:29:13","guid":{"rendered":"https:\/\/diarioregionaldigital.com.br\/?p=227320"},"modified":"2025-03-19T20:29:13","modified_gmt":"2025-03-19T23:29:13","slug":"em-sao-paulo-governador-apresenta-potencialidades-de-minas-para-o-setor-produtivo","status":"publish","type":"post","link":"https:\/\/diarioregionaldigital.com.br\/?p=227320","title":{"rendered":"Em S\u00e3o Paulo, governador apresenta potencialidades de Minas para o setor produtivo"},"content":{"rendered":"<p>O governador Romeu Zema apresentou, em encontros com representantes do setor produtivo em S\u00e3o Paulo (SP), na ter\u00e7a (18\/3) e nesta quarta-feira (19\/3), os avan\u00e7os realizados em Minas Gerais nos \u00faltimos anos que tornam o estado um dos melhores para se investir no Brasil.<\/p>\n<p>O chefe do Executivo estadual se reuniu com diretorias de empresas, representantes do setor cafeeiro e conheceu o trabalho de uma aceleradora.<\/p>\n<p>\u201cTivemos reuni\u00f5es muito produtivas aqui em S\u00e3o Paulo. Estivemos na Dinastia, uma aceleradora de neg\u00f3cios que pode contribuir com nosso estado, apoiando empreendedores mineiros. Tamb\u00e9m nos reunimos com o Conselho dos Exportadores de Caf\u00e9. Lembrando que, ano passado, pela primeira vez na hist\u00f3ria, Minas exportou mais produtos do agro do que min\u00e9rio, e o caf\u00e9 \u00e9 um dos principais destaques nessa exporta\u00e7\u00e3o\u201d, relatou o governador.<\/p>\n<p>\u201cAinda tivemos reuni\u00f5es com duas grandes empresas: a Nestl\u00e9, que est\u00e1 ampliando as suas unidades em Minas Gerais, e com a Novo Nordisk, que tem hoje um grande investimento em Montes Claros\u201d, detalhou Romeu Zema.<\/p>\n<p>Integraram a comitiva do governador em S\u00e3o Paulo o secret\u00e1rio de Estado de Comunica\u00e7\u00e3o Social, Bernardo Santos, e a secret\u00e1ria de Estado de\u00a0<a href=\"https:\/\/desenvolvimento.mg.gov.br\/\" target=\"_blank\" rel=\"noopener\">Desenvolvimento Econ\u00f4mico<\/a>, Mila Corr\u00eaa da Costa.<\/p>\n<p><strong>Ind\u00fastrias<\/strong><\/p>\n<p>Dentre os compromissos realizados na cidade de S\u00e3o Paulo, o governador esteve reunido com as diretorias da Nestl\u00e9 e Novo Nordisk, empresas multinacionais que investem em Minas Gerais gerando emprego e renda e que pretendem ampliar sua presen\u00e7a em territ\u00f3rio mineiro.<\/p>\n<p>A Nestl\u00e9 possui no estado cinco f\u00e1bricas localizadas nas cidades de Montes Claros, Ituiutaba, Ibi\u00e1 e Extrema, onde s\u00e3o fabricados importantes produtos da empresa como o Leite Ninho, Nescaf\u00e9, Leite Mo\u00e7a e chocolates da marca Kopenhagen.<\/p>\n<p>J\u00e1 o Novo Nordisk, do ramo farmac\u00eautico, est\u00e1 instalada em Monte Claros, no Norte de Minas, onde construiu a maior f\u00e1brica de insulina do Brasil e da Am\u00e9rica Latina. Ela \u00e9 respons\u00e1vel por 25% da insulina produzida mundialmente pela empresa, que representa cerca de 12% da insulina consumida em todo o mundo.<\/p>\n<p><strong>Encontro com Exportadores de Caf\u00e9<\/strong><\/p>\n<p>Na tarde de ter\u00e7a-feira (18\/3), Romeu Zema se encontrou com membros do Cecaf\u00e9 e empres\u00e1rios das entidades mais representativas do setor no pa\u00eds. Na ocasi\u00e3o, o governador apresentou os principais n\u00fameros do agro em Minas, que a cada ano vem se destacando e alcan\u00e7ando grande import\u00e2ncia na balan\u00e7a comercial do Estado, puxado tamb\u00e9m pelo aumento da produ\u00e7\u00e3o e exporta\u00e7\u00e3o do caf\u00e9 mineiro.<\/p>\n<p><strong>Empreendedorismo<\/strong><\/p>\n<p>Pela manh\u00e3, o chefe do Executivo mineiro esteve na empresa Dinastia Aceleradora de Neg\u00f3cios, especializada em consultoria e gest\u00e3o empresarial comandada pela empreendedora Carol Paiffer.<\/p>\n<p>O governador conheceu o trabalho de acelera\u00e7\u00e3o de neg\u00f3cios desenvolvido pela Dinastia, que auxilia o empreendedor fornecendo recursos, conhecimento e suporte personalizado para ajudar a alcan\u00e7ar seu pr\u00f3prio sucesso.<\/p>\n<p>Atualmente, a Dinastia conta com mais de 80 empresas aceleradas, sendo grande parte vindas do programa Shark Tank Brasil.<\/p>\n<p>Ainda na capital paulista o governador participou das comemora\u00e7\u00f5es dos cinco anos da CNN Brasil, na segunda-feira (17\/3). O canal de not\u00edcias \u00e9 licenciado da marca CNN e estreou no pa\u00eds em mar\u00e7o de 2020.<\/p>\n<p>Fonte: Ag\u00eancia Minas<\/p>\n","protected":false},"excerpt":{"rendered":"<p>O governador Romeu Zema apresentou, em encontros com representantes do setor produtivo em S\u00e3o Paulo (SP), na ter\u00e7a (18\/3) e nesta quarta-feira (19\/3), os avan\u00e7os realizados em Minas Gerais nos \u00faltimos anos que tornam o estado um dos melhores para se investir no Brasil. O chefe do Executivo estadual se reuniu com diretorias de empresas, [&hellip;]<\/p>\n","protected":false},"author":246,"featured_media":227321,"comment_status":"closed","ping_status":"closed","sticky":false,"template":"","format":"standard","meta":{"footnotes":""},"categories":[436,440,261,254,439],"tags":[],"class_list":["post-227320","post","type-post","status-publish","format-standard","has-post-thumbnail","hentry","category-destaque-da-semana","category-destaques-do-dia","category-economia","category-politica","category-ultima-hora"],"_links":{"self":[{"href":"https:\/\/diarioregionaldigital.com.br\/index.php?rest_route=\/wp\/v2\/posts\/227320","targetHints":{"allow":["GET"]}}],"collection":[{"href":"https:\/\/diarioregionaldigital.com.br\/index.php?rest_route=\/wp\/v2\/posts"}],"about":[{"href":"https:\/\/diarioregionaldigital.com.br\/index.php?rest_route=\/wp\/v2\/types\/post"}],"author":[{"embeddable":true,"href":"https:\/\/diarioregionaldigital.com.br\/index.php?rest_route=\/wp\/v2\/users\/246"}],"replies":[{"embeddable":true,"href":"https:\/\/diarioregionaldigital.com.br\/index.php?rest_route=%2Fwp%2Fv2%2Fcomments&post=227320"}],"version-history":[{"count":1,"href":"https:\/\/diarioregionaldigital.com.br\/index.php?rest_route=\/wp\/v2\/posts\/227320\/revisions"}],"predecessor-version":[{"id":227322,"href":"https:\/\/diarioregionaldigital.com.br\/index.php?rest_route=\/wp\/v2\/posts\/227320\/revisions\/227322"}],"wp:featuredmedia":[{"embeddable":true,"href":"https:\/\/diarioregionaldigital.com.br\/index.php?rest_route=\/wp\/v2\/media\/227321"}],"wp:attachment":[{"href":"https:\/\/diarioregionaldigital.com.br\/index.php?rest_route=%2Fwp%2Fv2%2Fmedia&parent=227320"}],"wp:term":[{"taxonomy":"category","embeddable":true,"href":"https:\/\/diarioregionaldigital.com.br\/index.php?rest_route=%2Fwp%2Fv2%2Fcategories&post=227320"},{"taxonomy":"post_tag","embeddable":true,"href":"https:\/\/diarioregionaldigital.com.br\/index.php?rest_route=%2Fwp%2Fv2%2Ftags&post=227320"}],"curies":[{"name":"wp","href":"https:\/\/api.w.org\/{rel}","templated":true}]}}