{"id":227317,"date":"2025-03-19T20:28:00","date_gmt":"2025-03-19T23:28:00","guid":{"rendered":"https:\/\/diarioregionaldigital.com.br\/?p=227317"},"modified":"2025-03-19T20:28:00","modified_gmt":"2025-03-19T23:28:00","slug":"minas-santa-2025-governo-lanca-terceira-edicao-do-programa-que-transforma-o-estado-em-grande-destino-de-fe-arte-e-natureza","status":"publish","type":"post","link":"https:\/\/diarioregionaldigital.com.br\/?p=227317","title":{"rendered":"Minas Santa 2025: Governo lan\u00e7a terceira edi\u00e7\u00e3o do programa que transforma o estado em grande destino de f\u00e9, arte e natureza"},"content":{"rendered":"<p>Para consolidar Minas como principal destino tur\u00edstico brasileiro e convidar mineiros e visitantes a terem experi\u00eancias \u00fanicas durante a Semana Santa, o vice-governador Mateus Sim\u00f5es lan\u00e7ou, nesta quarta-feira (19\/3), a terceira edi\u00e7\u00e3o do programa Minas Santa.<\/p>\n<p>Em evento realizado no Museu Mineiro, o vice-governador detalhou a import\u00e2ncia do Minas Santa como um destino que tamb\u00e9m impulsiona a economia a partir dos roteiros de f\u00e9, sendo alguns deles express\u00f5es centen\u00e1rias da cultura mineira.<\/p>\n<p>O programa apresenta a\u00e7\u00f5es que abrangem os 853 munic\u00edpios e mais de mil distritos. Isso inclui celebra\u00e7\u00f5es cat\u00f3licas, suas prociss\u00f5es e encena\u00e7\u00f5es da Paix\u00e3o de Cristo, passando pela arte e m\u00fasica gospel, at\u00e9 as express\u00f5es culturais afro-mineiras, como a Feitura do Cord\u00e3o de S\u00e3o Francisco do Quilombo Pena Branca, em S\u00e3o Francisco, no Vale do Jequitinhonha, que acontece h\u00e1 mais de 60 anos.<\/p>\n<p>&#8220;S\u00e3o 550 mil visitantes sendo esperados na Semana Santa e R$ 5,5 bilh\u00f5es circulando na economia do turismo religioso. A Semana Santa \u00e9 o nosso per\u00edodo de maior atra\u00e7\u00e3o de visitantes de fora, bate todos os recordes de outros per\u00edodos do ano em Minas Gerais. O que n\u00f3s temos feito \u00e9 organizar o estado para que isso possa se potencializar. Temos seis rotas tur\u00edsticas bem organizadas para poder dar suporte para esse momento\u201d, disse o vice-governador.<\/p>\n<p>&nbsp;<\/p>\n<table border=\"0\" cellspacing=\"1\" cellpadding=\"1\" align=\"center\">\n<tbody>\n<tr>\n<td colspan=\"5\"><img decoding=\"async\" src=\"https:\/\/www.agenciaminas.mg.gov.br\/ckeditor_assets\/pictures\/20949\/content_2_olho_topo.jpg\" alt=\"\" \/><\/td>\n<\/tr>\n<tr>\n<td><\/td>\n<td colspan=\"3\" rowspan=\"3\">\n<h1><strong>&#8220;A nossa expectativa \u00e9 que a gente tenha n\u00e3o s\u00f3 o turismo religioso convencional, como prociss\u00f5es, vias sacras e apresenta\u00e7\u00f5es gospel, mas tamb\u00e9m o turismo de contempla\u00e7\u00e3o, de natureza, a experi\u00eancia da cozinha mineira em todo o estado. Estamos falando de 700 atra\u00e7\u00f5es j\u00e1 cadastradas para o Minas Santa deste ano&#8221;, avaliou Mateus Sim\u00f5es.<\/strong><\/h1>\n<\/td>\n<td><\/td>\n<\/tr>\n<tr>\n<td><\/td>\n<td><\/td>\n<\/tr>\n<tr>\n<td><\/td>\n<td><\/td>\n<\/tr>\n<tr>\n<td colspan=\"5\"><img decoding=\"async\" src=\"https:\/\/www.agenciaminas.mg.gov.br\/ckeditor_assets\/pictures\/20950\/content_2_olho_inferior.jpg\" alt=\"\" \/><\/td>\n<\/tr>\n<\/tbody>\n<\/table>\n<p>&nbsp;<\/p>\n<p>O secret\u00e1rio de Estado de\u00a0<a href=\"https:\/\/www.secult.mg.gov.br\/\" target=\"_blank\" rel=\"noopener\">Cultura e Turismo<\/a>, Le\u00f4nidas Oliveira, aproveitou a oportunidade para fazer um chamado aos turistas, lembrando que o Minas Santa \u00e9 um programa voltado n\u00e3o apenas aos mineiros, mas aos visitantes de todas as partes do mundo.<\/p>\n<p>&nbsp;<\/p>\n<table border=\"0\" cellspacing=\"1\" cellpadding=\"1\" align=\"center\">\n<tbody>\n<tr>\n<td colspan=\"5\"><img decoding=\"async\" src=\"https:\/\/www.agenciaminas.mg.gov.br\/ckeditor_assets\/pictures\/20949\/content_2_olho_topo.jpg\" alt=\"\" \/><\/td>\n<\/tr>\n<tr>\n<td><\/td>\n<td colspan=\"3\" rowspan=\"3\">\n<h1><strong>&#8220;Minas \u00e9 a alma do Brasil e revela essa alma em suas festas, sua arte, sua f\u00e9 e suas paisagens. O Minas Santa \u00e9 um convite para viver essa experi\u00eancia. Nosso estado est\u00e1 preparado para receber todos com hospitalidade e beleza. \u00c9 a f\u00e9 que move, a arte que inspira e a natureza que acolhe. Um programa feito para o mineiro, para o brasileiro e para o mundo&#8221;, destacou Le\u00f4nidas Oliveira.<\/strong><\/h1>\n<\/td>\n<td><\/td>\n<\/tr>\n<tr>\n<td><\/td>\n<td><\/td>\n<\/tr>\n<tr>\n<td><\/td>\n<td><\/td>\n<\/tr>\n<tr>\n<td colspan=\"5\"><img decoding=\"async\" src=\"https:\/\/www.agenciaminas.mg.gov.br\/ckeditor_assets\/pictures\/20950\/content_2_olho_inferior.jpg\" alt=\"\" \/><\/td>\n<\/tr>\n<\/tbody>\n<\/table>\n<p>&nbsp;<\/p>\n<p>O lan\u00e7amento do Minas Santa 2025 tamb\u00e9m contou com a presen\u00e7a da secret\u00e1ria-adjunta de Cultura e Turismo, Josiane de Souza; do presidente do\u00a0<a href=\"http:\/\/www.iepha.mg.gov.br\/\" target=\"_blank\" rel=\"noopener\">Instituto Estadual do Patrim\u00f4nio Hist\u00f3rico e Art\u00edstico (Iepha-MG)<\/a>, Jo\u00e3o Paulo Martins; do presidente da\u00a0<a href=\"https:\/\/fcs.mg.gov.br\/\" target=\"_blank\" rel=\"noopener\">Funda\u00e7\u00e3o Cl\u00f3vis Salgado\u00a0(FCS)<\/a>, S\u00e9rgio Rodrigo Reis; do presidente da\u00a0<a href=\"http:\/\/www.faop.mg.gov.br\/\" target=\"_blank\" rel=\"noopener\">Funda\u00e7\u00e3o de Artes de Ouro Preto (Faop)<\/a>, Wirley Reis; do pr\u00f3-reitor de Comunica\u00e7\u00e3o do Santu\u00e1rio Bas\u00edlica Nossa Senhora da Piedade, Padre Wagner Colegario; e do pastor F\u00e1bio Lacerda, da Igreja Batista da Lagoinha.<\/p>\n<p>Como aperitivo da programa\u00e7\u00e3o, o grupo \u00c1urea Musical, de S\u00e3o Jo\u00e3o del-Rei, realizou uma apresenta\u00e7\u00e3o de m\u00fasicas sacras, em meio \u00e0 representa\u00e7\u00e3o de personagens b\u00edblicos das prociss\u00f5es e dos tradicionais anjos barrocos de Ouro Preto.<\/p>\n<p><strong>Programa\u00e7\u00e3o<\/strong><\/p>\n<p>O Minas Santa 2025 ter\u00e1 programa\u00e7\u00e3o em todo o estado at\u00e9 o Dia da Inconfid\u00eancia (21\/4). As a\u00e7\u00f5es incluem prociss\u00f5es, feitura de tapetes devocionais e cord\u00f5es, shows, visitas a igrejas e museus, al\u00e9m de eventos como o semin\u00e1rio Bens Culturais e Turismo da F\u00e9\u00a0(9 e 10\/4, em Mariana), a apresenta\u00e7\u00e3o Ritos da F\u00e9 Mineira (18\/4, em Belo Horizonte) e o musical Cante Comigo: L\u00e1zaros\u00a0(19\/4, tamb\u00e9m na capital).<\/p>\n<p>A Prociss\u00e3o da Guarda Romana, em Diamantina, a Encomenda\u00e7\u00e3o das Almas, em Manga, e a tradicional Folia das Almas da Canastra, em Delfin\u00f3polis, tamb\u00e9m est\u00e3o no roteiro.<\/p>\n<p>O cadastro das Celebra\u00e7\u00f5es e Ritos da Quaresma e Semana Santa, organizado pelo Iepha-MG, j\u00e1 conta com 679 manifesta\u00e7\u00f5es at\u00e9 o momento. Todos os detalhes da programa\u00e7\u00e3o ser\u00e3o disponibilizados no site\u00a0<a href=\"http:\/\/www.minasgerais.com.br\/\">www.minasgerais.com.br<\/a>.<\/p>\n<p><strong>Rotas de turismo e f\u00e9<\/strong><\/p>\n<p>Al\u00e9m das celebra\u00e7\u00f5es religiosas, o Minas Santa convida os visitantes a percorrerem rotas tur\u00edsticas que integram f\u00e9, arte, cozinha mineira, natureza e cultura, como os santu\u00e1rios e os caminhos de peregrina\u00e7\u00e3o em Caet\u00e9, Congonhas, Mariana, Tiradentes e S\u00e3o Jo\u00e3o del-Rei. Na Rota das Artes, que abrange Belo Horizonte, Brumadinho (Inhotim), Ouro Preto e Sabar\u00e1, museus e ateli\u00eas revelam a riqueza art\u00edstica mineira.<\/p>\n<p>As regi\u00f5es produtoras do Queijo Minas Artesanal, cujos Modos de Fazer foram reconhecidos como Patrim\u00f4nio Cultural Imaterial da Humanidade pela Unesco, como Canastra, Serro e Campo das Vertentes, atraem turistas de todo o pa\u00eds. Experi\u00eancias nos territ\u00f3rios dos caf\u00e9s e dos vinhos mineiros, nas regi\u00f5es do Sul de Minas, do Cerrado Mineiro e do Campo das Vertentes, tamb\u00e9m chamam aten\u00e7\u00e3o dos visitantes.<\/p>\n<p>Outros destinos imperd\u00edveis s\u00e3o a Cordilheira do Espinha\u00e7o, S\u00e3o Thom\u00e9 das Letras e Mantiqueira de Minas, no Sul do estado; Delfin\u00f3polis, com as Cachoeiras da Canastra, na Zona da Mata; e o Parque Nacional Cavernas do Perua\u00e7u, no Norte de Minas, com suas cavernas imensas, arte rupestre milenar e paisagens sagradas.<\/p>\n<p><strong>Minas Santa em n\u00fameros<\/strong><\/p>\n<p>Em 2024, cerca de 500 mil pessoas visitaram Minas Gerais durante a Semana Santa. O turismo religioso, ao longo de todo o ano, movimenta aproximadamente R$ 5 bilh\u00f5es no estado, sendo um dos principais vetores de gera\u00e7\u00e3o de emprego, renda e desenvolvimento.<\/p>\n<p>Em n\u00edvel internacional, Minas atraiu turistas de diversos pa\u00edses em 2024, com o Chile se destacando como a principal origem dos visitantes estrangeiros.<\/p>\n<p><strong>Realiza\u00e7\u00e3o e parcerias<\/strong><\/p>\n<p>O Minas Santa \u00e9 promovido pelo\u00a0<a href=\"https:\/\/www.mg.gov.br\/\" target=\"_blank\" rel=\"noopener\">Governo de Minas<\/a>, por meio da Secult-MG, do Iepha-MG, da Funda\u00e7\u00e3o Cl\u00f3vis Salgado\u00a0e da Faop, com apoio da\u00a0<a href=\"http:\/\/www.cemig.com.br\/\">Cemig<\/a>, Federa\u00e7\u00e3o dos Circuitos Tur\u00edsticos (Fecitur), Associa\u00e7\u00e3o Mineira de Munic\u00edpios (AMM), da Rede Estadual de Gestores Municipais de Cultura e Turismo e Associa\u00e7\u00e3o das Cidades Hist\u00f3ricas de Minas Gerais.<\/p>\n<p>As a\u00e7\u00f5es do Minas Santa tamb\u00e9m integram o Ano Mineiro das Artes (AMA). O portf\u00f3lio com celebra\u00e7\u00f5es das cidades e mais informa\u00e7\u00f5es podem ser acessadas em\u00a0<a href=\"http:\/\/www.minasgerais.com.br\/\">www.minasgerais.com.br<\/a><\/p>\n<p>Fonte: Ag\u00eancia Minas<\/p>\n","protected":false},"excerpt":{"rendered":"<p>Para consolidar Minas como principal destino tur\u00edstico brasileiro e convidar mineiros e visitantes a terem experi\u00eancias \u00fanicas durante a Semana Santa, o vice-governador Mateus Sim\u00f5es lan\u00e7ou, nesta quarta-feira (19\/3), a terceira edi\u00e7\u00e3o do programa Minas Santa. Em evento realizado no Museu Mineiro, o vice-governador detalhou a import\u00e2ncia do Minas Santa como um destino que tamb\u00e9m [&hellip;]<\/p>\n","protected":false},"author":246,"featured_media":227318,"comment_status":"closed","ping_status":"closed","sticky":false,"template":"","format":"standard","meta":{"footnotes":""},"categories":[436,440,261,254,439],"tags":[],"class_list":["post-227317","post","type-post","status-publish","format-standard","has-post-thumbnail","hentry","category-destaque-da-semana","category-destaques-do-dia","category-economia","category-politica","category-ultima-hora"],"_links":{"self":[{"href":"https:\/\/diarioregionaldigital.com.br\/index.php?rest_route=\/wp\/v2\/posts\/227317","targetHints":{"allow":["GET"]}}],"collection":[{"href":"https:\/\/diarioregionaldigital.com.br\/index.php?rest_route=\/wp\/v2\/posts"}],"about":[{"href":"https:\/\/diarioregionaldigital.com.br\/index.php?rest_route=\/wp\/v2\/types\/post"}],"author":[{"embeddable":true,"href":"https:\/\/diarioregionaldigital.com.br\/index.php?rest_route=\/wp\/v2\/users\/246"}],"replies":[{"embeddable":true,"href":"https:\/\/diarioregionaldigital.com.br\/index.php?rest_route=%2Fwp%2Fv2%2Fcomments&post=227317"}],"version-history":[{"count":1,"href":"https:\/\/diarioregionaldigital.com.br\/index.php?rest_route=\/wp\/v2\/posts\/227317\/revisions"}],"predecessor-version":[{"id":227319,"href":"https:\/\/diarioregionaldigital.com.br\/index.php?rest_route=\/wp\/v2\/posts\/227317\/revisions\/227319"}],"wp:featuredmedia":[{"embeddable":true,"href":"https:\/\/diarioregionaldigital.com.br\/index.php?rest_route=\/wp\/v2\/media\/227318"}],"wp:attachment":[{"href":"https:\/\/diarioregionaldigital.com.br\/index.php?rest_route=%2Fwp%2Fv2%2Fmedia&parent=227317"}],"wp:term":[{"taxonomy":"category","embeddable":true,"href":"https:\/\/diarioregionaldigital.com.br\/index.php?rest_route=%2Fwp%2Fv2%2Fcategories&post=227317"},{"taxonomy":"post_tag","embeddable":true,"href":"https:\/\/diarioregionaldigital.com.br\/index.php?rest_route=%2Fwp%2Fv2%2Ftags&post=227317"}],"curies":[{"name":"wp","href":"https:\/\/api.w.org\/{rel}","templated":true}]}}