{"id":227295,"date":"2025-03-18T20:17:34","date_gmt":"2025-03-18T23:17:34","guid":{"rendered":"https:\/\/diarioregionaldigital.com.br\/?p=227295"},"modified":"2025-03-18T20:17:34","modified_gmt":"2025-03-18T23:17:34","slug":"governo-e-instituto-federal-do-sul-de-minas-abrem-inscricoes-para-tres-novos-cursos-de-capacitacao-na-area-de-turismo","status":"publish","type":"post","link":"https:\/\/diarioregionaldigital.com.br\/?p=227295","title":{"rendered":"Governo e Instituto Federal do Sul de Minas abrem inscri\u00e7\u00f5es para tr\u00eas novos cursos de capacita\u00e7\u00e3o na \u00e1rea de turismo"},"content":{"rendered":"<p>O Programa Rotas do Conhecimento, fruto da parceria entre\u00a0<a href=\"https:\/\/www.mg.gov.br\/\" target=\"_blank\" rel=\"noopener\">Governo de Minas<\/a>, por meio da\u00a0<a href=\"https:\/\/www.secult.mg.gov.br\/\" target=\"_blank\" rel=\"noopener\">Secretaria de Estado de Cultura e Turismo (Secult-MG)<\/a>, o Instituto Federal de Educa\u00e7\u00e3o, Ci\u00eancia e Tecnologia do Sul de Minas Gerais (IFSulDeMinas), abriu, nesta ter\u00e7a-feira (18\/3), inscri\u00e7\u00f5es para tr\u00eas novos cursos de capacita\u00e7\u00e3o na \u00e1rea do turismo: Espanhol Aplicado para Servi\u00e7os Tur\u00edsticos, Pol\u00edtica de Turismo: Elabora\u00e7\u00e3o, Gest\u00e3o e Implanta\u00e7\u00e3o e Turismo Sustent\u00e1vel: Pr\u00e1ticas para um Futuro Respons\u00e1vel.<\/p>\n<p>As inscri\u00e7\u00f5es est\u00e3o abertas at\u00e9 7\/4\u00a0e as aulas ocorrer\u00e3o de 14\/4\u00a0a 11\/5. A sele\u00e7\u00e3o dos candidatos ser\u00e1 por meio de sorteio eletr\u00f4nico, conforme crit\u00e9rios estabelecidos no edital. Mais informa\u00e7\u00f5es podem ser obtidas e as inscri\u00e7\u00f5es realizadas no\u00a0<u><a id=\"OWA996e6a8b-d23f-7f05-b74c-7309f1a955e8\" title=\"https:\/\/portal.ifsuldeminas.edu.br\/index.php\/institucional-geral\/6518-selecao-de-alunos-turismo\" href=\"https:\/\/portal.ifsuldeminas.edu.br\/index.php\/institucional-geral\/6518-selecao-de-alunos-turismo\" target=\"_blank\" rel=\"noopener noreferrer\" data-auth=\"NotApplicable\" data-linkindex=\"0\">portal do IFSULDEMINAS<\/a><\/u>.<\/p>\n<p>Os cursos s\u00e3o na modalidade EaD, t\u00eam carga hor\u00e1ria de 40 horas e s\u00e3o voltados para qualquer pessoa interessada com idade m\u00ednima de 16 anos, ensino fundamental completo e residente em munic\u00edpio de Minas Gerais. Ao final do curso, os participantes receber\u00e3o certificado de conclus\u00e3o.<\/p>\n<p><strong>Sobre os cursos<\/strong><\/p>\n<p>O curso Espanhol Aplicado para Servi\u00e7os Tur\u00edsticos, que oferece 250 vagas, pretende desenvolver no profissional a capacidade de compreender e produzir mensagens orais e escritas em l\u00edngua espanhola em n\u00edvel b\u00e1sico, com vistas a atender tanto \u00e0s demandas do setor tur\u00edstico quanto \u00e0s expectativas dos clientes de forma a atend\u00ea-los com objetividade e cordialidade.<\/p>\n<p>J\u00e1 o curso Pol\u00edtica de Turismo: Elabora\u00e7\u00e3o, Gest\u00e3o e Implanta\u00e7\u00e3o, com 310 vagas, visa capacitar os participantes para a compreens\u00e3o, formula\u00e7\u00e3o, gest\u00e3o e implementa\u00e7\u00e3o de pol\u00edticas p\u00fablicas de turismo, com foco no fortalecimento da governan\u00e7a, na inclus\u00e3o social e no desenvolvimento sustent\u00e1vel.<\/p>\n<p>O curso pretende, ainda, preparar profissionais para atuar de maneira estrat\u00e9gica e inovadora, alinhando pr\u00e1ticas de planejamento, execu\u00e7\u00e3o e monitoramento \u00e0s demandas do setor tur\u00edstico e \u00e0s tend\u00eancias globais. Al\u00e9m disso, busca fomentar a valoriza\u00e7\u00e3o cultural, a preserva\u00e7\u00e3o ambiental e a integra\u00e7\u00e3o das comunidades locais nas iniciativas do turismo.<\/p>\n<p>O curso Turismo Sustent\u00e1vel: Pr\u00e1ticas para um Futuro Respons\u00e1vel, que oferece 450 vagas, abordar\u00e1 temas como a redu\u00e7\u00e3o de impactos ambientais, consumo de recursos naturais, gera\u00e7\u00e3o de res\u00edduos, conserva\u00e7\u00e3o da biodiversidade, estrat\u00e9gias para valoriza\u00e7\u00e3o da cultura local, envolvimento das comunidades no turismo para a cria\u00e7\u00e3o de experi\u00eancias aut\u00eanticas que celebrem tradi\u00e7\u00f5es e saberes regionais e, ainda, como fortalecer a economia local, incentivar a gera\u00e7\u00e3o de empregos e apoiar pequenos neg\u00f3cios e produtores regionais.<\/p>\n<p>Fonte: Ag\u00eancia Minas<\/p>\n","protected":false},"excerpt":{"rendered":"<p>O Programa Rotas do Conhecimento, fruto da parceria entre\u00a0Governo de Minas, por meio da\u00a0Secretaria de Estado de Cultura e Turismo (Secult-MG), o Instituto Federal de Educa\u00e7\u00e3o, Ci\u00eancia e Tecnologia do Sul de Minas Gerais (IFSulDeMinas), abriu, nesta ter\u00e7a-feira (18\/3), inscri\u00e7\u00f5es para tr\u00eas novos cursos de capacita\u00e7\u00e3o na \u00e1rea do turismo: Espanhol Aplicado para Servi\u00e7os Tur\u00edsticos, [&hellip;]<\/p>\n","protected":false},"author":246,"featured_media":227296,"comment_status":"closed","ping_status":"closed","sticky":false,"template":"","format":"standard","meta":{"footnotes":""},"categories":[436,261,254,439],"tags":[],"class_list":["post-227295","post","type-post","status-publish","format-standard","has-post-thumbnail","hentry","category-destaque-da-semana","category-economia","category-politica","category-ultima-hora"],"_links":{"self":[{"href":"https:\/\/diarioregionaldigital.com.br\/index.php?rest_route=\/wp\/v2\/posts\/227295","targetHints":{"allow":["GET"]}}],"collection":[{"href":"https:\/\/diarioregionaldigital.com.br\/index.php?rest_route=\/wp\/v2\/posts"}],"about":[{"href":"https:\/\/diarioregionaldigital.com.br\/index.php?rest_route=\/wp\/v2\/types\/post"}],"author":[{"embeddable":true,"href":"https:\/\/diarioregionaldigital.com.br\/index.php?rest_route=\/wp\/v2\/users\/246"}],"replies":[{"embeddable":true,"href":"https:\/\/diarioregionaldigital.com.br\/index.php?rest_route=%2Fwp%2Fv2%2Fcomments&post=227295"}],"version-history":[{"count":1,"href":"https:\/\/diarioregionaldigital.com.br\/index.php?rest_route=\/wp\/v2\/posts\/227295\/revisions"}],"predecessor-version":[{"id":227297,"href":"https:\/\/diarioregionaldigital.com.br\/index.php?rest_route=\/wp\/v2\/posts\/227295\/revisions\/227297"}],"wp:featuredmedia":[{"embeddable":true,"href":"https:\/\/diarioregionaldigital.com.br\/index.php?rest_route=\/wp\/v2\/media\/227296"}],"wp:attachment":[{"href":"https:\/\/diarioregionaldigital.com.br\/index.php?rest_route=%2Fwp%2Fv2%2Fmedia&parent=227295"}],"wp:term":[{"taxonomy":"category","embeddable":true,"href":"https:\/\/diarioregionaldigital.com.br\/index.php?rest_route=%2Fwp%2Fv2%2Fcategories&post=227295"},{"taxonomy":"post_tag","embeddable":true,"href":"https:\/\/diarioregionaldigital.com.br\/index.php?rest_route=%2Fwp%2Fv2%2Ftags&post=227295"}],"curies":[{"name":"wp","href":"https:\/\/api.w.org\/{rel}","templated":true}]}}