{"id":227289,"date":"2025-03-18T20:15:23","date_gmt":"2025-03-18T23:15:23","guid":{"rendered":"https:\/\/diarioregionaldigital.com.br\/?p=227289"},"modified":"2025-03-18T20:15:23","modified_gmt":"2025-03-18T23:15:23","slug":"governo-de-minas-anuncia-sexta-edicao-do-trilhas-de-futuro-e-publica-lista-de-cursos-profissionalizantes-prioritarios","status":"publish","type":"post","link":"https:\/\/diarioregionaldigital.com.br\/?p=227289","title":{"rendered":"Governo de Minas anuncia sexta edi\u00e7\u00e3o do Trilhas de Futuro e publica lista de cursos profissionalizantes priorit\u00e1rios"},"content":{"rendered":"<p>O\u00a0<a href=\"https:\/\/www.mg.gov.br\/\" target=\"_blank\" rel=\"noopener\">Governo de Minas<\/a>, por meio da\u00a0<a href=\"https:\/\/www.educacao.mg.gov.br\/\" target=\"_blank\" rel=\"noopener\">Secretaria de Estado de Educa\u00e7\u00e3o (SEE\/MG)<\/a>, publicou no \u00faltimo s\u00e1bado (15\/3), no\u00a0<a href=\"https:\/\/www.jornalminasgerais.mg.gov.br\/index.php?dataJornal=2025-03-15\" target=\"_blank\" rel=\"noopener\">Di\u00e1rio Oficial do Estado de Minas Gerais<\/a>, a lista de cursos profissionalizantes priorizados para a sexta edi\u00e7\u00e3o do projeto\u00a0<a href=\"https:\/\/www.trilhasdefuturo.mg.gov.br\/\" target=\"_blank\" rel=\"noopener\">Trilhas de Futuro<\/a>.<\/p>\n<p>Esse \u00e9 o primeiro passo para a nova edi\u00e7\u00e3o da maior iniciativa de capacita\u00e7\u00e3o profissional do estado, que oferece cursos t\u00e9cnicos gratuitos para os estudantes.<\/p>\n<p>O documento apresenta os pares de munic\u00edpios e cursos t\u00e9cnicos selecionados, servindo de base para a aloca\u00e7\u00e3o dos inscritos ap\u00f3s o credenciamento das vagas pelas institui\u00e7\u00f5es de ensino e o per\u00edodo de inscri\u00e7\u00e3o. A lista completa pode ser acessada\u00a0<a href=\"https:\/\/www.trilhasdefuturo.mg.gov.br\/wp-content\/uploads\/2025\/03\/lista-de-priorizacao-trilhas-de-futuro-6-edicao.pdf\" target=\"_blank\" rel=\"noopener\">neste link<\/a>.<\/p>\n<p>Para o vice-governador de Minas Gerais, Mateus Sim\u00f5es, o projeto n\u00e3o apenas oferece aos jovens a oportunidade de fazer um curso profissionalizante gratuito, mas tamb\u00e9m os prepara para o mercado de trabalho, nas \u00e1reas em que Minas Gerais mais necessita de profissionais qualificados.<\/p>\n<table border=\"0\" cellspacing=\"1\" cellpadding=\"1\" align=\"center\">\n<tbody>\n<tr>\n<td colspan=\"5\"><img decoding=\"async\" src=\"https:\/\/www.agenciaminas.mg.gov.br\/ckeditor_assets\/pictures\/20949\/content_2_olho_topo.jpg\" alt=\"\" \/><\/td>\n<\/tr>\n<tr>\n<td><\/td>\n<td colspan=\"3\" rowspan=\"3\">\n<h1><strong>&#8220;Anualmente, o Governo de Minas realiza um levantamento das demandas do mercado de trabalho para identificar quais cursos devem ser priorizados. Isso significa que os estudantes ter\u00e3o mais chances de conseguir um emprego na \u00e1rea que escolherem&#8221;, destaca Mateus Sim\u00f5es.<\/strong><\/h1>\n<\/td>\n<td><\/td>\n<\/tr>\n<tr>\n<td><\/td>\n<td><\/td>\n<\/tr>\n<tr>\n<td><\/td>\n<td><\/td>\n<\/tr>\n<tr>\n<td colspan=\"5\"><img decoding=\"async\" src=\"https:\/\/www.agenciaminas.mg.gov.br\/ckeditor_assets\/pictures\/20950\/content_2_olho_inferior.jpg\" alt=\"\" \/><\/td>\n<\/tr>\n<\/tbody>\n<\/table>\n<p><strong>Tempo maior para organiza\u00e7\u00e3o das institui\u00e7\u00f5es<\/strong><\/p>\n<p>O pr\u00f3ximo passo \u00e9 a publica\u00e7\u00e3o do edital para credenciamento das institui\u00e7\u00f5es de ensino t\u00e9cnico interessadas em oferecer cursos do programa, com previs\u00e3o de divulga\u00e7\u00e3o em maio. Com isso, as institui\u00e7\u00f5es ter\u00e3o um prazo maior para se organizarem para atender aos crit\u00e9rios priorit\u00e1rios da sexta edi\u00e7\u00e3o do Trilhas de Futuro.<\/p>\n<p>Uma das novidades desta edi\u00e7\u00e3o \u00e9 que as institui\u00e7\u00f5es poder\u00e3o credenciar apenas os cursos e munic\u00edpios j\u00e1 previstos na lista de prioriza\u00e7\u00e3o, garantindo um maior alinhamento entre a forma\u00e7\u00e3o t\u00e9cnica e as necessidades do mercado, ampliando as oportunidades para os estudantes.<\/p>\n<p>J\u00e1 as inscri\u00e7\u00f5es dos estudantes ser\u00e3o realizadas no segundo semestre.<\/p>\n<p>&#8220;Institui\u00e7\u00f5es e estudantes devem ficar atentos ao per\u00edodo de credenciamento e \u00e0 lista de cursos priorit\u00e1rios para que ningu\u00e9m fique de fora. Vamos juntos construir um futuro promissor\u201d, conclui o vice-governador de Minas Gerais.<\/p>\n<p>Fonte: Ag\u00eancia Minas<\/p>\n","protected":false},"excerpt":{"rendered":"<p>O\u00a0Governo de Minas, por meio da\u00a0Secretaria de Estado de Educa\u00e7\u00e3o (SEE\/MG), publicou no \u00faltimo s\u00e1bado (15\/3), no\u00a0Di\u00e1rio Oficial do Estado de Minas Gerais, a lista de cursos profissionalizantes priorizados para a sexta edi\u00e7\u00e3o do projeto\u00a0Trilhas de Futuro. Esse \u00e9 o primeiro passo para a nova edi\u00e7\u00e3o da maior iniciativa de capacita\u00e7\u00e3o profissional do estado, que [&hellip;]<\/p>\n","protected":false},"author":246,"featured_media":227290,"comment_status":"closed","ping_status":"closed","sticky":false,"template":"","format":"standard","meta":{"footnotes":""},"categories":[436,440,261,254,439],"tags":[],"class_list":["post-227289","post","type-post","status-publish","format-standard","has-post-thumbnail","hentry","category-destaque-da-semana","category-destaques-do-dia","category-economia","category-politica","category-ultima-hora"],"_links":{"self":[{"href":"https:\/\/diarioregionaldigital.com.br\/index.php?rest_route=\/wp\/v2\/posts\/227289","targetHints":{"allow":["GET"]}}],"collection":[{"href":"https:\/\/diarioregionaldigital.com.br\/index.php?rest_route=\/wp\/v2\/posts"}],"about":[{"href":"https:\/\/diarioregionaldigital.com.br\/index.php?rest_route=\/wp\/v2\/types\/post"}],"author":[{"embeddable":true,"href":"https:\/\/diarioregionaldigital.com.br\/index.php?rest_route=\/wp\/v2\/users\/246"}],"replies":[{"embeddable":true,"href":"https:\/\/diarioregionaldigital.com.br\/index.php?rest_route=%2Fwp%2Fv2%2Fcomments&post=227289"}],"version-history":[{"count":1,"href":"https:\/\/diarioregionaldigital.com.br\/index.php?rest_route=\/wp\/v2\/posts\/227289\/revisions"}],"predecessor-version":[{"id":227291,"href":"https:\/\/diarioregionaldigital.com.br\/index.php?rest_route=\/wp\/v2\/posts\/227289\/revisions\/227291"}],"wp:featuredmedia":[{"embeddable":true,"href":"https:\/\/diarioregionaldigital.com.br\/index.php?rest_route=\/wp\/v2\/media\/227290"}],"wp:attachment":[{"href":"https:\/\/diarioregionaldigital.com.br\/index.php?rest_route=%2Fwp%2Fv2%2Fmedia&parent=227289"}],"wp:term":[{"taxonomy":"category","embeddable":true,"href":"https:\/\/diarioregionaldigital.com.br\/index.php?rest_route=%2Fwp%2Fv2%2Fcategories&post=227289"},{"taxonomy":"post_tag","embeddable":true,"href":"https:\/\/diarioregionaldigital.com.br\/index.php?rest_route=%2Fwp%2Fv2%2Ftags&post=227289"}],"curies":[{"name":"wp","href":"https:\/\/api.w.org\/{rel}","templated":true}]}}