{"id":227282,"date":"2025-03-17T20:54:26","date_gmt":"2025-03-17T23:54:26","guid":{"rendered":"https:\/\/diarioregionaldigital.com.br\/?p=227282"},"modified":"2025-03-17T21:24:34","modified_gmt":"2025-03-18T00:24:34","slug":"fiscalizacao-realiza-apreensao-de-mais-de-200-materiais-por-meio-da-operacao-comercio-legal","status":"publish","type":"post","link":"https:\/\/diarioregionaldigital.com.br\/?p=227282","title":{"rendered":"Fiscaliza\u00e7\u00e3o realiza apreens\u00e3o de mais de 200 materiais por meio da Opera\u00e7\u00e3o Com\u00e9rcio Legal"},"content":{"rendered":"<p>Segundo informa\u00e7\u00f5es do site da Prefeitura de Juiz de Fora (PJF), na \u00faltima semana, a Prefeitura de Juiz de Fora (PJF), por meio da Fiscaliza\u00e7\u00e3o de Posturas da Secretaria de Desenvolvimento Urbano com Participa\u00e7\u00e3o Popular (SEDUPP) e da Guarda Municipal, apreendeu mais de 260 materiais que seriam vendidos de maneira irregular. A a\u00e7\u00e3o preventiva integra a opera\u00e7\u00e3o \u201cCom\u00e9rcio Legal\u201d, que visa coibir o com\u00e9rcio irregular no Centro de Juiz de Fora.<\/p>\n<p>Ao todo, foram apreendidos 269 materiais irregulares, entre os itens est\u00e3o 193 pares de meias, 30 fones de ouvidos, 24 carregadores de celular, 16 sombrinhas, cinco grades met\u00e1licas e um carrinho de supermercado. O objetivo dessas interven\u00e7\u00f5es \u00e9 combater o com\u00e9rcio irregular na \u00e1rea central, garantir os direitos e a sa\u00fade dos consumidores e assegurar o cumprimento do edital de licita\u00e7\u00e3o para o com\u00e9rcio popular.<\/p>\n<p>Caso o vendedor irregular queira reaver a mercadoria apreendida, \u00e9 preciso, no prazo de 15 dias da apreens\u00e3o, protocolar pedido atrav\u00e9s do Prefeitura \u00c1gil e efetuar o pagamento de multa e taxa de apreens\u00e3o. \u00c9 necess\u00e1rio apresentar comprovante de propriedade da mercadoria, como nota fiscal.<\/p>\n<div><\/div>\n","protected":false},"excerpt":{"rendered":"<p>Segundo informa\u00e7\u00f5es do site da Prefeitura de Juiz de Fora (PJF), na \u00faltima semana, a Prefeitura de Juiz de Fora (PJF), por meio da Fiscaliza\u00e7\u00e3o de Posturas da Secretaria de Desenvolvimento Urbano com Participa\u00e7\u00e3o Popular (SEDUPP) e da Guarda Municipal, apreendeu mais de 260 materiais que seriam vendidos de maneira irregular. A a\u00e7\u00e3o preventiva integra [&hellip;]<\/p>\n","protected":false},"author":246,"featured_media":227283,"comment_status":"closed","ping_status":"closed","sticky":false,"template":"","format":"standard","meta":{"footnotes":""},"categories":[253,436,439],"tags":[],"class_list":["post-227282","post","type-post","status-publish","format-standard","has-post-thumbnail","hentry","category-cidade","category-destaque-da-semana","category-ultima-hora"],"_links":{"self":[{"href":"https:\/\/diarioregionaldigital.com.br\/index.php?rest_route=\/wp\/v2\/posts\/227282","targetHints":{"allow":["GET"]}}],"collection":[{"href":"https:\/\/diarioregionaldigital.com.br\/index.php?rest_route=\/wp\/v2\/posts"}],"about":[{"href":"https:\/\/diarioregionaldigital.com.br\/index.php?rest_route=\/wp\/v2\/types\/post"}],"author":[{"embeddable":true,"href":"https:\/\/diarioregionaldigital.com.br\/index.php?rest_route=\/wp\/v2\/users\/246"}],"replies":[{"embeddable":true,"href":"https:\/\/diarioregionaldigital.com.br\/index.php?rest_route=%2Fwp%2Fv2%2Fcomments&post=227282"}],"version-history":[{"count":1,"href":"https:\/\/diarioregionaldigital.com.br\/index.php?rest_route=\/wp\/v2\/posts\/227282\/revisions"}],"predecessor-version":[{"id":227284,"href":"https:\/\/diarioregionaldigital.com.br\/index.php?rest_route=\/wp\/v2\/posts\/227282\/revisions\/227284"}],"wp:featuredmedia":[{"embeddable":true,"href":"https:\/\/diarioregionaldigital.com.br\/index.php?rest_route=\/wp\/v2\/media\/227283"}],"wp:attachment":[{"href":"https:\/\/diarioregionaldigital.com.br\/index.php?rest_route=%2Fwp%2Fv2%2Fmedia&parent=227282"}],"wp:term":[{"taxonomy":"category","embeddable":true,"href":"https:\/\/diarioregionaldigital.com.br\/index.php?rest_route=%2Fwp%2Fv2%2Fcategories&post=227282"},{"taxonomy":"post_tag","embeddable":true,"href":"https:\/\/diarioregionaldigital.com.br\/index.php?rest_route=%2Fwp%2Fv2%2Ftags&post=227282"}],"curies":[{"name":"wp","href":"https:\/\/api.w.org\/{rel}","templated":true}]}}