{"id":227273,"date":"2025-03-17T20:45:10","date_gmt":"2025-03-17T23:45:10","guid":{"rendered":"https:\/\/diarioregionaldigital.com.br\/?p=227273"},"modified":"2025-03-17T20:45:10","modified_gmt":"2025-03-17T23:45:10","slug":"governo-de-minas-facilita-defesa-de-motoristas-com-novos-servicos-digitais","status":"publish","type":"post","link":"https:\/\/diarioregionaldigital.com.br\/?p=227273","title":{"rendered":"Governo de Minas facilita defesa de motoristas com novos servi\u00e7os digitais"},"content":{"rendered":"<p>A\u00a0<a href=\"https:\/\/www.mg.gov.br\/planejamento\" target=\"_blank\" rel=\"noopener\">Secretaria de Estado de Planejamento e Gest\u00e3o (Seplag-MG)<\/a>\u00a0ampliou os servi\u00e7os digitais para condutores mineiros, simplificando a apresenta\u00e7\u00e3o de recursos e o acompanhamento de processos de suspens\u00e3o e cassa\u00e7\u00e3o da Carteira Nacional de Habilita\u00e7\u00e3o (CNH).<\/p>\n<p>De forma digital os motoristas podem contestar penalidades de forma mais \u00e1gil e eficiente, garantindo maior efetividade ao direito de defesa.<\/p>\n<p>A iniciativa da\u00a0<a href=\"https:\/\/www.transito.mg.gov.br\/\" target=\"_blank\" rel=\"noopener\">Coordenadoria Estadual de Gest\u00e3o de Tr\u00e2nsito (CET-MG)<\/a>\u00a0tem como objetivo tornar os processos mais simples e acess\u00edvel para os motoristas, al\u00e9m de modernizar e agilizar os servi\u00e7os, garantindo mais comodidade e transpar\u00eancia aos motoristas.<\/p>\n<p>A digitaliza\u00e7\u00e3o elimina a necessidade de envio f\u00edsico de documentos, tornando o processo mais r\u00e1pido e eficiente. Agora, os condutores podem encaminhar, no site\u00a0<a href=\"https:\/\/www.transito.mg.gov.br\/\" target=\"_blank\" rel=\"noopener\">www.transito.mg.gov.br<\/a>, a defesa pr\u00e9via e recursos de processos administrativos de suspens\u00e3o e cassa\u00e7\u00e3o \u00e0 Junta Administrativa de Recursos de Infra\u00e7\u00f5es (Jari), a primeira inst\u00e2ncia recursal, e recursos ao Conselho Estadual de Tr\u00e2nsito (Cetran), segunda e \u00faltima inst\u00e2ncia recursal.<\/p>\n<figure class=\"image\"><img decoding=\"async\" src=\"https:\/\/www.agenciaminas.mg.gov.br\/ckeditor_assets\/pictures\/22592\/content_cet2025.jpeg\" alt=\"\" \/><figcaption><sub><em>Seplag-MG \/ Divulga\u00e7\u00e3o<\/em><\/sub><\/figcaption><\/figure>\n<p>Para realizar o servi\u00e7o, basta acessar o formul\u00e1rio eletr\u00f4nico na p\u00e1gina do servi\u00e7o desejado, na aba \u201cinfra\u00e7\u00f5es\u201d, e anexar os documentos. O recurso deve ser protocolado dentro do prazo de 30 dias a partir da notifica\u00e7\u00e3o.<\/p>\n<p><strong>Solicitar cumprimento de penalidade e recursos\u00a0\u00a0<\/strong><\/p>\n<p>Outro novo servi\u00e7o dispon\u00edvel digitalmente para os condutores \u00e9 a solicita\u00e7\u00e3o do\u202fcumprimento da penalidade determinada no processo administrativo de suspens\u00e3o.<\/p>\n<p>Agora, o cidad\u00e3o n\u00e3o precisa mais apresentar a habilita\u00e7\u00e3o em um ponto de atendimento presencial. O cumprimento tem in\u00edcio imediatamente depois do preenchimento do formul\u00e1rio eletr\u00f4nico\u00a0<a href=\"https:\/\/www.transito.mg.gov.br\/\" target=\"_blank\" rel=\"noopener\">no site do Tr\u00e2nsito MG<\/a>.<\/p>\n<p>Ap\u00f3s o per\u00edodo de suspens\u00e3o da CNH, \u00e9 necess\u00e1rio declarar o cumprimento da penalidade para desbloquear a habilita\u00e7\u00e3o e poder voltar a dirigir, ou solicitar a renova\u00e7\u00e3o do documento, quando for o caso.<\/p>\n<p>Al\u00e9m disso, tamb\u00e9m \u00e9 poss\u00edvel realizar recurso de infra\u00e7\u00e3o ao Cetran digitalmente \u2013 a \u00faltima inst\u00e2ncia administrativa para a contesta\u00e7\u00e3o de uma infra\u00e7\u00e3o, ap\u00f3s ter recebido decis\u00e3o desfavor\u00e1vel da Jari.<\/p>\n<p>A ferramenta utilizada para atendimento desses servi\u00e7os \u00e9 o ProBPMS, implementada pela Seplag-MG, com desenvolvimento t\u00e9cnico da\u00a0<a href=\"https:\/\/www.prodemge.gov.br\/\" target=\"_blank\" rel=\"noopener\">Companhia de Tecnologia da Informa\u00e7\u00e3o do Estado de Minas Gerais (Prodemge)<\/a>.<\/p>\n<p>A iniciativa foi financiada pelo Banco Nacional de Desenvolvimento Econ\u00f4mico e Social (BNDES) com a intermedia\u00e7\u00e3o da\u00a0<a href=\"https:\/\/www.casacivil.mg.gov.br\/\" target=\"_blank\" rel=\"noopener\">Secretaria de Estado de Casa Civil (SCC)<\/a>.<\/p>\n<p>Fonte: Ag\u00eancia Minas<\/p>\n","protected":false},"excerpt":{"rendered":"<p>A\u00a0Secretaria de Estado de Planejamento e Gest\u00e3o (Seplag-MG)\u00a0ampliou os servi\u00e7os digitais para condutores mineiros, simplificando a apresenta\u00e7\u00e3o de recursos e o acompanhamento de processos de suspens\u00e3o e cassa\u00e7\u00e3o da Carteira Nacional de Habilita\u00e7\u00e3o (CNH). De forma digital os motoristas podem contestar penalidades de forma mais \u00e1gil e eficiente, garantindo maior efetividade ao direito de defesa. [&hellip;]<\/p>\n","protected":false},"author":246,"featured_media":227274,"comment_status":"closed","ping_status":"closed","sticky":false,"template":"","format":"standard","meta":{"footnotes":""},"categories":[436,440,261,254,439],"tags":[],"class_list":["post-227273","post","type-post","status-publish","format-standard","has-post-thumbnail","hentry","category-destaque-da-semana","category-destaques-do-dia","category-economia","category-politica","category-ultima-hora"],"_links":{"self":[{"href":"https:\/\/diarioregionaldigital.com.br\/index.php?rest_route=\/wp\/v2\/posts\/227273","targetHints":{"allow":["GET"]}}],"collection":[{"href":"https:\/\/diarioregionaldigital.com.br\/index.php?rest_route=\/wp\/v2\/posts"}],"about":[{"href":"https:\/\/diarioregionaldigital.com.br\/index.php?rest_route=\/wp\/v2\/types\/post"}],"author":[{"embeddable":true,"href":"https:\/\/diarioregionaldigital.com.br\/index.php?rest_route=\/wp\/v2\/users\/246"}],"replies":[{"embeddable":true,"href":"https:\/\/diarioregionaldigital.com.br\/index.php?rest_route=%2Fwp%2Fv2%2Fcomments&post=227273"}],"version-history":[{"count":1,"href":"https:\/\/diarioregionaldigital.com.br\/index.php?rest_route=\/wp\/v2\/posts\/227273\/revisions"}],"predecessor-version":[{"id":227275,"href":"https:\/\/diarioregionaldigital.com.br\/index.php?rest_route=\/wp\/v2\/posts\/227273\/revisions\/227275"}],"wp:featuredmedia":[{"embeddable":true,"href":"https:\/\/diarioregionaldigital.com.br\/index.php?rest_route=\/wp\/v2\/media\/227274"}],"wp:attachment":[{"href":"https:\/\/diarioregionaldigital.com.br\/index.php?rest_route=%2Fwp%2Fv2%2Fmedia&parent=227273"}],"wp:term":[{"taxonomy":"category","embeddable":true,"href":"https:\/\/diarioregionaldigital.com.br\/index.php?rest_route=%2Fwp%2Fv2%2Fcategories&post=227273"},{"taxonomy":"post_tag","embeddable":true,"href":"https:\/\/diarioregionaldigital.com.br\/index.php?rest_route=%2Fwp%2Fv2%2Ftags&post=227273"}],"curies":[{"name":"wp","href":"https:\/\/api.w.org\/{rel}","templated":true}]}}