{"id":227270,"date":"2025-03-17T20:44:02","date_gmt":"2025-03-17T23:44:02","guid":{"rendered":"https:\/\/diarioregionaldigital.com.br\/?p=227270"},"modified":"2025-03-17T20:44:02","modified_gmt":"2025-03-17T23:44:02","slug":"minas-tem-disponivel-quase-14-mil-empregos-com-carteira-assinada-nesta-segunda-feira","status":"publish","type":"post","link":"https:\/\/diarioregionaldigital.com.br\/?p=227270","title":{"rendered":"Minas tem dispon\u00edvel quase 14 mil empregos com carteira assinada nesta segunda-feira"},"content":{"rendered":"<p><main class=\"clear margin-md-bottom-3\"><\/p>\n<div class=\"clear col-md-10 col-md-offset-1 \">\n<p>Os postos do Servi\u00e7o Nacional de Emprego (Sine) em Minas Gerais oferecem 13.718 oportunidades de trabalho nesta segunda-feira (17\/3), segundo o\u00a0<a href=\"https:\/\/app.powerbi.com\/view?r=eyJrIjoiODdjNTk0MDctOWNlMy00NmExLWIzNTQtMTEyODRkYmIzZGFiIiwidCI6ImMwZTY1MzllLThjZGUtNDZlNy1hOTc4LWI1YTNmZTlmMGMzOSJ9&amp;pageName=ReportSection\" target=\"_blank\" rel=\"noopener\">Painel de Informa\u00e7\u00f5es<\/a>\u00a0sobre o sistema.<\/p>\n<p>&nbsp;<\/p>\n<p dir=\"ltr\">A p\u00e1gina \u00e9 administrada pela\u00a0<a href=\"https:\/\/social.mg.gov.br\/\" target=\"_blank\" rel=\"noopener\">Secretaria de Estado de Desenvolvimento Social (Sedese)<\/a>. Pela internet, o trabalhador pode ter acesso \u00e0s oportunidades dispon\u00edveis em todas as unidades do estado. Para facilitar a pesquisa, h\u00e1 filtros por regi\u00e3o, munic\u00edpio, ocupa\u00e7\u00f5es e unidades.<\/p>\n<p dir=\"ltr\">Neste in\u00edcio de semana, alimentador de linha de produ\u00e7\u00e3o \u00e9 a ocupa\u00e7\u00e3o com o maior n\u00famero de vagas no estado, sendo 1.545. Em seguida, vem servente de obras, com 952 oportunidades, e operador de caixa, com 649.<\/p>\n<p dir=\"ltr\">J\u00e1 entre as unidades, o Sine Uberl\u00e2ndia tem 3.032 vagas, seguido pelo de Itabirito, com 839, e o de Pedro Leopoldo, com 756.<\/p>\n<p dir=\"ltr\"><strong>Como se candidatar<\/strong><\/p>\n<p dir=\"ltr\">Todas as vagas de emprego est\u00e3o dispon\u00edveis no Portal Emprega Brasil. Interessados tamb\u00e9m podem se cadastrar no aplicativo Sine F\u00e1cil, dispon\u00edvel para os aparelhos celulares com sistemas operacionais Android ou iOS.<\/p>\n<p dir=\"ltr\">O atendimento presencial de intermedia\u00e7\u00e3o de m\u00e3o de obra nas unidades \u00e9 feito por meio de agendamento pela internet.<\/p>\n<p>Fonte: Ag\u00eancia Minas<\/p>\n<\/div>\n<p><\/main><\/p>\n","protected":false},"excerpt":{"rendered":"<p>Os postos do Servi\u00e7o Nacional de Emprego (Sine) em Minas Gerais oferecem 13.718 oportunidades de trabalho nesta segunda-feira (17\/3), segundo o\u00a0Painel de Informa\u00e7\u00f5es\u00a0sobre o sistema. &nbsp; A p\u00e1gina \u00e9 administrada pela\u00a0Secretaria de Estado de Desenvolvimento Social (Sedese). Pela internet, o trabalhador pode ter acesso \u00e0s oportunidades dispon\u00edveis em todas as unidades do estado. Para facilitar [&hellip;]<\/p>\n","protected":false},"author":246,"featured_media":227271,"comment_status":"closed","ping_status":"closed","sticky":false,"template":"","format":"standard","meta":{"footnotes":""},"categories":[436,440,261,254,439],"tags":[],"class_list":["post-227270","post","type-post","status-publish","format-standard","has-post-thumbnail","hentry","category-destaque-da-semana","category-destaques-do-dia","category-economia","category-politica","category-ultima-hora"],"_links":{"self":[{"href":"https:\/\/diarioregionaldigital.com.br\/index.php?rest_route=\/wp\/v2\/posts\/227270","targetHints":{"allow":["GET"]}}],"collection":[{"href":"https:\/\/diarioregionaldigital.com.br\/index.php?rest_route=\/wp\/v2\/posts"}],"about":[{"href":"https:\/\/diarioregionaldigital.com.br\/index.php?rest_route=\/wp\/v2\/types\/post"}],"author":[{"embeddable":true,"href":"https:\/\/diarioregionaldigital.com.br\/index.php?rest_route=\/wp\/v2\/users\/246"}],"replies":[{"embeddable":true,"href":"https:\/\/diarioregionaldigital.com.br\/index.php?rest_route=%2Fwp%2Fv2%2Fcomments&post=227270"}],"version-history":[{"count":1,"href":"https:\/\/diarioregionaldigital.com.br\/index.php?rest_route=\/wp\/v2\/posts\/227270\/revisions"}],"predecessor-version":[{"id":227272,"href":"https:\/\/diarioregionaldigital.com.br\/index.php?rest_route=\/wp\/v2\/posts\/227270\/revisions\/227272"}],"wp:featuredmedia":[{"embeddable":true,"href":"https:\/\/diarioregionaldigital.com.br\/index.php?rest_route=\/wp\/v2\/media\/227271"}],"wp:attachment":[{"href":"https:\/\/diarioregionaldigital.com.br\/index.php?rest_route=%2Fwp%2Fv2%2Fmedia&parent=227270"}],"wp:term":[{"taxonomy":"category","embeddable":true,"href":"https:\/\/diarioregionaldigital.com.br\/index.php?rest_route=%2Fwp%2Fv2%2Fcategories&post=227270"},{"taxonomy":"post_tag","embeddable":true,"href":"https:\/\/diarioregionaldigital.com.br\/index.php?rest_route=%2Fwp%2Fv2%2Ftags&post=227270"}],"curies":[{"name":"wp","href":"https:\/\/api.w.org\/{rel}","templated":true}]}}