{"id":227252,"date":"2025-03-14T18:28:45","date_gmt":"2025-03-14T21:28:45","guid":{"rendered":"https:\/\/diarioregionaldigital.com.br\/?p=227252"},"modified":"2025-03-14T18:28:45","modified_gmt":"2025-03-14T21:28:45","slug":"governo-do-estado-divulga-programacao-da-semana-da-agua-2025","status":"publish","type":"post","link":"https:\/\/diarioregionaldigital.com.br\/?p=227252","title":{"rendered":"Governo do Estado divulga programa\u00e7\u00e3o da Semana da \u00c1gua 2025"},"content":{"rendered":"<p>O\u00a0<a href=\"https:\/\/www.mg.gov.br\/\" target=\"_blank\" rel=\"noopener\">Governo de Minas<\/a>, por meio do\u00a0<a href=\"https:\/\/igam.mg.gov.br\/\" target=\"_blank\" rel=\"noopener\">Instituto Mineiro de Gest\u00e3o das \u00c1guas (Igam)<\/a>, divulgou a\u00a0<a href=\"https:\/\/trilhasdosaber.meioambiente.mg.gov.br\/mtrilhas\/mod\/page\/view.php?id=997\" target=\"_blank\" rel=\"noopener\">programa\u00e7\u00e3o da Semana da \u00c1gua 2025<\/a>, que acontecer\u00e1 de 17 a 21\/3. Realizado anualmente, em celebra\u00e7\u00e3o ao Dia Mundial da \u00c1gua, comemorado em 22\/3, o evento tem como objetivo sensibilizar e informar a popula\u00e7\u00e3o sobre a import\u00e2ncia da preserva\u00e7\u00e3o dos recursos h\u00eddricos, especialmente no contexto de eventos clim\u00e1ticos extremos, que t\u00eam impactado diretamente o ciclo da \u00e1gua.<\/p>\n<p>Com atividades que incluem palestras, workshops, cursos, e a\u00e7\u00f5es ao ar livre, o evento destacar\u00e1 a import\u00e2ncia do consumo consciente de \u00e1gua e a preserva\u00e7\u00e3o ambiental. A solenidade de abertura ser\u00e1 realizada na segunda-feira (17\/3), no audit\u00f3rio da\u00a0<a href=\"https:\/\/fjp.mg.gov.br\/\" target=\"_blank\" rel=\"noopener\">Funda\u00e7\u00e3o Jo\u00e3o Pinheiro (FJP)<\/a>, em Belo Horizonte, e contar\u00e1 com a presen\u00e7a de autoridades do Estado e especialistas do setor.<\/p>\n<p>Dentro da programa\u00e7\u00e3o aberta ao p\u00fablico, tamb\u00e9m haver\u00e1 eventos presenciais na Cidade Administrativa de Minas Gerais, na sede do\u00a0<a href=\"https:\/\/www.bdmg.mg.gov.br\/\" target=\"_blank\" rel=\"noopener\">Banco de Desenvolvimento de Minas Gerais (BDMG)<\/a>\u00a0e na Gruta Rei do Mato, em Sete Lagoas, na Regi\u00e3o Metropolitana de Belo Horizonte (RMBH).<\/p>\n<p>Entre os destaques da programa\u00e7\u00e3o, haver\u00e1 o lan\u00e7amento de novos projetos e publica\u00e7\u00f5es sobre gest\u00e3o e uso sustent\u00e1vel da \u00e1gua, como o selo de 5 anos da Revista Mineira de Recursos H\u00eddricos e o Sistema de Gest\u00e3o de Bacias Hidrogr\u00e1ficas.<\/p>\n<p>O evento abordar\u00e1 tamb\u00e9m temas como a elabora\u00e7\u00e3o de planos municipais de saneamento, pr\u00e1ticas sustent\u00e1veis de manejo de bacias hidrogr\u00e1ficas e a import\u00e2ncia de solu\u00e7\u00f5es baseadas na natureza para a conserva\u00e7\u00e3o dos recursos h\u00eddricos.<\/p>\n<p>Entre os dias 18 e 20\/3, ser\u00e3o realizados diversos workshops e mini-cursos, incluindo o workshop \u201cElabora\u00e7\u00e3o de Planos Municipais de Saneamento B\u00e1sico\u201d e o curso on-line sobre \u201cSolu\u00e7\u00f5es baseadas na natureza\u201d.<\/p>\n<p>A programa\u00e7\u00e3o completa est\u00e1 dispon\u00edvel\u00a0<a href=\"https:\/\/trilhasdosaber.meioambiente.mg.gov.br\/mtrilhas\/mod\/page\/view.php?id=997\" target=\"_blank\" rel=\"noopener\">neste link<\/a>.<\/p>\n<p>Fonte: Ag\u00eancia Minas<\/p>\n","protected":false},"excerpt":{"rendered":"<p>O\u00a0Governo de Minas, por meio do\u00a0Instituto Mineiro de Gest\u00e3o das \u00c1guas (Igam), divulgou a\u00a0programa\u00e7\u00e3o da Semana da \u00c1gua 2025, que acontecer\u00e1 de 17 a 21\/3. Realizado anualmente, em celebra\u00e7\u00e3o ao Dia Mundial da \u00c1gua, comemorado em 22\/3, o evento tem como objetivo sensibilizar e informar a popula\u00e7\u00e3o sobre a import\u00e2ncia da preserva\u00e7\u00e3o dos recursos h\u00eddricos, [&hellip;]<\/p>\n","protected":false},"author":246,"featured_media":227253,"comment_status":"closed","ping_status":"closed","sticky":false,"template":"","format":"standard","meta":{"footnotes":""},"categories":[436,261,254,252,439],"tags":[],"class_list":["post-227252","post","type-post","status-publish","format-standard","has-post-thumbnail","hentry","category-destaque-da-semana","category-economia","category-politica","category-regiao","category-ultima-hora"],"_links":{"self":[{"href":"https:\/\/diarioregionaldigital.com.br\/index.php?rest_route=\/wp\/v2\/posts\/227252","targetHints":{"allow":["GET"]}}],"collection":[{"href":"https:\/\/diarioregionaldigital.com.br\/index.php?rest_route=\/wp\/v2\/posts"}],"about":[{"href":"https:\/\/diarioregionaldigital.com.br\/index.php?rest_route=\/wp\/v2\/types\/post"}],"author":[{"embeddable":true,"href":"https:\/\/diarioregionaldigital.com.br\/index.php?rest_route=\/wp\/v2\/users\/246"}],"replies":[{"embeddable":true,"href":"https:\/\/diarioregionaldigital.com.br\/index.php?rest_route=%2Fwp%2Fv2%2Fcomments&post=227252"}],"version-history":[{"count":1,"href":"https:\/\/diarioregionaldigital.com.br\/index.php?rest_route=\/wp\/v2\/posts\/227252\/revisions"}],"predecessor-version":[{"id":227254,"href":"https:\/\/diarioregionaldigital.com.br\/index.php?rest_route=\/wp\/v2\/posts\/227252\/revisions\/227254"}],"wp:featuredmedia":[{"embeddable":true,"href":"https:\/\/diarioregionaldigital.com.br\/index.php?rest_route=\/wp\/v2\/media\/227253"}],"wp:attachment":[{"href":"https:\/\/diarioregionaldigital.com.br\/index.php?rest_route=%2Fwp%2Fv2%2Fmedia&parent=227252"}],"wp:term":[{"taxonomy":"category","embeddable":true,"href":"https:\/\/diarioregionaldigital.com.br\/index.php?rest_route=%2Fwp%2Fv2%2Fcategories&post=227252"},{"taxonomy":"post_tag","embeddable":true,"href":"https:\/\/diarioregionaldigital.com.br\/index.php?rest_route=%2Fwp%2Fv2%2Ftags&post=227252"}],"curies":[{"name":"wp","href":"https:\/\/api.w.org\/{rel}","templated":true}]}}