{"id":227248,"date":"2025-03-14T18:27:37","date_gmt":"2025-03-14T21:27:37","guid":{"rendered":"https:\/\/diarioregionaldigital.com.br\/?p=227248"},"modified":"2025-03-14T18:27:54","modified_gmt":"2025-03-14T21:27:54","slug":"governo-de-minas-e-bh-airport-comemoram-recorde-de-passageiros-no-carnaval-e-avanco-em-conectividade","status":"publish","type":"post","link":"https:\/\/diarioregionaldigital.com.br\/?p=227248","title":{"rendered":"Governo de Minas e BH Airport comemoram recorde de passageiros no Carnaval e avan\u00e7o em conectividade"},"content":{"rendered":"<p>O sucesso do Carnaval da Liberdade ficou comprovado pelo recorde de movimenta\u00e7\u00e3o no Aeroporto Internacional de Belo Horizonte, em Confins. Foram 257 mil passageiros entre os dias 27\/2 e 6\/3. O resultado registrado pela BH Airport, administradora do aeroporto, representa um crescimento de 26% em rela\u00e7\u00e3o ao mesmo per\u00edodo de 2024.<\/p>\n<div class=\"clear \">\n<p>Esse recorde segue uma tend\u00eancia de crescimento que ficou evidente no ano passado. O terminal internacional mineiro teve o maior crescimento na movimenta\u00e7\u00e3o de passageiros do pa\u00eds: 18% em rela\u00e7\u00e3o a 2023, enquanto a m\u00e9dia nacional ficou em torno de 5%.<\/p>\n<p>O aumento de passageiros e de rotas dispon\u00edveis no terminal, assim como o crescimento do turismo no estado, confirmam o sucesso da parceria entre o\u00a0<a href=\"https:\/\/www.mg.gov.br\/\" target=\"_blank\" rel=\"noopener\">Governo de Minas<\/a>\u00a0e o BH Airport.<\/p>\n<table border=\"0\" cellspacing=\"1\" cellpadding=\"1\" align=\"center\">\n<tbody>\n<tr>\n<td colspan=\"5\"><img decoding=\"async\" src=\"https:\/\/www.agenciaminas.mg.gov.br\/ckeditor_assets\/pictures\/20949\/content_2_olho_topo.jpg\" alt=\"\" \/><\/td>\n<\/tr>\n<tr>\n<td><\/td>\n<td colspan=\"3\" rowspan=\"3\">\n<h1><strong>&#8220;Vemos com muita satisfa\u00e7\u00e3o essa crescente procura pelo Carnaval em Minas, um Carnaval que reflete o compromisso do Governo de Minas em refor\u00e7ar a nossa identidade, promovendo uma festa que celebra nossa cultura e impulsiona o nosso desenvolvimento, econ\u00f4mico e social&#8221;, frisou o vice-governador Professor Mateus.<\/strong><\/h1>\n<\/td>\n<td><\/td>\n<\/tr>\n<tr>\n<td><\/td>\n<td><\/td>\n<\/tr>\n<tr>\n<td><\/td>\n<td><\/td>\n<\/tr>\n<tr>\n<td colspan=\"5\"><img decoding=\"async\" src=\"https:\/\/www.agenciaminas.mg.gov.br\/ckeditor_assets\/pictures\/20950\/content_2_olho_inferior.jpg\" alt=\"\" \/><\/td>\n<\/tr>\n<\/tbody>\n<\/table>\n<p>Como forma de garantir a atratividade do territ\u00f3rio mineiro como destino tur\u00edstico no Carnaval, o governo estadual atua por meio da\u00a0<a href=\"https:\/\/desenvolvimento.mg.gov.br\/\" target=\"_blank\" rel=\"noopener\">Secretaria de Estado de Desenvolvimento Econ\u00f4mico (Sede-MG)<\/a>\u00a0e sua ag\u00eancia vinculada\u00a0<a href=\"https:\/\/investminas.mg.gov.br\/\" target=\"_blank\" rel=\"noopener\">Invest Minas<\/a>\u00a0na atra\u00e7\u00e3o de novos investimentos, e tamb\u00e9m da\u00a0<a href=\"https:\/\/www.secult.mg.gov.br\/\" target=\"_blank\" rel=\"noopener\">Secretaria de Estado de Cultura e Turismo (Secult-MG)<\/a>\u00a0no fomento ao turismo.<\/p>\n<p>\u201cEstamos cada vez mais integrados aos principais mercados nacionais e internacionais. Esse resultado reflete o trabalho estrat\u00e9gico do Governo de Minas na atra\u00e7\u00e3o de investimentos, na expans\u00e3o da malha a\u00e9rea e no fortalecimento do turismo, gerando mais empregos e oportunidades\u201d, destacou a secret\u00e1ria de Estado de Desenvolvimento Econ\u00f4mico, Mila Corr\u00eaa da Costa.<\/p>\n<p>&#8220;A moderniza\u00e7\u00e3o e a excel\u00eancia do BH Airport, reconhecida pela qualidade, conforto e seguran\u00e7a, fortalecem Minas Gerais como um hub estrat\u00e9gico de turismo e neg\u00f3cios. Esse crescimento recorde reflete o trabalho consistente do Governo de Minas na expans\u00e3o da conectividade a\u00e9rea, garantindo mais oportunidades para os mineiros e consolidando nosso estado como um dos principais destinos do pa\u00eds&#8221;, ressaltou o\u00a0secret\u00e1rio de Estado de Cultura e Turismo de Minas Gerais, Le\u00f4nidas Oliveira.<\/p>\n<p>J\u00e1 o CEO do BH Airport, Daniel Miranda, lembra que o setor viveu um impacto significativo com a pandemia, mas no \u00faltimo ano a movimenta\u00e7\u00e3o superou patamares pr\u00e9-pand\u00eamicos. \u201cTemos realizado um trabalho junto ao Governo de Minas para atrair cada vez mais rotas e isso tem trazido resultados. Hoje, somos o segundo aeroporto no Brasil com o maior n\u00famero de destinos dom\u00e9sticos e o terceiro em destinos totais e, com orgulho, projetamos Minas Gerais para cerca de 70 destinos\u201d, afirma.<\/p>\n<p><strong>Incentivos e crescimento\u00a0<\/strong><\/p>\n<p>De 2020 para c\u00e1, o crescimento no n\u00famero de rotas nacionais e internacionais foi quase ininterrupto. Em 2020 eram 41 voos dom\u00e9sticos e cinco internacionais (Buenos Aires-ARG, Fort Lauderdale-EUA, Lisboa-POR, Orlando-EUA e Cidade do Panam\u00e1-PAN).<\/p>\n<p>Em 2021, j\u00e1 durante a pandemia, eram 42 dom\u00e9sticos e dois internacionais (Lisboa-POR e Cidade do Panam\u00e1-PAN). No ano seguinte houve incremento de mais sete voos internos.<\/p>\n<p>J\u00e1 em 2023, ap\u00f3s a pandemia, o BH Airport passou a oferecer 58 rotas dom\u00e9sticas e sete internacionais (Bogot\u00e1-COL, Cura\u00e7ao-CUR, Fort Lauderdale-EUA, Orlando-EUA e Santiago-CHI, al\u00e9m das duas mantidas).<\/p>\n<p>Em 2024 houve novo salto, sobretudo nos voos dom\u00e9sticos, que passaram a ligar 63 destinos. Os destinos internacionais passaram a ser oito, com a inclus\u00e3o de Buenos Aires-ARG.<\/p>\n<p>\u201cEm parceria com o BH Airport, o Governo de Minas implementou medidas como a redu\u00e7\u00e3o da al\u00edquota do ICMS sobre o querosene de avia\u00e7\u00e3o e incentivos para a amplia\u00e7\u00e3o da malha a\u00e9rea, atraindo novos voos e aumentando a competitividade do setor\u201d, completou Gustavo Pontello, analista de Promo\u00e7\u00e3o de Investimentos da Invest Minas.<\/p>\n<p>Fonte: Ag\u00eancia Minas<\/p>\n<\/div>\n<p>&nbsp;<\/p>\n","protected":false},"excerpt":{"rendered":"<p>O sucesso do Carnaval da Liberdade ficou comprovado pelo recorde de movimenta\u00e7\u00e3o no Aeroporto Internacional de Belo Horizonte, em Confins. Foram 257 mil passageiros entre os dias 27\/2 e 6\/3. O resultado registrado pela BH Airport, administradora do aeroporto, representa um crescimento de 26% em rela\u00e7\u00e3o ao mesmo per\u00edodo de 2024. Esse recorde segue uma [&hellip;]<\/p>\n","protected":false},"author":246,"featured_media":227249,"comment_status":"closed","ping_status":"closed","sticky":false,"template":"","format":"standard","meta":{"footnotes":""},"categories":[436,440,261,254,439],"tags":[],"class_list":["post-227248","post","type-post","status-publish","format-standard","has-post-thumbnail","hentry","category-destaque-da-semana","category-destaques-do-dia","category-economia","category-politica","category-ultima-hora"],"_links":{"self":[{"href":"https:\/\/diarioregionaldigital.com.br\/index.php?rest_route=\/wp\/v2\/posts\/227248","targetHints":{"allow":["GET"]}}],"collection":[{"href":"https:\/\/diarioregionaldigital.com.br\/index.php?rest_route=\/wp\/v2\/posts"}],"about":[{"href":"https:\/\/diarioregionaldigital.com.br\/index.php?rest_route=\/wp\/v2\/types\/post"}],"author":[{"embeddable":true,"href":"https:\/\/diarioregionaldigital.com.br\/index.php?rest_route=\/wp\/v2\/users\/246"}],"replies":[{"embeddable":true,"href":"https:\/\/diarioregionaldigital.com.br\/index.php?rest_route=%2Fwp%2Fv2%2Fcomments&post=227248"}],"version-history":[{"count":2,"href":"https:\/\/diarioregionaldigital.com.br\/index.php?rest_route=\/wp\/v2\/posts\/227248\/revisions"}],"predecessor-version":[{"id":227251,"href":"https:\/\/diarioregionaldigital.com.br\/index.php?rest_route=\/wp\/v2\/posts\/227248\/revisions\/227251"}],"wp:featuredmedia":[{"embeddable":true,"href":"https:\/\/diarioregionaldigital.com.br\/index.php?rest_route=\/wp\/v2\/media\/227249"}],"wp:attachment":[{"href":"https:\/\/diarioregionaldigital.com.br\/index.php?rest_route=%2Fwp%2Fv2%2Fmedia&parent=227248"}],"wp:term":[{"taxonomy":"category","embeddable":true,"href":"https:\/\/diarioregionaldigital.com.br\/index.php?rest_route=%2Fwp%2Fv2%2Fcategories&post=227248"},{"taxonomy":"post_tag","embeddable":true,"href":"https:\/\/diarioregionaldigital.com.br\/index.php?rest_route=%2Fwp%2Fv2%2Ftags&post=227248"}],"curies":[{"name":"wp","href":"https:\/\/api.w.org\/{rel}","templated":true}]}}