{"id":227245,"date":"2025-03-14T18:26:22","date_gmt":"2025-03-14T21:26:22","guid":{"rendered":"https:\/\/diarioregionaldigital.com.br\/?p=227245"},"modified":"2025-03-14T18:26:22","modified_gmt":"2025-03-14T21:26:22","slug":"minas-gerais-e-mocambique-firmam-parceria-para-impulsionar-turismo-e-cultura","status":"publish","type":"post","link":"https:\/\/diarioregionaldigital.com.br\/?p=227245","title":{"rendered":"Minas Gerais e Mo\u00e7ambique firmam parceria para impulsionar turismo e cultura"},"content":{"rendered":"<p>O\u00a0<a href=\"https:\/\/www.mg.gov.br\/\" target=\"_blank\" rel=\"noopener\">Governo de Minas Gerais<\/a>\u00a0e o setor de Turismo de Mo\u00e7ambique firmaram uma parceria estrat\u00e9gica para o interc\u00e2mbio cultural e tur\u00edstico entre os dois territ\u00f3rios. Durante a BTL Lisboa, um dos eventos de turismo mais importantes do mundo, que acontece na capital portuguesa at\u00e9 domingo (16\/3), a\u00a0<a href=\"https:\/\/www.secult.mg.gov.br\/\" target=\"_blank\" rel=\"noopener\">Secretaria de Estado de Cultura e Turismo de Minas Gerais (Secult-MG)<\/a>\u00a0assinou um protocolo de inten\u00e7\u00f5es com o Minist\u00e9rio da Economia \u2013 Instituto Nacional do Turismo (Inatur) e o Minist\u00e9rio das Finan\u00e7as \u2013 Centro de Desenvolvimento de Sistemas de Informa\u00e7\u00e3o de Finan\u00e7as (CEDSIF) de Mo\u00e7ambique.<\/p>\n<p>A parceria prev\u00ea a troca de experi\u00eancias e boas pr\u00e1ticas na gest\u00e3o do turismo, al\u00e9m da integra\u00e7\u00e3o de a\u00e7\u00f5es culturais e art\u00edsticas entre Minas Gerais e Mo\u00e7ambique.<\/p>\n<p>O protocolo inclui a participa\u00e7\u00e3o m\u00fatua em eventos tur\u00edsticos, a cess\u00e3o da Plataforma Integrada do Turismo de Minas Gerais e a realiza\u00e7\u00e3o dos Aul\u00f5es da Secult, que promover\u00e3o qualifica\u00e7\u00e3o e troca de conhecimento sobre turismo e economia criativa entre os dois territ\u00f3rios.<\/p>\n<p>&#8220;Celebrar este acordo com Mo\u00e7ambique na BTL \u00e9 um marco para a uni\u00e3o dos pa\u00edses de l\u00edngua portuguesa. Minas Gerais e Mo\u00e7ambique compartilham riquezas culturais \u00fanicas, e essa parceria \u00e9 fundamental para fortalecer o turismo, a cultura e a economia criativa de ambos os territ\u00f3rios&#8221;, afirmou o secret\u00e1rio Le\u00f4nidas Oliveira.<\/p>\n<p>Fredson Victor Bacar, secret\u00e1rio de Estado de Turismo de Mo\u00e7ambique, destacou a import\u00e2ncia da alian\u00e7a: &#8220;Essa inten\u00e7\u00e3o de parceria representa o avivar da esperan\u00e7a e do compromisso entre nossos povos. Mesmo separados por um oceano, podemos construir juntos novas oportunidades e compartilhar nossa rica diversidade cultural.&#8221;<\/p>\n<p>Minas Gerais tamb\u00e9m foi convidada a participar da Feira Internacional de Turismo de Mo\u00e7ambique (Fikani), que acontece em outubro, em Maputo. O convite refor\u00e7a a aproxima\u00e7\u00e3o entre os dois destinos e abre caminho para novas oportunidades de coopera\u00e7\u00e3o entre Brasil e \u00c1frica no setor tur\u00edstico. Com essa iniciativa, Minas Gerais avan\u00e7a na estrat\u00e9gia de internacionaliza\u00e7\u00e3o do turismo, consolidando-se como um destino global e promovendo conex\u00f5es culturais que transcendem fronteiras.<\/p>\n<p>Fonte: Ag\u00eancia Minas<\/p>\n","protected":false},"excerpt":{"rendered":"<p>O\u00a0Governo de Minas Gerais\u00a0e o setor de Turismo de Mo\u00e7ambique firmaram uma parceria estrat\u00e9gica para o interc\u00e2mbio cultural e tur\u00edstico entre os dois territ\u00f3rios. Durante a BTL Lisboa, um dos eventos de turismo mais importantes do mundo, que acontece na capital portuguesa at\u00e9 domingo (16\/3), a\u00a0Secretaria de Estado de Cultura e Turismo de Minas Gerais [&hellip;]<\/p>\n","protected":false},"author":246,"featured_media":227246,"comment_status":"closed","ping_status":"closed","sticky":false,"template":"","format":"standard","meta":{"footnotes":""},"categories":[436,261,254,252,439],"tags":[],"class_list":["post-227245","post","type-post","status-publish","format-standard","has-post-thumbnail","hentry","category-destaque-da-semana","category-economia","category-politica","category-regiao","category-ultima-hora"],"_links":{"self":[{"href":"https:\/\/diarioregionaldigital.com.br\/index.php?rest_route=\/wp\/v2\/posts\/227245","targetHints":{"allow":["GET"]}}],"collection":[{"href":"https:\/\/diarioregionaldigital.com.br\/index.php?rest_route=\/wp\/v2\/posts"}],"about":[{"href":"https:\/\/diarioregionaldigital.com.br\/index.php?rest_route=\/wp\/v2\/types\/post"}],"author":[{"embeddable":true,"href":"https:\/\/diarioregionaldigital.com.br\/index.php?rest_route=\/wp\/v2\/users\/246"}],"replies":[{"embeddable":true,"href":"https:\/\/diarioregionaldigital.com.br\/index.php?rest_route=%2Fwp%2Fv2%2Fcomments&post=227245"}],"version-history":[{"count":1,"href":"https:\/\/diarioregionaldigital.com.br\/index.php?rest_route=\/wp\/v2\/posts\/227245\/revisions"}],"predecessor-version":[{"id":227247,"href":"https:\/\/diarioregionaldigital.com.br\/index.php?rest_route=\/wp\/v2\/posts\/227245\/revisions\/227247"}],"wp:featuredmedia":[{"embeddable":true,"href":"https:\/\/diarioregionaldigital.com.br\/index.php?rest_route=\/wp\/v2\/media\/227246"}],"wp:attachment":[{"href":"https:\/\/diarioregionaldigital.com.br\/index.php?rest_route=%2Fwp%2Fv2%2Fmedia&parent=227245"}],"wp:term":[{"taxonomy":"category","embeddable":true,"href":"https:\/\/diarioregionaldigital.com.br\/index.php?rest_route=%2Fwp%2Fv2%2Fcategories&post=227245"},{"taxonomy":"post_tag","embeddable":true,"href":"https:\/\/diarioregionaldigital.com.br\/index.php?rest_route=%2Fwp%2Fv2%2Ftags&post=227245"}],"curies":[{"name":"wp","href":"https:\/\/api.w.org\/{rel}","templated":true}]}}