{"id":227239,"date":"2025-03-13T20:25:23","date_gmt":"2025-03-13T23:25:23","guid":{"rendered":"https:\/\/diarioregionaldigital.com.br\/?p=227239"},"modified":"2025-03-13T20:25:23","modified_gmt":"2025-03-13T23:25:23","slug":"mutirao-de-limpeza-e-combate-a-dengue-na-regiao-oeste-acontece-neste-sabado-15","status":"publish","type":"post","link":"https:\/\/diarioregionaldigital.com.br\/?p=227239","title":{"rendered":"Mutir\u00e3o de limpeza e combate \u00e0 dengue na Regi\u00e3o Oeste acontece neste s\u00e1bado (15)"},"content":{"rendered":"<p>Segundo informa\u00e7\u00f5es do site da Prefeitura de Juiz de Fora (PJF), a PJF promove mais um mutir\u00e3o de limpeza neste s\u00e1bado (15), para intensificar o trabalho cont\u00ednuo de combate \u00e0 dengue, zika e chikungunya, realizado ao longo de todo o ano. O objetivo \u00e9 facilitar os moradores a descartarem materiais que possam acumular \u00e1gua em suas resid\u00eancias. Nesta semana, os bairros contemplados ser\u00e3o da Regi\u00e3o Oeste: Jardim Casablanca, Cai\u00e7aras, Parque S\u00e3o Pedro, Adolpho Vireque, Tup\u00e3, Santana, Recanto dos Brugger e Borboleta.<\/p>\n<div id=\"box_texto_noticia\">\n<p>No dia do mutir\u00e3o, caminh\u00f5es e equipes do Departamento Municipal de Limpeza Urbana (Demlurb) percorrer\u00e3o as ruas dos bairros entre 8h e 14h. Os moradores devem deixar na porta de suas casas materiais que acumulam \u00e1gua, como pneus e garrafas. Outros itens como m\u00f3veis inserv\u00edveis, restos de constru\u00e7\u00e3o civil, madeira, e res\u00edduos volumosos devem ser descartados pelos pr\u00f3prios geradores nos Ecopontos do Demlurb.<\/p>\n<p>Al\u00e9m da participa\u00e7\u00e3o de servidores do Demlurb e dos Agentes de Combate \u00e0s Endemias da Secretaria de Sa\u00fade, a a\u00e7\u00e3o tamb\u00e9m conta com os trabalhos dos fiscais de posturas da Secretaria de Desenvolvimento Urbano com Participa\u00e7\u00e3o Popular (Sedupp), para a\u00e7\u00f5es como identifica\u00e7\u00e3o de focos geradores de vetores, fechamento de caixa d\u00b4\u00e1gua, identifica\u00e7\u00e3o de im\u00f3veis abandonados e ve\u00edculos em abandono nas vias, edifica\u00e7\u00f5es insalubres e ac\u00famulo de \u00e1gua em elementos da edifica\u00e7\u00e3o, como lajes e marquises.<\/p>\n<p>Al\u00e9m do mutir\u00e3o, as equipes da Secretaria de Sa\u00fade tamb\u00e9m realizam trabalhos de mobiliza\u00e7\u00e3o social e educa\u00e7\u00e3o em sa\u00fade durante a semana. Essas atividades ocorrem em escolas, feiras e outros equipamentos sociais nos bairros da regi\u00e3o Nordeste. Os Agentes de Combate \u00e0s Endemias (ACE) da Secretaria de Sa\u00fade (SS) realizam\u00a0<a href=\"https:\/\/www.pjf.mg.gov.br\/noticias\/view.php?modo=link2&amp;idnoticia2=85525\"><u>visitas domiciliares como parte do tratamento focal<\/u><\/a>.<\/p>\n<p>&nbsp;<\/p>\n<p><strong>Denuncie<\/strong><\/p>\n<p>A popula\u00e7\u00e3o tamb\u00e9m possui um papel fundamental no combate \u00e0s arboviroses. Al\u00e9m de participar ativamente na preven\u00e7\u00e3o recebendo os Agentes de Combate \u00e0s Endemias em suas resid\u00eancias, \u00e9 poss\u00edvel realizar den\u00fancias an\u00f4nimas sobre focos do Aedes aegypti em Juiz de Fora e regi\u00e3o.<\/p>\n<p>Para denunciar, a popula\u00e7\u00e3o tem \u00e0 disposi\u00e7\u00e3o o\u00a0<a href=\"https:\/\/jfcontraoaedes.pjf.mg.gov.br\/\"><u>sistema JF Contra o Aedes<\/u><\/a>, acess\u00edvel em qualquer navegador de smartphones, tablets, notebooks e computadores. Neste sistema, \u00e9 poss\u00edvel registrar den\u00fancias de locais de criadouros do mosquito. Outras formas de den\u00fancia incluem o contato via WhatsApp, atrav\u00e9s do n\u00famero (32) 98432-4608, ou por e-mail, no endere\u00e7o dengue@pjf.mg.gov.br. A popula\u00e7\u00e3o tamb\u00e9m pode se dirigir a qualquer um dos postos do Departamento de Informa\u00e7\u00e3o Geral e Atendimento (DIGA) para realizar den\u00fancias.<\/p>\n<p>&nbsp;<\/p>\n<p><strong>Ecopontos para o descarte de materiais inserv\u00edveis<\/strong><\/p>\n<p>&nbsp;<\/p>\n<p>&#8211; Rua Francisco Pinheiro, Nova Benfica<\/p>\n<p>&nbsp;<\/p>\n<p>&#8211; Rua Carlos Tavares Pinto, Retiro<\/p>\n<p>&nbsp;<\/p>\n<p>&#8211; Rua Jos\u00e9 Apol\u00f4nio dos Reis, 100, em frente ao Gin\u00e1sio Municipal, Aeroporto<\/p>\n<p>&nbsp;<\/p>\n<p>&#8211; Rua Ant\u00f4nio Weitzel, em frente ao n\u00ba 710, Barbosa Lage<\/p>\n<p>&nbsp;<\/p>\n<p>&#8211; Rua Jos\u00e9 Meirelles, Parque das \u00c1guas<\/p>\n<p>&nbsp;<\/p>\n<p>Os Ecopontos funcionam de 8h \u00e0s 17h de segunda a sexta-feira e de 8h \u00e0s 12h aos s\u00e1bados.<\/p>\n<\/div>\n<p>&nbsp;<\/p>\n","protected":false},"excerpt":{"rendered":"<p>Segundo informa\u00e7\u00f5es do site da Prefeitura de Juiz de Fora (PJF), a PJF promove mais um mutir\u00e3o de limpeza neste s\u00e1bado (15), para intensificar o trabalho cont\u00ednuo de combate \u00e0 dengue, zika e chikungunya, realizado ao longo de todo o ano. O objetivo \u00e9 facilitar os moradores a descartarem materiais que possam acumular \u00e1gua em [&hellip;]<\/p>\n","protected":false},"author":246,"featured_media":227240,"comment_status":"closed","ping_status":"closed","sticky":false,"template":"","format":"standard","meta":{"footnotes":""},"categories":[253,436,439],"tags":[],"class_list":["post-227239","post","type-post","status-publish","format-standard","has-post-thumbnail","hentry","category-cidade","category-destaque-da-semana","category-ultima-hora"],"_links":{"self":[{"href":"https:\/\/diarioregionaldigital.com.br\/index.php?rest_route=\/wp\/v2\/posts\/227239","targetHints":{"allow":["GET"]}}],"collection":[{"href":"https:\/\/diarioregionaldigital.com.br\/index.php?rest_route=\/wp\/v2\/posts"}],"about":[{"href":"https:\/\/diarioregionaldigital.com.br\/index.php?rest_route=\/wp\/v2\/types\/post"}],"author":[{"embeddable":true,"href":"https:\/\/diarioregionaldigital.com.br\/index.php?rest_route=\/wp\/v2\/users\/246"}],"replies":[{"embeddable":true,"href":"https:\/\/diarioregionaldigital.com.br\/index.php?rest_route=%2Fwp%2Fv2%2Fcomments&post=227239"}],"version-history":[{"count":1,"href":"https:\/\/diarioregionaldigital.com.br\/index.php?rest_route=\/wp\/v2\/posts\/227239\/revisions"}],"predecessor-version":[{"id":227241,"href":"https:\/\/diarioregionaldigital.com.br\/index.php?rest_route=\/wp\/v2\/posts\/227239\/revisions\/227241"}],"wp:featuredmedia":[{"embeddable":true,"href":"https:\/\/diarioregionaldigital.com.br\/index.php?rest_route=\/wp\/v2\/media\/227240"}],"wp:attachment":[{"href":"https:\/\/diarioregionaldigital.com.br\/index.php?rest_route=%2Fwp%2Fv2%2Fmedia&parent=227239"}],"wp:term":[{"taxonomy":"category","embeddable":true,"href":"https:\/\/diarioregionaldigital.com.br\/index.php?rest_route=%2Fwp%2Fv2%2Fcategories&post=227239"},{"taxonomy":"post_tag","embeddable":true,"href":"https:\/\/diarioregionaldigital.com.br\/index.php?rest_route=%2Fwp%2Fv2%2Ftags&post=227239"}],"curies":[{"name":"wp","href":"https:\/\/api.w.org\/{rel}","templated":true}]}}