{"id":227236,"date":"2025-03-13T20:23:41","date_gmt":"2025-03-13T23:23:41","guid":{"rendered":"https:\/\/diarioregionaldigital.com.br\/?p=227236"},"modified":"2025-03-13T20:23:41","modified_gmt":"2025-03-13T23:23:41","slug":"programa-gente-em-primeiro-lugar-promove-aula-pratica-de-moda","status":"publish","type":"post","link":"https:\/\/diarioregionaldigital.com.br\/?p=227236","title":{"rendered":"Programa Gente em Primeiro Lugar promove aula pr\u00e1tica de moda"},"content":{"rendered":"<p>Segundo informa\u00e7\u00f5es do site da Prefeitura de Juiz de Fora (PJF),\u00a0 o\u00a0Programa Gente em Primeiro Lugar, realizado pela Prefeitura de Juiz de Fora, por meio da Funda\u00e7\u00e3o Cultural Alfredo Ferreira Lage (Funalfa) e executado pela Associa\u00e7\u00e3o Municipal de Apoio Comunit\u00e1rio (Amac), promoveu, nesta quinta feira (13), uma aula pr\u00e1tica de moda na tradicional Loja Normandi Tecidos. A atividade foi conduzida pelo supervisor de artes visuais e articulador da oficina de moda, Carlos Elias, proporcionando aos alunos uma imers\u00e3o no universo t\u00eaxtil.<\/p>\n<p>A experi\u00eancia permitir\u00e1 que os participantes conhe\u00e7am diferentes tipos de tecidos, suas composi\u00e7\u00f5es, aplica\u00e7\u00f5es e funcionalidades, aprofundando conhecimentos essenciais para a cria\u00e7\u00e3o e confec\u00e7\u00e3o de vestu\u00e1rio. \u201cEssa viv\u00eancia, em contato direto com os materiais, amplia a percep\u00e7\u00e3o dos alunos sobre a moda e suas possibilidades criativas\u201d, destaca Carlos Elias.<\/p>\n<p>O coordenador do programa, Fernando Val\u00e9rio, ressalta a import\u00e2ncia da atividade: \u201cProporcionar aos alunos essa experi\u00eancia pr\u00e1tica \u00e9 essencial para a forma\u00e7\u00e3o deles. O contato direto com os tecidos e o ambiente comercial amplia suas refer\u00eancias e possibilita uma vis\u00e3o mais concreta do mercado da moda\u201d.<\/p>\n<p>A iniciativa faz parte da metodologia do programa, que valoriza a aprendizagem pr\u00e1tica e o contato direto com o mercado, preparando os alunos para uma atua\u00e7\u00e3o mais qualificada na \u00e1rea da moda. O Programa Gente em Primeiro Lugar segue fortalecendo o acesso \u00e0 cultura e \u00e0 forma\u00e7\u00e3o art\u00edstica em Juiz de Fora, proporcionando oportunidades de desenvolvimento profissional e social por meio das artes.<\/p>\n","protected":false},"excerpt":{"rendered":"<p>Segundo informa\u00e7\u00f5es do site da Prefeitura de Juiz de Fora (PJF),\u00a0 o\u00a0Programa Gente em Primeiro Lugar, realizado pela Prefeitura de Juiz de Fora, por meio da Funda\u00e7\u00e3o Cultural Alfredo Ferreira Lage (Funalfa) e executado pela Associa\u00e7\u00e3o Municipal de Apoio Comunit\u00e1rio (Amac), promoveu, nesta quinta feira (13), uma aula pr\u00e1tica de moda na tradicional Loja Normandi [&hellip;]<\/p>\n","protected":false},"author":246,"featured_media":227237,"comment_status":"closed","ping_status":"closed","sticky":false,"template":"","format":"standard","meta":{"footnotes":""},"categories":[253,436,439],"tags":[],"class_list":["post-227236","post","type-post","status-publish","format-standard","has-post-thumbnail","hentry","category-cidade","category-destaque-da-semana","category-ultima-hora"],"_links":{"self":[{"href":"https:\/\/diarioregionaldigital.com.br\/index.php?rest_route=\/wp\/v2\/posts\/227236","targetHints":{"allow":["GET"]}}],"collection":[{"href":"https:\/\/diarioregionaldigital.com.br\/index.php?rest_route=\/wp\/v2\/posts"}],"about":[{"href":"https:\/\/diarioregionaldigital.com.br\/index.php?rest_route=\/wp\/v2\/types\/post"}],"author":[{"embeddable":true,"href":"https:\/\/diarioregionaldigital.com.br\/index.php?rest_route=\/wp\/v2\/users\/246"}],"replies":[{"embeddable":true,"href":"https:\/\/diarioregionaldigital.com.br\/index.php?rest_route=%2Fwp%2Fv2%2Fcomments&post=227236"}],"version-history":[{"count":1,"href":"https:\/\/diarioregionaldigital.com.br\/index.php?rest_route=\/wp\/v2\/posts\/227236\/revisions"}],"predecessor-version":[{"id":227238,"href":"https:\/\/diarioregionaldigital.com.br\/index.php?rest_route=\/wp\/v2\/posts\/227236\/revisions\/227238"}],"wp:featuredmedia":[{"embeddable":true,"href":"https:\/\/diarioregionaldigital.com.br\/index.php?rest_route=\/wp\/v2\/media\/227237"}],"wp:attachment":[{"href":"https:\/\/diarioregionaldigital.com.br\/index.php?rest_route=%2Fwp%2Fv2%2Fmedia&parent=227236"}],"wp:term":[{"taxonomy":"category","embeddable":true,"href":"https:\/\/diarioregionaldigital.com.br\/index.php?rest_route=%2Fwp%2Fv2%2Fcategories&post=227236"},{"taxonomy":"post_tag","embeddable":true,"href":"https:\/\/diarioregionaldigital.com.br\/index.php?rest_route=%2Fwp%2Fv2%2Ftags&post=227236"}],"curies":[{"name":"wp","href":"https:\/\/api.w.org\/{rel}","templated":true}]}}