{"id":227230,"date":"2025-03-13T20:19:41","date_gmt":"2025-03-13T23:19:41","guid":{"rendered":"https:\/\/diarioregionaldigital.com.br\/?p=227230"},"modified":"2025-03-13T20:19:41","modified_gmt":"2025-03-13T23:19:41","slug":"pjf-divulga-resultado-do-edital-de-selecionados-para-o-programa-bolsa-atleta-2025","status":"publish","type":"post","link":"https:\/\/diarioregionaldigital.com.br\/?p=227230","title":{"rendered":"PJF divulga resultado do edital de selecionados para o Programa Bolsa Atleta 2025"},"content":{"rendered":"<p>Segundo informa\u00e7\u00f5es do site da Prefeitura de Juiz de Fora (PJF), a PJF divulgou nesta quinta-feira (13), em conjunto ao Conselho Municipal de Desportos (CMD)\u00a0 o <a href=\"https:\/\/www.pjf.mg.gov.br\/e_atos\/e_atos_vis.php?id=127877\"><u>resultado final do edital<\/u><\/a>\u00a0do Programa Bolsa Atleta de Juiz de Fora, ap\u00f3s os recursos. O programa gerido pela Secretaria de Esporte e Lazer (SEL) da PJF tem como objetivo selecionar bolsas para atletas e paratletas, envolvidos nas pr\u00e1ticas de esportes de rendimento, em modalidades ol\u00edmpicas, paral\u00edmpicas, ou reconhecidas em n\u00edvel regional, nacional e\/ou internacional.<\/p>\n<p>Ao todo,<a href=\"https:\/\/www.pjf.mg.gov.br\/e_atos\/anexos\/1-2025sel_140913.pdf\"><u>\u00a061 bolsas foram concedidas<\/u><\/a>\u00a0, divididas em desporto e paradesporto, nas categorias individual, coletiva, t\u00e9cnica e estudantil. \u201cO Programa permite que os atletas tenham uma prepara\u00e7\u00e3o mais tranquila, pois poder\u00e3o subsidiar com material de treino, viagens e alimenta\u00e7\u00e3o, por exemplo. Isso comprova o compromisso do munic\u00edpio com desenvolvimento no esporte na cidade\u201d, destaca o secret\u00e1rio de Esporte e Lazer, Marcelo Matta.<\/p>\n<p>O Programa Bolsa Atleta de Juiz de Fora \u00e9 um cumprimento \u00e0 Lei Municipal n\u00b0 14.553, de 6 de janeiro de 2023, regulamentada pelo Decreto n\u00ba 15.802, de 16 de mar\u00e7o de 2023.<\/p>\n<p>Outras informa\u00e7\u00f5es:<\/p>\n<p>Secretaria de Esporte e Lazer &#8211; (32) 3690-7844<\/p>\n<p>E-mail: selgabinete@gmail.com<\/p>\n","protected":false},"excerpt":{"rendered":"<p>Segundo informa\u00e7\u00f5es do site da Prefeitura de Juiz de Fora (PJF), a PJF divulgou nesta quinta-feira (13), em conjunto ao Conselho Municipal de Desportos (CMD)\u00a0 o resultado final do edital\u00a0do Programa Bolsa Atleta de Juiz de Fora, ap\u00f3s os recursos. O programa gerido pela Secretaria de Esporte e Lazer (SEL) da PJF tem como objetivo [&hellip;]<\/p>\n","protected":false},"author":246,"featured_media":227231,"comment_status":"closed","ping_status":"closed","sticky":false,"template":"","format":"standard","meta":{"footnotes":""},"categories":[253,436,440,257,439],"tags":[],"class_list":["post-227230","post","type-post","status-publish","format-standard","has-post-thumbnail","hentry","category-cidade","category-destaque-da-semana","category-destaques-do-dia","category-esporte","category-ultima-hora"],"_links":{"self":[{"href":"https:\/\/diarioregionaldigital.com.br\/index.php?rest_route=\/wp\/v2\/posts\/227230","targetHints":{"allow":["GET"]}}],"collection":[{"href":"https:\/\/diarioregionaldigital.com.br\/index.php?rest_route=\/wp\/v2\/posts"}],"about":[{"href":"https:\/\/diarioregionaldigital.com.br\/index.php?rest_route=\/wp\/v2\/types\/post"}],"author":[{"embeddable":true,"href":"https:\/\/diarioregionaldigital.com.br\/index.php?rest_route=\/wp\/v2\/users\/246"}],"replies":[{"embeddable":true,"href":"https:\/\/diarioregionaldigital.com.br\/index.php?rest_route=%2Fwp%2Fv2%2Fcomments&post=227230"}],"version-history":[{"count":1,"href":"https:\/\/diarioregionaldigital.com.br\/index.php?rest_route=\/wp\/v2\/posts\/227230\/revisions"}],"predecessor-version":[{"id":227232,"href":"https:\/\/diarioregionaldigital.com.br\/index.php?rest_route=\/wp\/v2\/posts\/227230\/revisions\/227232"}],"wp:featuredmedia":[{"embeddable":true,"href":"https:\/\/diarioregionaldigital.com.br\/index.php?rest_route=\/wp\/v2\/media\/227231"}],"wp:attachment":[{"href":"https:\/\/diarioregionaldigital.com.br\/index.php?rest_route=%2Fwp%2Fv2%2Fmedia&parent=227230"}],"wp:term":[{"taxonomy":"category","embeddable":true,"href":"https:\/\/diarioregionaldigital.com.br\/index.php?rest_route=%2Fwp%2Fv2%2Fcategories&post=227230"},{"taxonomy":"post_tag","embeddable":true,"href":"https:\/\/diarioregionaldigital.com.br\/index.php?rest_route=%2Fwp%2Fv2%2Ftags&post=227230"}],"curies":[{"name":"wp","href":"https:\/\/api.w.org\/{rel}","templated":true}]}}