{"id":227227,"date":"2025-03-13T20:18:10","date_gmt":"2025-03-13T23:18:10","guid":{"rendered":"https:\/\/diarioregionaldigital.com.br\/?p=227227"},"modified":"2025-03-13T20:18:10","modified_gmt":"2025-03-13T23:18:10","slug":"governador-encerra-seminario-que-une-profissionais-do-japao-e-minas-na-cooperacao-para-prevencao-de-desastres","status":"publish","type":"post","link":"https:\/\/diarioregionaldigital.com.br\/?p=227227","title":{"rendered":"Governador encerra semin\u00e1rio que une profissionais do Jap\u00e3o e Minas na coopera\u00e7\u00e3o para preven\u00e7\u00e3o de desastres"},"content":{"rendered":"<p>O\u00a0<a href=\"https:\/\/www.mg.gov.br\/\" target=\"_blank\" rel=\"noopener\">Governo de Minas<\/a>, por meio da\u00a0<a href=\"https:\/\/www.defesacivil.mg.gov.br\/\" target=\"_blank\" rel=\"noopener\">Coordenadoria Estadual de Defesa Civil (Cedec)<\/a>, promoveu, nesta quinta-feira (13\/3), o Semin\u00e1rio de Gest\u00e3o de Desastres Naturais &#8220;Chuvas e Estiagem: Construindo uma Cultura de Preven\u00e7\u00e3o ao Risco&#8221;. O evento marca um passo importante na parceria entre a Cedec e a Ag\u00eancia de Coopera\u00e7\u00e3o Internacional do Jap\u00e3o (Jica).<\/p>\n<p>A Jica \u00e9 a ag\u00eancia do governo japon\u00eas respons\u00e1vel pela implementa\u00e7\u00e3o da Assist\u00eancia Oficial para o Desenvolvimento (ODA), que apoia o crescimento e a estabilidade socioecon\u00f4mica dos pa\u00edses em desenvolvimento, com o objetivo de contribuir para a constru\u00e7\u00e3o da paz e o desenvolvimento da sociedade internacional.<\/p>\n<p>O encontro reuniu mais de 500 pessoas, entre especialistas, coordenadores e agentes de defesa civil, engenheiros e servidores, para promover a constru\u00e7\u00e3o de uma cultura de preven\u00e7\u00e3o a desastres naturais, com foco nos per\u00edodos de chuva e estiagem.<\/p>\n<p>O governador Romeu Zema encerrou o semin\u00e1rio no audit\u00f3rio JK, na Cidade Administrativa, em Belo Horizonte, elogiando o trabalho da Defesa Civil de Minas Gerais e refor\u00e7ando a import\u00e2ncia do poder p\u00fablico para a resposta em situa\u00e7\u00f5es de desastre. Ele salientou o trabalho coordenado em apoio aos munic\u00edpios mineiros, capacitando gestores, realizando a distribui\u00e7\u00e3o de \u00e1gua pot\u00e1vel para locais em dificuldade\u00a0 durante os per\u00edodos de estiagem e avaliando \u00e1reas geol\u00f3gicas afetadas por desastres.<\/p>\n<table border=\"0\" cellspacing=\"1\" cellpadding=\"1\" align=\"center\">\n<tbody>\n<tr>\n<td colspan=\"5\"><img decoding=\"async\" src=\"https:\/\/www.agenciaminas.mg.gov.br\/ckeditor_assets\/pictures\/20949\/content_2_olho_topo.jpg\" alt=\"\" \/><\/td>\n<\/tr>\n<tr>\n<td><\/td>\n<td colspan=\"3\" rowspan=\"3\">\n<h1><strong>&#8220;Vejo esse interc\u00e2mbio como de fundamental import\u00e2ncia. Defesa Civil n\u00e3o se improvisa. Defesa Civil envolve, antes de tudo, prepara\u00e7\u00e3o. Por isso, temos apoiado as defesas civis municipais de Minas Gerais&#8221;, destacou Romeu Zema.<\/strong><\/h1>\n<\/td>\n<td><\/td>\n<\/tr>\n<tr>\n<td><\/td>\n<td><\/td>\n<\/tr>\n<tr>\n<td><\/td>\n<td><\/td>\n<\/tr>\n<tr>\n<td colspan=\"5\"><img decoding=\"async\" src=\"https:\/\/www.agenciaminas.mg.gov.br\/ckeditor_assets\/pictures\/20950\/content_2_olho_inferior.jpg\" alt=\"\" \/><\/td>\n<\/tr>\n<\/tbody>\n<\/table>\n<p>Nos \u00faltimos tr\u00eas anos, mais de R$ 94 milh\u00f5es foram destinados \u00e0 estrutura\u00e7\u00e3o das defesas civis municipais, com a entrega de 513 kits de viaturas, equipamentos e materiais de preven\u00e7\u00e3o, contemplando 494 cidades.<\/p>\n<p>O governador lembrou experi\u00eancias que Minas viveu em trag\u00e9dias como o rompimento da barragem em Brumadinho, em 2019, e o deslizamento de terra provocado por fortes chuvas, em Ipatinga, em janeiro deste ano. \u201cComo governador de Minas, eu tive a tristeza de presenciar esses eventos, e aprendi que uma resposta r\u00e1pida, mesmo que n\u00e3o seja a perfeita, \u00e9 muito melhor do que uma resposta perfeita lenta\u201d, ponderou.<\/p>\n<table border=\"0\" cellspacing=\"1\" cellpadding=\"1\" align=\"center\">\n<tbody>\n<tr>\n<td colspan=\"5\"><img decoding=\"async\" src=\"https:\/\/www.agenciaminas.mg.gov.br\/ckeditor_assets\/pictures\/20949\/content_2_olho_topo.jpg\" alt=\"\" \/><\/td>\n<\/tr>\n<tr>\n<td><\/td>\n<td colspan=\"3\" rowspan=\"3\">\n<h1><strong>&#8220;Acompanho os trabalhos bem de perto e a presen\u00e7a da nossa Cedec \u00e9 algo que realmente deixa as pessoas mais tranquilas, traz um alento. Este compartilhamento, esta troca de informa\u00e7\u00f5es, experi\u00eancias e ajuda t\u00e9cnica possibilita com que n\u00f3s tenhamos condi\u00e7\u00e3o de estarmos fazendo algo a mais em momentos t\u00e3o tristes&#8221;, analisou Romeu Zema.<\/strong><\/h1>\n<\/td>\n<td><\/td>\n<\/tr>\n<tr>\n<td><\/td>\n<td><\/td>\n<\/tr>\n<tr>\n<td><\/td>\n<td><\/td>\n<\/tr>\n<tr>\n<td colspan=\"5\"><img decoding=\"async\" src=\"https:\/\/www.agenciaminas.mg.gov.br\/ckeditor_assets\/pictures\/20950\/content_2_olho_inferior.jpg\" alt=\"\" \/><\/td>\n<\/tr>\n<\/tbody>\n<\/table>\n<p><strong>Semin\u00e1rio<\/strong><\/p>\n<p>A programa\u00e7\u00e3o do semin\u00e1rio inclui palestras de especialistas japoneses e brasileiros sobre conhecimentos t\u00e9cnicos e estudos de caso relativos \u00e0 mitiga\u00e7\u00e3o de riscos naturais. Foram abordados temas como boas pr\u00e1ticas japonesas em preven\u00e7\u00e3o de desastres, a crescente incid\u00eancia de eventos clim\u00e1ticos extremos e os desafios na gest\u00e3o de riscos em Minas.<\/p>\n<p>O evento tamb\u00e9m proporciona um espa\u00e7o para o di\u00e1logo entre gestores municipais e estaduais, permitindo a troca de experi\u00eancias e desafios na implementa\u00e7\u00e3o dessas iniciativas.<\/p>\n<table border=\"0\" cellspacing=\"1\" cellpadding=\"1\" align=\"center\">\n<tbody>\n<tr>\n<td colspan=\"5\"><img decoding=\"async\" src=\"https:\/\/www.agenciaminas.mg.gov.br\/ckeditor_assets\/pictures\/20949\/content_2_olho_topo.jpg\" alt=\"\" \/><\/td>\n<\/tr>\n<tr>\n<td><\/td>\n<td colspan=\"3\" rowspan=\"3\">\n<h1><strong>&#8220;O Jap\u00e3o possui bastante tecnologia e experi\u00eancia para lidar com desastres e Minas Gerais vem sendo um parceiro destacado nessa quest\u00e3o de interc\u00e2mbio de conhecimento. Hoje, os membros, bombeiros e gestores de Minas Gerais v\u00e3o poder replicar esses conhecimentos obtidos no Jap\u00e3o para o Brasil inteiro, assim ajudando para os eventos adversos no pa\u00eds&#8221;, o coordenador de projetos Jica no Brasil, Kazuaki Komazawa.<\/strong><\/h1>\n<\/td>\n<td><\/td>\n<\/tr>\n<tr>\n<td><\/td>\n<td><\/td>\n<\/tr>\n<tr>\n<td><\/td>\n<td><\/td>\n<\/tr>\n<tr>\n<td colspan=\"5\"><img decoding=\"async\" src=\"https:\/\/www.agenciaminas.mg.gov.br\/ckeditor_assets\/pictures\/20950\/content_2_olho_inferior.jpg\" alt=\"\" \/><\/td>\n<\/tr>\n<\/tbody>\n<\/table>\n<p>O coordenador estadual de Defesa Civil de Minas Gerais\u00a0tamb\u00e9m deve ir ao Jap\u00e3o, refer\u00eancia mundial em preven\u00e7\u00e3o de desastres, onde conhecer\u00e1 de perto as estrat\u00e9gias e tecnologias utilizadas no pa\u00eds, contribuindo para o aprimoramento das a\u00e7\u00f5es de gest\u00e3o de riscos em Minas Gerais. O fortalecimento da parceria internacional representa um avan\u00e7o significativo para a seguran\u00e7a da popula\u00e7\u00e3o mineira, alinhando Minas Gerais \u00e0s melhores pr\u00e1ticas globais na gest\u00e3o de riscos e desastres.<\/p>\n<table border=\"0\" cellspacing=\"1\" cellpadding=\"1\" align=\"center\">\n<tbody>\n<tr>\n<td colspan=\"5\"><img decoding=\"async\" src=\"https:\/\/www.agenciaminas.mg.gov.br\/ckeditor_assets\/pictures\/20949\/content_2_olho_topo.jpg\" alt=\"\" \/><\/td>\n<\/tr>\n<tr>\n<td><\/td>\n<td colspan=\"3\" rowspan=\"3\">\n<h1><strong>&#8220;A ideia principal de aproximar os la\u00e7os com a Jica \u00e9 compreender melhor e difundir com mais efici\u00eancia essa cultura de autoprote\u00e7\u00e3o. Hoje, temos a oportunidade de conhecer v\u00e1rios projetos da JICA e entender como os japoneses atuam na gest\u00e3o do risco, muito mais do que na gest\u00e3o do desastre. Nosso objetivo \u00e9 justamente fortalecer essa parceria para fomentar essa ideia&#8221;, ressaltou o coordenador-adjunto da Cedec, tenente-coronel Wenderson Duarte Marcelino.<\/strong><\/h1>\n<\/td>\n<td><\/td>\n<\/tr>\n<tr>\n<td><\/td>\n<td><\/td>\n<\/tr>\n<tr>\n<td><\/td>\n<td><\/td>\n<\/tr>\n<tr>\n<td colspan=\"5\"><img decoding=\"async\" src=\"https:\/\/www.agenciaminas.mg.gov.br\/ckeditor_assets\/pictures\/20950\/content_2_olho_inferior.jpg\" alt=\"\" \/><\/td>\n<\/tr>\n<\/tbody>\n<\/table>\n<p><strong>Visita t\u00e9cnica da Jica<\/strong><\/p>\n<figure class=\"image\"><img decoding=\"async\" src=\"https:\/\/www.agenciaminas.mg.gov.br\/ckeditor_assets\/pictures\/22585\/content_img_4326.jpg\" alt=\"\" \/><figcaption><em><sub>Cedec \/ Divulga\u00e7\u00e3o<\/sub><\/em><\/figcaption><\/figure>\n<p>Al\u00e9m do semin\u00e1rio, integrantes da Jica\u00a0visitaram \u00e1reas vulner\u00e1veis em Belo Horizonte e Contagem, na Regi\u00e3o Metropolitana de Belo Horizonte (RMBH), para conhecerem alguns desafios enfrentados no estado e avaliar maneiras de mitigar os impactos de eventos clim\u00e1ticos extremos. Eles estiveram no Aglomerado da Serra e tamb\u00e9m conferiram a situa\u00e7\u00e3o das bacias de conten\u00e7\u00e3o das avenidas Her\u00e1clito Mour\u00e3o e Vilarinho.<\/p>\n<p>Durante as visitas t\u00e9cnicas, os especialistas japoneses puderam observar de perto a infraestrutura existente e os esfor\u00e7os j\u00e1 desenvolvidos pelo Estado para reduzir os danos causados por inunda\u00e7\u00f5es e deslizamentos de terra.<\/p>\n<p>&#8220;Foi uma boa experi\u00eancia para n\u00f3s, da Jica, porque n\u00f3s conhecemos muito sobre Minas Gerais, especialmente sobre a zona de risco alto e o que a Defesa Civil est\u00e1 trabalhando&#8221;, destacou Ito Hiroshi, assessor de Formula\u00e7\u00e3o de Projetos de Coopera\u00e7\u00e3o T\u00e9cnica e Financeira da Jica, enfatizando a import\u00e2ncia da troca de conhecimentos e do fortalecimento das pol\u00edticas de preven\u00e7\u00e3o.<\/p>\n<p>Fonte: Ag\u00eancia Minas<\/p>\n","protected":false},"excerpt":{"rendered":"<p>O\u00a0Governo de Minas, por meio da\u00a0Coordenadoria Estadual de Defesa Civil (Cedec), promoveu, nesta quinta-feira (13\/3), o Semin\u00e1rio de Gest\u00e3o de Desastres Naturais &#8220;Chuvas e Estiagem: Construindo uma Cultura de Preven\u00e7\u00e3o ao Risco&#8221;. O evento marca um passo importante na parceria entre a Cedec e a Ag\u00eancia de Coopera\u00e7\u00e3o Internacional do Jap\u00e3o (Jica). A Jica \u00e9 [&hellip;]<\/p>\n","protected":false},"author":246,"featured_media":227228,"comment_status":"closed","ping_status":"closed","sticky":false,"template":"","format":"standard","meta":{"footnotes":""},"categories":[436,261,254,439],"tags":[],"class_list":["post-227227","post","type-post","status-publish","format-standard","has-post-thumbnail","hentry","category-destaque-da-semana","category-economia","category-politica","category-ultima-hora"],"_links":{"self":[{"href":"https:\/\/diarioregionaldigital.com.br\/index.php?rest_route=\/wp\/v2\/posts\/227227","targetHints":{"allow":["GET"]}}],"collection":[{"href":"https:\/\/diarioregionaldigital.com.br\/index.php?rest_route=\/wp\/v2\/posts"}],"about":[{"href":"https:\/\/diarioregionaldigital.com.br\/index.php?rest_route=\/wp\/v2\/types\/post"}],"author":[{"embeddable":true,"href":"https:\/\/diarioregionaldigital.com.br\/index.php?rest_route=\/wp\/v2\/users\/246"}],"replies":[{"embeddable":true,"href":"https:\/\/diarioregionaldigital.com.br\/index.php?rest_route=%2Fwp%2Fv2%2Fcomments&post=227227"}],"version-history":[{"count":1,"href":"https:\/\/diarioregionaldigital.com.br\/index.php?rest_route=\/wp\/v2\/posts\/227227\/revisions"}],"predecessor-version":[{"id":227229,"href":"https:\/\/diarioregionaldigital.com.br\/index.php?rest_route=\/wp\/v2\/posts\/227227\/revisions\/227229"}],"wp:featuredmedia":[{"embeddable":true,"href":"https:\/\/diarioregionaldigital.com.br\/index.php?rest_route=\/wp\/v2\/media\/227228"}],"wp:attachment":[{"href":"https:\/\/diarioregionaldigital.com.br\/index.php?rest_route=%2Fwp%2Fv2%2Fmedia&parent=227227"}],"wp:term":[{"taxonomy":"category","embeddable":true,"href":"https:\/\/diarioregionaldigital.com.br\/index.php?rest_route=%2Fwp%2Fv2%2Fcategories&post=227227"},{"taxonomy":"post_tag","embeddable":true,"href":"https:\/\/diarioregionaldigital.com.br\/index.php?rest_route=%2Fwp%2Fv2%2Ftags&post=227227"}],"curies":[{"name":"wp","href":"https:\/\/api.w.org\/{rel}","templated":true}]}}