{"id":227221,"date":"2025-03-13T20:14:40","date_gmt":"2025-03-13T23:14:40","guid":{"rendered":"https:\/\/diarioregionaldigital.com.br\/?p=227221"},"modified":"2025-03-13T20:14:40","modified_gmt":"2025-03-13T23:14:40","slug":"governo-de-minas-vistoria-escolas-beneficiadas-pelo-estado-na-regiao-central-de-minas","status":"publish","type":"post","link":"https:\/\/diarioregionaldigital.com.br\/?p=227221","title":{"rendered":"Governo de Minas vistoria escolas beneficiadas pelo Estado na regi\u00e3o Central de Minas"},"content":{"rendered":"<p><main class=\"clear margin-md-bottom-3\"><\/p>\n<div class=\"clear \">\n<p>O governador Romeu Zema vistoriou, nesta quinta-feira (13\/3), escolas de munic\u00edpios da regi\u00e3o Central do estado, que foram contempladas com recursos do\u00a0<a href=\"https:\/\/www.mg.gov.br\/\" target=\"_blank\" rel=\"noopener\">Governo de Minas<\/a>, por meio de repasses da\u00a0<a href=\"https:\/\/www.educacao.mg.gov.br\/\" target=\"_blank\" rel=\"noopener\">Secretaria de Estado de Educa\u00e7\u00e3o (SEE\/MG)<\/a>.<\/p>\n<p>Em Jequitib\u00e1, o governador esteve na Escola Estadual Professor Vitor Pinto, onde se encontrou com alunos, diretores e vistoriou algumas salas. A unidade foi contemplada com R$ 286 mil para novos mobili\u00e1rios e equipamentos, R$ 159 mil para novos computadores e notebooks, e R$ 71,6 mil para novos conjuntos de carteiras escolares para alunos e professores.<\/p>\n<p>Esses investimentos foram essenciais para que a escola tenha a infraestrutura necess\u00e1ria para oferecer uma boa base educacional aos estudantes. O governador de Minas apontou as mudan\u00e7as positivas na rede estadual de ensino, desde a melhoria da alimenta\u00e7\u00e3o, infraestrutura de mobili\u00e1rios, equipamentos modernos, pr\u00e9dios reformados, at\u00e9 projetos e iniciativas pedag\u00f3gicas, ao enfatizar a proximidade e o di\u00e1logo com as prefeituras. &#8220;Fa\u00e7o quest\u00e3o de estar sempre no interior, acompanhando de perto as escolas, ouvindo o que os diretores t\u00eam a dizer&#8221;.<\/p>\n<table border=\"0\" cellspacing=\"1\" cellpadding=\"1\" align=\"center\">\n<tbody>\n<tr>\n<td colspan=\"5\"><img decoding=\"async\" src=\"https:\/\/www.agenciaminas.mg.gov.br\/ckeditor_assets\/pictures\/20949\/content_2_olho_topo.jpg\" alt=\"\" \/><\/td>\n<\/tr>\n<tr>\n<td><\/td>\n<td colspan=\"3\" rowspan=\"3\">\n<h1><strong>&#8220;\u00c9 assim que a gente consegue ver de perto o que est\u00e1 acontecendo.\u00c9\u00a0sempre bom escutar as professoras, escutar os alunos, para ver a percep\u00e7\u00e3o do usu\u00e1rio final. Governador\u00a0tem que estar presente, e n\u00e3o sentado dentro de um gabinete&#8221;, afirmou Romeu Zema.<\/strong><\/h1>\n<\/td>\n<td><\/td>\n<\/tr>\n<tr>\n<td><\/td>\n<td><\/td>\n<\/tr>\n<tr>\n<td><\/td>\n<td><\/td>\n<\/tr>\n<tr>\n<td colspan=\"5\"><img decoding=\"async\" src=\"https:\/\/www.agenciaminas.mg.gov.br\/ckeditor_assets\/pictures\/20950\/content_2_olho_inferior.jpg\" alt=\"\" \/><\/td>\n<\/tr>\n<\/tbody>\n<\/table>\n<p>Em Funil\u00e2ndia, ele vistoriou as salas de aula da Escola Estadual Alu\u00edsio Ferreira de Souza, recebeu R$ 286 mil para novos conjuntos de carteiras escolares, novos computadores, mobili\u00e1rios e equipamentos. L\u00e1, o chefe do Executivo mineiro ouviu muitos elogios, principalmente em rela\u00e7\u00e3o \u00e0 merenda escolar.<\/p>\n<p>&#8220;Eu trabalho na escola desde 2009 e j\u00e1 passamos por muitas dificuldades, mas agora a comida chega na hora certa e n\u00e3o falta nada. Eu sempre falo que isso tudo mudou desde 2019&#8221;, disse a auxiliar de Servi\u00e7os de Educa\u00e7\u00e3o B\u00e1sica da unidade, Eliana Aparecida.<\/p>\n<p><strong>Agendas nas cidades<\/strong><\/p>\n<p>Assim como em Jequitib\u00e1 e Funil\u00e2ndia, Romeu Zema tamb\u00e9m se reuniu com lideran\u00e7as locais e a popula\u00e7\u00e3o dos munic\u00edpios de Baldim e Santana de Pirapama, nesta quinta-feira, ainda na regi\u00e3o Central de Minas Gerais.<\/p>\n<p>Fonte: Ag\u00eancia Minas<\/p>\n<\/div>\n<p><\/main><\/p>\n","protected":false},"excerpt":{"rendered":"<p>O governador Romeu Zema vistoriou, nesta quinta-feira (13\/3), escolas de munic\u00edpios da regi\u00e3o Central do estado, que foram contempladas com recursos do\u00a0Governo de Minas, por meio de repasses da\u00a0Secretaria de Estado de Educa\u00e7\u00e3o (SEE\/MG). Em Jequitib\u00e1, o governador esteve na Escola Estadual Professor Vitor Pinto, onde se encontrou com alunos, diretores e vistoriou algumas salas. [&hellip;]<\/p>\n","protected":false},"author":246,"featured_media":227222,"comment_status":"closed","ping_status":"closed","sticky":false,"template":"","format":"standard","meta":{"footnotes":""},"categories":[436,440,261,254,439],"tags":[],"class_list":["post-227221","post","type-post","status-publish","format-standard","has-post-thumbnail","hentry","category-destaque-da-semana","category-destaques-do-dia","category-economia","category-politica","category-ultima-hora"],"_links":{"self":[{"href":"https:\/\/diarioregionaldigital.com.br\/index.php?rest_route=\/wp\/v2\/posts\/227221","targetHints":{"allow":["GET"]}}],"collection":[{"href":"https:\/\/diarioregionaldigital.com.br\/index.php?rest_route=\/wp\/v2\/posts"}],"about":[{"href":"https:\/\/diarioregionaldigital.com.br\/index.php?rest_route=\/wp\/v2\/types\/post"}],"author":[{"embeddable":true,"href":"https:\/\/diarioregionaldigital.com.br\/index.php?rest_route=\/wp\/v2\/users\/246"}],"replies":[{"embeddable":true,"href":"https:\/\/diarioregionaldigital.com.br\/index.php?rest_route=%2Fwp%2Fv2%2Fcomments&post=227221"}],"version-history":[{"count":1,"href":"https:\/\/diarioregionaldigital.com.br\/index.php?rest_route=\/wp\/v2\/posts\/227221\/revisions"}],"predecessor-version":[{"id":227223,"href":"https:\/\/diarioregionaldigital.com.br\/index.php?rest_route=\/wp\/v2\/posts\/227221\/revisions\/227223"}],"wp:featuredmedia":[{"embeddable":true,"href":"https:\/\/diarioregionaldigital.com.br\/index.php?rest_route=\/wp\/v2\/media\/227222"}],"wp:attachment":[{"href":"https:\/\/diarioregionaldigital.com.br\/index.php?rest_route=%2Fwp%2Fv2%2Fmedia&parent=227221"}],"wp:term":[{"taxonomy":"category","embeddable":true,"href":"https:\/\/diarioregionaldigital.com.br\/index.php?rest_route=%2Fwp%2Fv2%2Fcategories&post=227221"},{"taxonomy":"post_tag","embeddable":true,"href":"https:\/\/diarioregionaldigital.com.br\/index.php?rest_route=%2Fwp%2Fv2%2Ftags&post=227221"}],"curies":[{"name":"wp","href":"https:\/\/api.w.org\/{rel}","templated":true}]}}