{"id":227215,"date":"2025-03-12T20:22:54","date_gmt":"2025-03-12T23:22:54","guid":{"rendered":"https:\/\/diarioregionaldigital.com.br\/?p=227215"},"modified":"2025-03-12T20:22:54","modified_gmt":"2025-03-12T23:22:54","slug":"nucleo-de-iniciacao-esportiva-ainda-tem-vagas-no-futebol-society-para-criancas-e-jovens-de-10-a-17-anos","status":"publish","type":"post","link":"https:\/\/diarioregionaldigital.com.br\/?p=227215","title":{"rendered":"N\u00facleo de inicia\u00e7\u00e3o esportiva ainda tem vagas no futebol society para crian\u00e7as e jovens de 10 a 17 anos"},"content":{"rendered":"<p>Segundo informa\u00e7\u00f5es do site da Prefeitura de Juiz de Fora (PJF),\u00a0 o novo n\u00facleo de inicia\u00e7\u00e3o esportiva, sediado na quadra da Secretaria de Seguran\u00e7a Urbana e Cidadania (Sesuc), ainda possui vagas para as aulas de futebol society. Podem participar da atividade, gratuitamente, crian\u00e7as e jovens com idades entre 10 e 17 anos. Para inscri\u00e7\u00e3o, o respons\u00e1vel pelo aluno deve comparecer \u00e0 Avenida Sete de Setembro, 768, no bairro Costa Carvalho, \u00e0s segundas ou quintas-feiras, de 14 \u00e0s 17h, com um documentos com foto e um atestado de sa\u00fade.<\/p>\n<p>\u201cN\u00f3s t\u00ednhamos essa\u00a0quadra sem um uso efetivo. Com a parceria entre a Sesuc e a SEL, n\u00f3s\u00a0estamos ampliando nossas a\u00e7\u00f5es pela preven\u00e7\u00e3o e promo\u00e7\u00e3o da cidadania.\u00a0Assim nos aproximamos mais da popula\u00e7\u00e3o, firmamos com ela uma rela\u00e7\u00e3o de\u00a0confian\u00e7a, al\u00e9m de trazer a juventude para atividades que a protegem da\u00a0criminalidade\u201d, aposta o secret\u00e1rio de Seguran\u00e7a Urbana e Cidadania, Tadeu\u00a0David.<\/p>\n<p>A iniciativa oferece oportunidade de atividade esportiva supervisionada\u00a0por profissional de educa\u00e7\u00e3o f\u00edsica, vinculada ao projeto JF-Esporte e Cidadania, da Secretaria de Esporte e Lazer (SEL). Desde a \u00faltima quinta-feira, 27,\u00a0<a href=\"https:\/\/www.pjf.mg.gov.br\/noticias\/view.php?modo=link2&amp;idnoticia2=85601\">a bola j\u00e1 est\u00e1 rolando com aulas no per\u00edodo da tarde, com turmas de 14h \u00e0s 15h, 15h \u00e0s 16h e 16h \u00e0s 17h.<\/a><\/p>\n<p>A mesma l\u00f3gica de proximidade com o territ\u00f3rio mant\u00e9m em funcionamento, na sede da Guarda Municipal, outro n\u00facleo do projeto &#8220;JF- Esporte e Cidadania&#8221;. L\u00e1, a proposta atende a cerca de100 mulheres moradoras da regi\u00e3o com atividades de gin\u00e1stica aer\u00f3bica, alongamento e pilates. Uma iniciativa que vem promovendo sa\u00fade f\u00edsica, potencializando la\u00e7os de\u00a0conviv\u00eancia e fortalecendo a rela\u00e7\u00e3o cidad\u00e3 e comunit\u00e1ria da institui\u00e7\u00e3o.<\/p>\n","protected":false},"excerpt":{"rendered":"<p>Segundo informa\u00e7\u00f5es do site da Prefeitura de Juiz de Fora (PJF),\u00a0 o novo n\u00facleo de inicia\u00e7\u00e3o esportiva, sediado na quadra da Secretaria de Seguran\u00e7a Urbana e Cidadania (Sesuc), ainda possui vagas para as aulas de futebol society. Podem participar da atividade, gratuitamente, crian\u00e7as e jovens com idades entre 10 e 17 anos. Para inscri\u00e7\u00e3o, o [&hellip;]<\/p>\n","protected":false},"author":246,"featured_media":227216,"comment_status":"closed","ping_status":"closed","sticky":false,"template":"","format":"standard","meta":{"footnotes":""},"categories":[253,436,257,439],"tags":[],"class_list":["post-227215","post","type-post","status-publish","format-standard","has-post-thumbnail","hentry","category-cidade","category-destaque-da-semana","category-esporte","category-ultima-hora"],"_links":{"self":[{"href":"https:\/\/diarioregionaldigital.com.br\/index.php?rest_route=\/wp\/v2\/posts\/227215","targetHints":{"allow":["GET"]}}],"collection":[{"href":"https:\/\/diarioregionaldigital.com.br\/index.php?rest_route=\/wp\/v2\/posts"}],"about":[{"href":"https:\/\/diarioregionaldigital.com.br\/index.php?rest_route=\/wp\/v2\/types\/post"}],"author":[{"embeddable":true,"href":"https:\/\/diarioregionaldigital.com.br\/index.php?rest_route=\/wp\/v2\/users\/246"}],"replies":[{"embeddable":true,"href":"https:\/\/diarioregionaldigital.com.br\/index.php?rest_route=%2Fwp%2Fv2%2Fcomments&post=227215"}],"version-history":[{"count":1,"href":"https:\/\/diarioregionaldigital.com.br\/index.php?rest_route=\/wp\/v2\/posts\/227215\/revisions"}],"predecessor-version":[{"id":227217,"href":"https:\/\/diarioregionaldigital.com.br\/index.php?rest_route=\/wp\/v2\/posts\/227215\/revisions\/227217"}],"wp:featuredmedia":[{"embeddable":true,"href":"https:\/\/diarioregionaldigital.com.br\/index.php?rest_route=\/wp\/v2\/media\/227216"}],"wp:attachment":[{"href":"https:\/\/diarioregionaldigital.com.br\/index.php?rest_route=%2Fwp%2Fv2%2Fmedia&parent=227215"}],"wp:term":[{"taxonomy":"category","embeddable":true,"href":"https:\/\/diarioregionaldigital.com.br\/index.php?rest_route=%2Fwp%2Fv2%2Fcategories&post=227215"},{"taxonomy":"post_tag","embeddable":true,"href":"https:\/\/diarioregionaldigital.com.br\/index.php?rest_route=%2Fwp%2Fv2%2Ftags&post=227215"}],"curies":[{"name":"wp","href":"https:\/\/api.w.org\/{rel}","templated":true}]}}