{"id":227212,"date":"2025-03-12T20:21:39","date_gmt":"2025-03-12T23:21:39","guid":{"rendered":"https:\/\/diarioregionaldigital.com.br\/?p=227212"},"modified":"2025-03-12T20:21:39","modified_gmt":"2025-03-12T23:21:39","slug":"acao-socioeducativa-transforma-a-praca-de-benfica-em-ponto-de-acesso-a-direitos-e-oportunidades","status":"publish","type":"post","link":"https:\/\/diarioregionaldigital.com.br\/?p=227212","title":{"rendered":"A\u00e7\u00e3o socioeducativa transforma a Pra\u00e7a de Benfica em ponto de acesso a direitos e oportunidades"},"content":{"rendered":"<p>Segundo informa\u00e7\u00f5es do site da Prefeitura de Juiz de Fora (PJF),\u00a0 a\u00a0Pra\u00e7a de Benfica se tornou um ponto central para oferecer direitos e oportunidades \u00e0 popula\u00e7\u00e3o de rua no \u00faltimo dia 10 de mar\u00e7o, atrav\u00e9s de uma a\u00e7\u00e3o socioeducativa. O Servi\u00e7o Especializado em Abordagem Social (SEAS), em colabora\u00e7\u00e3o com a AMAC e a SAS\/PJF, uniu equipes das Casas de Passagem e do Nupop para fornecer informa\u00e7\u00e3o, acolhimento e servi\u00e7os essenciais .<\/p>\n<p>O evento focou em divulgar os servi\u00e7os de pernoite e as atividades diurnas dispon\u00edveis no centro da cidade, ressaltando a import\u00e2ncia do acesso a estes recursos. Al\u00e9m do atendimento e escuta qualificada, a a\u00e7\u00e3o facilitou o encaminhamento para a regulariza\u00e7\u00e3o de documenta\u00e7\u00e3o civil, um passo crucial para a reinser\u00e7\u00e3o social.<\/p>\n<p>Aproximadamente 15 pessoas participaram da a\u00e7\u00e3o, encontrando suporte e caminhos para mudar suas vidas. A iniciativa refor\u00e7a o compromisso de garantir que ningu\u00e9m permane\u00e7a invis\u00edvel, indo al\u00e9m de uma a\u00e7\u00e3o isolada.<\/p>\n","protected":false},"excerpt":{"rendered":"<p>Segundo informa\u00e7\u00f5es do site da Prefeitura de Juiz de Fora (PJF),\u00a0 a\u00a0Pra\u00e7a de Benfica se tornou um ponto central para oferecer direitos e oportunidades \u00e0 popula\u00e7\u00e3o de rua no \u00faltimo dia 10 de mar\u00e7o, atrav\u00e9s de uma a\u00e7\u00e3o socioeducativa. O Servi\u00e7o Especializado em Abordagem Social (SEAS), em colabora\u00e7\u00e3o com a AMAC e a SAS\/PJF, uniu [&hellip;]<\/p>\n","protected":false},"author":246,"featured_media":227213,"comment_status":"closed","ping_status":"closed","sticky":false,"template":"","format":"standard","meta":{"footnotes":""},"categories":[253,436,439],"tags":[],"class_list":["post-227212","post","type-post","status-publish","format-standard","has-post-thumbnail","hentry","category-cidade","category-destaque-da-semana","category-ultima-hora"],"_links":{"self":[{"href":"https:\/\/diarioregionaldigital.com.br\/index.php?rest_route=\/wp\/v2\/posts\/227212","targetHints":{"allow":["GET"]}}],"collection":[{"href":"https:\/\/diarioregionaldigital.com.br\/index.php?rest_route=\/wp\/v2\/posts"}],"about":[{"href":"https:\/\/diarioregionaldigital.com.br\/index.php?rest_route=\/wp\/v2\/types\/post"}],"author":[{"embeddable":true,"href":"https:\/\/diarioregionaldigital.com.br\/index.php?rest_route=\/wp\/v2\/users\/246"}],"replies":[{"embeddable":true,"href":"https:\/\/diarioregionaldigital.com.br\/index.php?rest_route=%2Fwp%2Fv2%2Fcomments&post=227212"}],"version-history":[{"count":1,"href":"https:\/\/diarioregionaldigital.com.br\/index.php?rest_route=\/wp\/v2\/posts\/227212\/revisions"}],"predecessor-version":[{"id":227214,"href":"https:\/\/diarioregionaldigital.com.br\/index.php?rest_route=\/wp\/v2\/posts\/227212\/revisions\/227214"}],"wp:featuredmedia":[{"embeddable":true,"href":"https:\/\/diarioregionaldigital.com.br\/index.php?rest_route=\/wp\/v2\/media\/227213"}],"wp:attachment":[{"href":"https:\/\/diarioregionaldigital.com.br\/index.php?rest_route=%2Fwp%2Fv2%2Fmedia&parent=227212"}],"wp:term":[{"taxonomy":"category","embeddable":true,"href":"https:\/\/diarioregionaldigital.com.br\/index.php?rest_route=%2Fwp%2Fv2%2Fcategories&post=227212"},{"taxonomy":"post_tag","embeddable":true,"href":"https:\/\/diarioregionaldigital.com.br\/index.php?rest_route=%2Fwp%2Fv2%2Ftags&post=227212"}],"curies":[{"name":"wp","href":"https:\/\/api.w.org\/{rel}","templated":true}]}}