{"id":227209,"date":"2025-03-12T20:19:44","date_gmt":"2025-03-12T23:19:44","guid":{"rendered":"https:\/\/diarioregionaldigital.com.br\/?p=227209"},"modified":"2025-03-12T20:19:44","modified_gmt":"2025-03-12T23:19:44","slug":"espetaculo-morada-chega-a-jf-com-entrada-gratuita","status":"publish","type":"post","link":"https:\/\/diarioregionaldigital.com.br\/?p=227209","title":{"rendered":"Espet\u00e1culo \u201cMorada\u201d chega a JF com entrada gratuita"},"content":{"rendered":"<p>Segundo informa\u00e7\u00f5es do site da Prefeitura de Juiz de Fora (PJF),\u00a0 no pr\u00f3ximo s\u00e1bado (15), o Centro Cultural Bernardo Mascarenhas (CCBM) ser\u00e1 palco para \u201cMorada\u201d, espet\u00e1culo da companhia mineira AFO!TA Teatro. A pe\u00e7a ter\u00e1 duas sess\u00f5es, \u00e0s 19h e \u00e0s 21h, e a entrada \u00e9 gratuita. Os ingressos podem ser retirados antecipadamente pelo Sympla ou no local, uma hora antes de cada sess\u00e3o.<\/p>\n<p>\u201cMorada\u201d explora, com humor e ironia, como as din\u00e2micas familiares refletem as transforma\u00e7\u00f5es sociais. O espet\u00e1culo convida o p\u00fablico a repensar la\u00e7os, afetos e conven\u00e7\u00f5es, desconstruindo estere\u00f3tipos de forma l\u00fadica e provocativa, com uma identidade mineira marcante.<\/p>\n<p>A montagem conta com atores de diversas cidades mineiras, tais como Barbacena, S\u00e3o Jo\u00e3o del Rei, Barroso, El\u00f3i Mendes e Juiz de Fora, aproximando ainda mais a produ\u00e7\u00e3o do p\u00fablico local. \u201cTrazer \u2018Morada\u2019 para Juiz de Fora \u00e9 uma forma de fortalecer a cena cultural independente e ampliar o acesso ao teatro de grupo feito no interior\u201d, destaca o ator e diretor musical Ka\u00edke Barto.<\/p>\n<p>Criada em 2016, a AFO!TA Teatro \u00e9 um coletivo de artistas dedicados \u00e0 cria\u00e7\u00e3o coletiva e \u00e0 dramaturgia autoral. Com oito anos de circula\u00e7\u00e3o, \u201cMorada\u201d j\u00e1 foi premiado pelo BDMG Cultural e pelo Funarte Circula\u00e7\u00e3o das Artes. Al\u00e9m disso, a companhia recebeu uma indica\u00e7\u00e3o ao Pr\u00eamio Cenym de Teatro Nacional em 2022, na categoria de Melhor Grupo.<\/p>\n<p>A apresenta\u00e7\u00e3o promete encantar os espectadores e refor\u00e7ar a import\u00e2ncia da produ\u00e7\u00e3o teatral independente no cen\u00e1rio cultural brasileiro.<\/p>\n<p><strong>Servi\u00e7o:<\/strong><\/p>\n<p>Espet\u00e1culo: Morada<br \/>\nData: 15 de mar\u00e7o de 2025<br \/>\nHor\u00e1rios: 19h e 21h<br \/>\nLocal: CCBM (Avenida Get\u00falio Vargas, 200, Centro)<br \/>\nClassifica\u00e7\u00e3o: Livre<\/p>\n<p>Ingressos gratuitos pelo\u00a0<a href=\"https:\/\/www.sympla.com.br\/evento\/espetaculo-morada-em-juiz-de-fora-mg\/2839215\">Sympla<\/a>\u00a0 ou no CCBM, uma hora antes de cada sess\u00e3o<\/p>\n<p>&nbsp;<\/p>\n","protected":false},"excerpt":{"rendered":"<p>Segundo informa\u00e7\u00f5es do site da Prefeitura de Juiz de Fora (PJF),\u00a0 no pr\u00f3ximo s\u00e1bado (15), o Centro Cultural Bernardo Mascarenhas (CCBM) ser\u00e1 palco para \u201cMorada\u201d, espet\u00e1culo da companhia mineira AFO!TA Teatro. A pe\u00e7a ter\u00e1 duas sess\u00f5es, \u00e0s 19h e \u00e0s 21h, e a entrada \u00e9 gratuita. Os ingressos podem ser retirados antecipadamente pelo Sympla ou [&hellip;]<\/p>\n","protected":false},"author":246,"featured_media":227210,"comment_status":"closed","ping_status":"closed","sticky":false,"template":"","format":"standard","meta":{"footnotes":""},"categories":[253,436,440,439],"tags":[],"class_list":["post-227209","post","type-post","status-publish","format-standard","has-post-thumbnail","hentry","category-cidade","category-destaque-da-semana","category-destaques-do-dia","category-ultima-hora"],"_links":{"self":[{"href":"https:\/\/diarioregionaldigital.com.br\/index.php?rest_route=\/wp\/v2\/posts\/227209","targetHints":{"allow":["GET"]}}],"collection":[{"href":"https:\/\/diarioregionaldigital.com.br\/index.php?rest_route=\/wp\/v2\/posts"}],"about":[{"href":"https:\/\/diarioregionaldigital.com.br\/index.php?rest_route=\/wp\/v2\/types\/post"}],"author":[{"embeddable":true,"href":"https:\/\/diarioregionaldigital.com.br\/index.php?rest_route=\/wp\/v2\/users\/246"}],"replies":[{"embeddable":true,"href":"https:\/\/diarioregionaldigital.com.br\/index.php?rest_route=%2Fwp%2Fv2%2Fcomments&post=227209"}],"version-history":[{"count":1,"href":"https:\/\/diarioregionaldigital.com.br\/index.php?rest_route=\/wp\/v2\/posts\/227209\/revisions"}],"predecessor-version":[{"id":227211,"href":"https:\/\/diarioregionaldigital.com.br\/index.php?rest_route=\/wp\/v2\/posts\/227209\/revisions\/227211"}],"wp:featuredmedia":[{"embeddable":true,"href":"https:\/\/diarioregionaldigital.com.br\/index.php?rest_route=\/wp\/v2\/media\/227210"}],"wp:attachment":[{"href":"https:\/\/diarioregionaldigital.com.br\/index.php?rest_route=%2Fwp%2Fv2%2Fmedia&parent=227209"}],"wp:term":[{"taxonomy":"category","embeddable":true,"href":"https:\/\/diarioregionaldigital.com.br\/index.php?rest_route=%2Fwp%2Fv2%2Fcategories&post=227209"},{"taxonomy":"post_tag","embeddable":true,"href":"https:\/\/diarioregionaldigital.com.br\/index.php?rest_route=%2Fwp%2Fv2%2Ftags&post=227209"}],"curies":[{"name":"wp","href":"https:\/\/api.w.org\/{rel}","templated":true}]}}