{"id":227203,"date":"2025-03-12T20:13:08","date_gmt":"2025-03-12T23:13:08","guid":{"rendered":"https:\/\/diarioregionaldigital.com.br\/?p=227203"},"modified":"2025-03-12T20:13:08","modified_gmt":"2025-03-12T23:13:08","slug":"governo-concede-auxilio-inedito-a-policiais-bombeiros-e-servidores-de-unidades-prisionais-socioeducativas-e-operacoes-especiais","status":"publish","type":"post","link":"https:\/\/diarioregionaldigital.com.br\/?p=227203","title":{"rendered":"Governo concede aux\u00edlio in\u00e9dito a policiais, bombeiros e servidores de unidades prisionais, socioeducativas e opera\u00e7\u00f5es especiais"},"content":{"rendered":"<p>O\u00a0<a href=\"http:\/\/www.mg.gov.br\/\" target=\"_blank\" rel=\"noopener\">Governo de Minas Gerais<\/a>, em iniciativa in\u00e9dita, vai conceder ajuda de custo para despesas com alimenta\u00e7\u00e3o para integrantes das Pol\u00edcias\u00a0<a href=\"http:\/\/www.policiamilitar.mg.gov.br\/\" target=\"_blank\" rel=\"noopener\">Militar de Minas Gerais (PMMG)<\/a>\u00a0e\u00a0<a href=\"http:\/\/www.policiacivil.mg.gov.br\/\" target=\"_blank\" rel=\"noopener\">Civil de Minas Gerais (PCMG)<\/a>,\u00a0<a href=\"http:\/\/www.bombeiros.mg.gov.br\/\" target=\"_blank\" rel=\"noopener\">Corpo de Bombeiros Militar de Minas Gerais (CBMMG)<\/a>, policiais penais e demais servidores da\u00a0<a href=\"http:\/\/www.seguranca.mg.gov.br\/\" target=\"_blank\" rel=\"noopener\">Secretaria de Estado de Justi\u00e7a e Seguran\u00e7a P\u00fablica (Sejusp)<\/a>\u00a0das unidades prisionais, socioeducativas e comando de opera\u00e7\u00f5es especiais.<\/p>\n<p>A medida \u00e9 mais um esfor\u00e7o da atual gest\u00e3o do Governo de Minas, ao conseguir um delicado equil\u00edbrio fiscal. A concess\u00e3o do aux\u00edlio s\u00f3 foi poss\u00edvel gra\u00e7as \u00e0 capacidade de gest\u00e3o e planejamento, a partir da an\u00e1lise de n\u00fameros, ajustes de contas e organiza\u00e7\u00e3o financeira.<\/p>\n<p>O governador Romeu Zema fez o an\u00fancio da novidade nesta quarta-feira (12\/3), durante a cerim\u00f4nia de entrega da segunda edi\u00e7\u00e3o do Pr\u00eamio Guardi\u00e3o no edif\u00edcio JK, na Cidade Administrativa, em Belo Horizonte.<\/p>\n<p>&#8220;Nesta gest\u00e3o, damos valor ao bom trabalho, ao\u00a0merecimento e\u00a0realiza\u00e7\u00e3o. Tenho nas For\u00e7as de Seguran\u00e7a um exemplo dessas qualidades. Por isso, buscamos formas de recompens\u00e1-los, de valorizar quem arrisca a vida diariamente pelos mineiros&#8221;, disse o governador.<\/p>\n<table border=\"0\" cellspacing=\"1\" cellpadding=\"1\" align=\"center\">\n<tbody>\n<tr>\n<td colspan=\"5\"><img decoding=\"async\" src=\"https:\/\/www.agenciaminas.mg.gov.br\/ckeditor_assets\/pictures\/20949\/content_2_olho_topo.jpg\" alt=\"\" \/><\/td>\n<\/tr>\n<tr>\n<td><\/td>\n<td colspan=\"3\" rowspan=\"3\">\n<h1><strong>&#8220;\u00c9 uma satisfa\u00e7\u00e3o enorme estar havendo esse avan\u00e7o que estamos entregando aqui hoje, fruto de di\u00e1logo com todos os comandantes. Vamos continuar avan\u00e7ando. Quero que muita coisa boa venha para a seguran\u00e7a p\u00fablica&#8221;, disse Romeu Zema.<\/strong><\/h1>\n<\/td>\n<td><\/td>\n<\/tr>\n<tr>\n<td><\/td>\n<td><\/td>\n<\/tr>\n<tr>\n<td><\/td>\n<td><\/td>\n<\/tr>\n<tr>\n<td colspan=\"5\"><img decoding=\"async\" src=\"https:\/\/www.agenciaminas.mg.gov.br\/ckeditor_assets\/pictures\/20950\/content_2_olho_inferior.jpg\" alt=\"\" \/><\/td>\n<\/tr>\n<\/tbody>\n<\/table>\n<p>O\u00a0governador\u00a0citou, ainda, os bons \u00edndices atuais de seguran\u00e7a em Minas Gerais, a exemplo da queda de criminalidade registrada durante o Carnaval da Liberdade em 2025.<\/p>\n<p>&#8220;Quem quer ir para um Carnaval, quer ir para um lugar seguro. E \u00e9\u00a0por isso que a nossa folia tem crescido, tem dado t\u00e3o certo por aqui. \u00c9 porque voc\u00eas todos &#8211; das For\u00e7as de Seguran\u00e7a &#8211;\u00a0t\u00eam atuado bem&#8221;, enfatizou.<\/p>\n<p><strong>Detalhes<\/strong><\/p>\n<p>A ajuda de custo &#8211; a t\u00edtulo indenizat\u00f3rio &#8211; ser\u00e1 paga ao servidor e ao militar, em efetivo exerc\u00edcio, cuja carga hor\u00e1ria de trabalho seja igual ou superior a 6 horas di\u00e1rias e 30 horas semanais.<\/p>\n<p>Imediatamente, o valor concedido ser\u00e1 de R$ 50\/dia, a ser contabilizado na folha de pagamento em abril, que tem o sal\u00e1rio pago at\u00e9 o quinto dia \u00fatil de maio.<\/p>\n<p>At\u00e9 o fim de 2025, a previs\u00e3o \u00e9 a de inclus\u00e3o de parcela adicional de R$ 25\/dia, a partir do cumprimento de metas, conforme j\u00e1 acontece com os demais servidores do Estado. Para isso, ser\u00e3o criados grupos de trabalho para estabelecer as metas regionais, de acordo com a necessidade.<\/p>\n<p>A t\u00edtulo de exemplo, a estimativa \u00e9 que o impacto da ajuda de custo represente uma valoriza\u00e7\u00e3o imediata de at\u00e9 23% na remunera\u00e7\u00e3o dos policiais da base das For\u00e7as de Seguran\u00e7a, chegando a 34% quando a parcela adicional for inclu\u00edda.<\/p>\n<p>De acordo com estudos do Governo de Minas, a inclus\u00e3o do aux\u00edlio faz com que a rela\u00e7\u00e3o custo de vida versus sal\u00e1rio-base das For\u00e7as de Seguran\u00e7a caia de 75% para 63%.<\/p>\n<p>Assim como acontece atualmente com demais servidores do Estado, a ajuda de custo ser\u00e1 paga mensalmente na propor\u00e7\u00e3o dos dias efetivamente trabalhados, excluindo, por exemplo, os dias de descanso semanal remunerado, quando n\u00e3o houver jornada, al\u00e9m de faltas, afastamentos e dias de utiliza\u00e7\u00e3o de f\u00e9rias regulamentares, referentes ao m\u00eas imediatamente anterior.<\/p>\n<p>O vice-governador Professor Mateus explicou\u00a0que os esfor\u00e7os para a valoriza\u00e7\u00e3o dos servidores s\u00e3o poss\u00edveis ap\u00f3s os avan\u00e7os obtidos nos \u00faltimos anos, mas que a situa\u00e7\u00e3o financeira do Estado continua delicada, sendo a renegocia\u00e7\u00e3o da d\u00edvida com a Uni\u00e3o essencial para manter o equil\u00edbrio.<\/p>\n<table border=\"0\" cellspacing=\"1\" cellpadding=\"1\" align=\"center\">\n<tbody>\n<tr>\n<td colspan=\"5\"><img decoding=\"async\" src=\"https:\/\/www.agenciaminas.mg.gov.br\/ckeditor_assets\/pictures\/20949\/content_2_olho_topo.jpg\" alt=\"\" \/><\/td>\n<\/tr>\n<tr>\n<td><\/td>\n<td colspan=\"3\" rowspan=\"3\">\n<h1><strong>&#8220;Al\u00e9m da d\u00edvida com a Uni\u00e3o que cresce a altos juros, estamos no limite m\u00e1ximo de gasto com pessoal permitido pela Lei de Responsabilidade Fiscal, o que nos imp\u00f5e uma s\u00e9rie de limita\u00e7\u00f5es&#8221;, lembrou Professor Mateus.<\/strong><\/h1>\n<\/td>\n<td><\/td>\n<\/tr>\n<tr>\n<td><\/td>\n<td><\/td>\n<\/tr>\n<tr>\n<td><\/td>\n<td><\/td>\n<\/tr>\n<tr>\n<td colspan=\"5\"><img decoding=\"async\" src=\"https:\/\/www.agenciaminas.mg.gov.br\/ckeditor_assets\/pictures\/20950\/content_2_olho_inferior.jpg\" alt=\"\" \/><\/td>\n<\/tr>\n<\/tbody>\n<\/table>\n<p>Um decreto com a regulamenta\u00e7\u00e3o do aux\u00edlio alimenta\u00e7\u00e3o ser\u00e1 publicado at\u00e9 esta quinta-feira (13\/3) no\u00a0<a href=\"http:\/\/www.jornalminasgerais.mg.gov.br\/\">Di\u00e1rio Oficial Minas Gerais<\/a>.<\/p>\n<p>Fonte: Ag\u00eancia Minas<\/p>\n","protected":false},"excerpt":{"rendered":"<p>O\u00a0Governo de Minas Gerais, em iniciativa in\u00e9dita, vai conceder ajuda de custo para despesas com alimenta\u00e7\u00e3o para integrantes das Pol\u00edcias\u00a0Militar de Minas Gerais (PMMG)\u00a0e\u00a0Civil de Minas Gerais (PCMG),\u00a0Corpo de Bombeiros Militar de Minas Gerais (CBMMG), policiais penais e demais servidores da\u00a0Secretaria de Estado de Justi\u00e7a e Seguran\u00e7a P\u00fablica (Sejusp)\u00a0das unidades prisionais, socioeducativas e comando de [&hellip;]<\/p>\n","protected":false},"author":246,"featured_media":227204,"comment_status":"closed","ping_status":"closed","sticky":false,"template":"","format":"standard","meta":{"footnotes":""},"categories":[436,261,254,439],"tags":[],"class_list":["post-227203","post","type-post","status-publish","format-standard","has-post-thumbnail","hentry","category-destaque-da-semana","category-economia","category-politica","category-ultima-hora"],"_links":{"self":[{"href":"https:\/\/diarioregionaldigital.com.br\/index.php?rest_route=\/wp\/v2\/posts\/227203","targetHints":{"allow":["GET"]}}],"collection":[{"href":"https:\/\/diarioregionaldigital.com.br\/index.php?rest_route=\/wp\/v2\/posts"}],"about":[{"href":"https:\/\/diarioregionaldigital.com.br\/index.php?rest_route=\/wp\/v2\/types\/post"}],"author":[{"embeddable":true,"href":"https:\/\/diarioregionaldigital.com.br\/index.php?rest_route=\/wp\/v2\/users\/246"}],"replies":[{"embeddable":true,"href":"https:\/\/diarioregionaldigital.com.br\/index.php?rest_route=%2Fwp%2Fv2%2Fcomments&post=227203"}],"version-history":[{"count":1,"href":"https:\/\/diarioregionaldigital.com.br\/index.php?rest_route=\/wp\/v2\/posts\/227203\/revisions"}],"predecessor-version":[{"id":227205,"href":"https:\/\/diarioregionaldigital.com.br\/index.php?rest_route=\/wp\/v2\/posts\/227203\/revisions\/227205"}],"wp:featuredmedia":[{"embeddable":true,"href":"https:\/\/diarioregionaldigital.com.br\/index.php?rest_route=\/wp\/v2\/media\/227204"}],"wp:attachment":[{"href":"https:\/\/diarioregionaldigital.com.br\/index.php?rest_route=%2Fwp%2Fv2%2Fmedia&parent=227203"}],"wp:term":[{"taxonomy":"category","embeddable":true,"href":"https:\/\/diarioregionaldigital.com.br\/index.php?rest_route=%2Fwp%2Fv2%2Fcategories&post=227203"},{"taxonomy":"post_tag","embeddable":true,"href":"https:\/\/diarioregionaldigital.com.br\/index.php?rest_route=%2Fwp%2Fv2%2Ftags&post=227203"}],"curies":[{"name":"wp","href":"https:\/\/api.w.org\/{rel}","templated":true}]}}