{"id":227197,"date":"2025-03-12T20:10:04","date_gmt":"2025-03-12T23:10:04","guid":{"rendered":"https:\/\/diarioregionaldigital.com.br\/?p=227197"},"modified":"2025-03-12T20:10:04","modified_gmt":"2025-03-12T23:10:04","slug":"estado-premia-destaques-da-seguranca-publica-na-segunda-edicao-do-trofeu-guardiao-mineiro","status":"publish","type":"post","link":"https:\/\/diarioregionaldigital.com.br\/?p=227197","title":{"rendered":"Estado premia destaques da seguran\u00e7a p\u00fablica na segunda edi\u00e7\u00e3o do Trof\u00e9u Guardi\u00e3o Mineiro"},"content":{"rendered":"<p>O\u00a0<a href=\"https:\/\/www.mg.gov.br\/\" target=\"_blank\" rel=\"noopener\">Governo de Minas<\/a>, por meio do\u00a0<a href=\"https:\/\/www.mg.gov.br\/gabinetemilitar\" target=\"_blank\" rel=\"noopener\">Gabinete Militar do Governador (GMG)<\/a>, realizou nesta quarta-feira (12\/3), em solenidade realizada na Cidade Administrativa, a entrega da segunda edi\u00e7\u00e3o do Trof\u00e9u Guardi\u00e3o Mineiro, uma homenagem \u00e0s For\u00e7as de Seguran\u00e7a do Estado pela dedica\u00e7\u00e3o, efici\u00eancia e compromisso com a prote\u00e7\u00e3o da popula\u00e7\u00e3o.<\/p>\n<p>Criado para reconhecer e valorizar o trabalho das institui\u00e7\u00f5es de seguran\u00e7a p\u00fablica, o Trof\u00e9u Guardi\u00e3o Mineiro premia a\u00e7\u00f5es da\u00a0<a href=\"https:\/\/www.policiamilitar.mg.gov.br\/\" target=\"_blank\" rel=\"noopener\">Pol\u00edcia Militar de Minas Gerais (PMMG)<\/a>,\u00a0<a href=\"https:\/\/www.policiacivil.mg.gov.br\/\" target=\"_blank\" rel=\"noopener\">Pol\u00edcia Civil de Minas Gerais (PCMG)<\/a>,\u00a0<a href=\"https:\/\/www.bombeiros.mg.gov.br\/\" target=\"_blank\" rel=\"noopener\">Corpo de Bombeiros Militar (CBMMG<\/a>) e\u00a0<a href=\"https:\/\/www.seguranca.mg.gov.br\/\" target=\"_blank\" rel=\"noopener\">Secretaria de Estado de Justi\u00e7a e Seguran\u00e7a P\u00fablica (Sejusp)<\/a>\u00a0\u2013\u00a0<a href=\"https:\/\/depen.seguranca.mg.gov.br\/\" target=\"_blank\" rel=\"noopener\">Pol\u00edcia Penal<\/a>\u00a0e Sistema Socioeducativo, que impactaram diretamente na preven\u00e7\u00e3o e redu\u00e7\u00e3o da criminalidade, no resgate de pessoas, na manuten\u00e7\u00e3o da ordem e na integra\u00e7\u00e3o com a comunidade.<\/p>\n<p>Com a presen\u00e7a do governador Romeu Zema e dos comandantes das For\u00e7as de Seguran\u00e7a, a cerim\u00f4nia celebrou o trabalho de agentes que demonstraram excel\u00eancia no desempenho de suas fun\u00e7\u00f5es.<\/p>\n<table border=\"0\" cellspacing=\"1\" cellpadding=\"1\" align=\"center\">\n<tbody>\n<tr>\n<td colspan=\"5\"><img decoding=\"async\" src=\"https:\/\/www.agenciaminas.mg.gov.br\/ckeditor_assets\/pictures\/20949\/content_2_olho_topo.jpg\" alt=\"\" \/><\/td>\n<\/tr>\n<tr>\n<td><\/td>\n<td colspan=\"3\" rowspan=\"3\">\n<h1><strong>&#8220;Pela segunda vez, tenho a satisfa\u00e7\u00e3o e felicidade de participar da entrega deste pr\u00eamio. Estamos reconhecendo aqueles que tiveram desempenho acima da m\u00e9dia, que realizaram atos de bravura, que se comprometeram e conseguiram trazer melhorias para a estrutura&#8221;, disse o governador Romeu Zema.<\/strong><\/h1>\n<\/td>\n<td><\/td>\n<\/tr>\n<tr>\n<td><\/td>\n<td><\/td>\n<\/tr>\n<tr>\n<td><\/td>\n<td><\/td>\n<\/tr>\n<tr>\n<td colspan=\"5\"><img decoding=\"async\" src=\"https:\/\/www.agenciaminas.mg.gov.br\/ckeditor_assets\/pictures\/20950\/content_2_olho_inferior.jpg\" alt=\"\" \/><\/td>\n<\/tr>\n<\/tbody>\n<\/table>\n<p>Tamb\u00e9m na cerim\u00f4nia, o governador anunciou uma iniciativa in\u00e9dita do Estado, que vai conceder\u00a0<a href=\"https:\/\/www.agenciaminas.mg.gov.br\/noticia\/governo-de-minas-concede-inedito-auxilio-alimentacao-para-policiais-militares-civis-e-penais-corpo-de-bombeiros-e-servidores-de-seguranca-em-unidades-prisionais-socioeducativas-e-de-operacoes-especiais\" target=\"_blank\" rel=\"noopener\">ajuda de custo para despesas com alimenta\u00e7\u00e3o<\/a>\u00a0para integrantes da PMMG, PCMG, CBMMG, policiais penais e demais servidores da Sejusp das unidades prisionais, socioeducativas e comando de opera\u00e7\u00f5es especiais.<\/p>\n<p><strong>Trof\u00e9u<\/strong><\/p>\n<p>A premia\u00e7\u00e3o evidencia opera\u00e7\u00f5es estrat\u00e9gicas que se destacaram pelo planejamento, inova\u00e7\u00e3o e efetividade no enfrentamento de desafios da seguran\u00e7a p\u00fablica.<\/p>\n<p>O Trof\u00e9u Guardi\u00e3o Mineiro tamb\u00e9m promove o compromisso e a excel\u00eancia no desempenho di\u00e1rio das For\u00e7as de Seguran\u00e7a, ressaltando o apoio cont\u00ednuo do Governo de Minas a todos os profissionais que atuam diretamente na prote\u00e7\u00e3o e no servi\u00e7o \u00e0 popula\u00e7\u00e3o do estado.<\/p>\n<p>Para o chefe do Gabinete Militar do Governador e coordenador Estadual da Defesa Civil, coronel Paulo Roberto Rezende, a premia\u00e7\u00e3o mostra o cuidado e o reconhecimento que o Governo de Minas tem com o trabalho realizado pelas For\u00e7as de Seguran\u00e7a.<\/p>\n<table border=\"0\" cellspacing=\"1\" cellpadding=\"1\" align=\"center\">\n<tbody>\n<tr>\n<td colspan=\"5\"><img decoding=\"async\" src=\"https:\/\/www.agenciaminas.mg.gov.br\/ckeditor_assets\/pictures\/20949\/content_2_olho_topo.jpg\" alt=\"\" \/><\/td>\n<\/tr>\n<tr>\n<td><\/td>\n<td colspan=\"3\" rowspan=\"3\">\n<h1><strong>&#8220;Fica nosso agradecimento ao governador, pois este \u00e9 um reconhecimento muito importante para todo policial e bombeiro militar que coloca sua vida em risco para garantir a seguran\u00e7a dos mineiros\u201d, ressaltou o coronel Paulo Roberto Rezende.<\/strong><\/h1>\n<\/td>\n<td><\/td>\n<\/tr>\n<tr>\n<td><\/td>\n<td><\/td>\n<\/tr>\n<tr>\n<td><\/td>\n<td><\/td>\n<\/tr>\n<tr>\n<td colspan=\"5\"><img decoding=\"async\" src=\"https:\/\/www.agenciaminas.mg.gov.br\/ckeditor_assets\/pictures\/20950\/content_2_olho_inferior.jpg\" alt=\"\" \/><\/td>\n<\/tr>\n<\/tbody>\n<\/table>\n<p><strong>Ocorr\u00eancias de destaque<\/strong><\/p>\n<p>Na solenidade, foram reconhecidas a\u00e7\u00f5es que demonstraram a dedica\u00e7\u00e3o e efici\u00eancia das For\u00e7as de Seguran\u00e7a em Minas Gerais. A lista completa de agraciados est\u00e1 dispon\u00edvel\u00a0<a href=\"https:\/\/www.agenciaminas.mg.gov.br\/ckeditor_assets\/attachments\/22575\/lista_de_agraciados_na_segunda_edicao_do_trofeu_guardiao_mineiro.pdf\" target=\"_blank\" rel=\"noopener\">neste link<\/a>.<\/p>\n<p>Pela Pol\u00edcia Militar, foi premiada\u00a0a atua\u00e7\u00e3o da corpora\u00e7\u00e3o em um caso de sequestro e roubo de ve\u00edculo em Belo Horizonte. Ap\u00f3s receber uma den\u00fancia via 190, a equipe iniciou rastreamento e acionou o protocolo de cerco, bloqueio e intercepta\u00e7\u00e3o na regi\u00e3o Noroeste da capital.<\/p>\n<p>Tr\u00eas suspeitos, que haviam feito um entregador ref\u00e9m e roubado seu ve\u00edculo e mercadorias, foram localizados e detidos no bairro Pindorama. Com eles, a PMMG apreendeu uma submetralhadora e muni\u00e7\u00f5es 9 mil\u00edmetros. A v\u00edtima foi libertada sem ferimentos, e toda a carga recuperada.<\/p>\n<p>J\u00e1 a Pol\u00edcia Civil foi homenageada pelo trabalho investigativo que levou \u00e0 elucida\u00e7\u00e3o da morte de uma advogada em Belo Horizonte. Inicialmente tratado como suic\u00eddio, o caso ganhou novos desdobramentos a partir de provas que indicaram que houve uma briga antes de a v\u00edtima cair do oitavo andar do pr\u00e9dio onde morava.<\/p>\n<p>A investiga\u00e7\u00e3o revelou um hist\u00f3rico de viol\u00eancia no relacionamento e diversas contradi\u00e7\u00f5es no depoimento do suspeito, namorado da v\u00edtima. Com base nas evid\u00eancias reunidas, ele foi indiciado por feminic\u00eddio.<\/p>\n<p>O Corpo de Bombeiros Militar tamb\u00e9m teve sua atua\u00e7\u00e3o destacada durante um inc\u00eandio de grandes propor\u00e7\u00f5es, causado pelo tombamento e explos\u00e3o de um caminh\u00e3o-tanque no limite entre Belo Horizonte e Sabar\u00e1. Ao chegarem ao local, os bombeiros encontraram o ve\u00edculo em chamas, com um vazamento de combust\u00edvel que amea\u00e7ava resid\u00eancias pr\u00f3ximas.<\/p>\n<p>Em uma opera\u00e7\u00e3o minuciosa, a equipe conseguiu controlar o inc\u00eandio e evacuar os moradores, evitando um desastre ainda maior. Al\u00e9m de resgatar quatro pessoas com vida, a r\u00e1pida a\u00e7\u00e3o dos bombeiros impediu que as chamas atingissem casas vizinhas e uma madeireira.<\/p>\n<p>A Sejusp foi\u00a0reconhecida por suas a\u00e7\u00f5es estrat\u00e9gicas voltadas \u00e0 seguran\u00e7a p\u00fablica e \u00e0 ressocializa\u00e7\u00e3o. Gra\u00e7as ao trabalho de intelig\u00eancia e ao comprometimento dos servidores, foi evitada uma tentativa de fuga em massa na Penitenci\u00e1ria de Te\u00f3filo Otoni.<\/p>\n<p>Al\u00e9m disso, o Pres\u00eddio Doutor Nelson Pires se destacou por um projeto social que mant\u00e9m uma horta com produ\u00e7\u00e3o integralmente destinada a doa\u00e7\u00f5es para comunidades carentes. Outro trabalho relevante foi o apoio \u00e0s v\u00edtimas das chuvas em Ipatinga, com atua\u00e7\u00e3o direta na log\u00edstica de atendimento emergencial.<\/p>\n<p>Fonte: Ag\u00eancia Minas<\/p>\n","protected":false},"excerpt":{"rendered":"<p>O\u00a0Governo de Minas, por meio do\u00a0Gabinete Militar do Governador (GMG), realizou nesta quarta-feira (12\/3), em solenidade realizada na Cidade Administrativa, a entrega da segunda edi\u00e7\u00e3o do Trof\u00e9u Guardi\u00e3o Mineiro, uma homenagem \u00e0s For\u00e7as de Seguran\u00e7a do Estado pela dedica\u00e7\u00e3o, efici\u00eancia e compromisso com a prote\u00e7\u00e3o da popula\u00e7\u00e3o. Criado para reconhecer e valorizar o trabalho das [&hellip;]<\/p>\n","protected":false},"author":246,"featured_media":227198,"comment_status":"closed","ping_status":"closed","sticky":false,"template":"","format":"standard","meta":{"footnotes":""},"categories":[436,440,261,254,439],"tags":[],"class_list":["post-227197","post","type-post","status-publish","format-standard","has-post-thumbnail","hentry","category-destaque-da-semana","category-destaques-do-dia","category-economia","category-politica","category-ultima-hora"],"_links":{"self":[{"href":"https:\/\/diarioregionaldigital.com.br\/index.php?rest_route=\/wp\/v2\/posts\/227197","targetHints":{"allow":["GET"]}}],"collection":[{"href":"https:\/\/diarioregionaldigital.com.br\/index.php?rest_route=\/wp\/v2\/posts"}],"about":[{"href":"https:\/\/diarioregionaldigital.com.br\/index.php?rest_route=\/wp\/v2\/types\/post"}],"author":[{"embeddable":true,"href":"https:\/\/diarioregionaldigital.com.br\/index.php?rest_route=\/wp\/v2\/users\/246"}],"replies":[{"embeddable":true,"href":"https:\/\/diarioregionaldigital.com.br\/index.php?rest_route=%2Fwp%2Fv2%2Fcomments&post=227197"}],"version-history":[{"count":1,"href":"https:\/\/diarioregionaldigital.com.br\/index.php?rest_route=\/wp\/v2\/posts\/227197\/revisions"}],"predecessor-version":[{"id":227199,"href":"https:\/\/diarioregionaldigital.com.br\/index.php?rest_route=\/wp\/v2\/posts\/227197\/revisions\/227199"}],"wp:featuredmedia":[{"embeddable":true,"href":"https:\/\/diarioregionaldigital.com.br\/index.php?rest_route=\/wp\/v2\/media\/227198"}],"wp:attachment":[{"href":"https:\/\/diarioregionaldigital.com.br\/index.php?rest_route=%2Fwp%2Fv2%2Fmedia&parent=227197"}],"wp:term":[{"taxonomy":"category","embeddable":true,"href":"https:\/\/diarioregionaldigital.com.br\/index.php?rest_route=%2Fwp%2Fv2%2Fcategories&post=227197"},{"taxonomy":"post_tag","embeddable":true,"href":"https:\/\/diarioregionaldigital.com.br\/index.php?rest_route=%2Fwp%2Fv2%2Ftags&post=227197"}],"curies":[{"name":"wp","href":"https:\/\/api.w.org\/{rel}","templated":true}]}}