{"id":227194,"date":"2025-03-12T20:08:30","date_gmt":"2025-03-12T23:08:30","guid":{"rendered":"https:\/\/diarioregionaldigital.com.br\/?p=227194"},"modified":"2025-03-12T20:08:30","modified_gmt":"2025-03-12T23:08:30","slug":"arrecadacao-via-pix-simplifica-o-pagamento-de-impostos-e-taxas-estaduais-pelos-contribuintes-de-minas-gerais","status":"publish","type":"post","link":"https:\/\/diarioregionaldigital.com.br\/?p=227194","title":{"rendered":"Arrecada\u00e7\u00e3o via Pix simplifica o pagamento de impostos e taxas estaduais pelos contribuintes de Minas Gerais"},"content":{"rendered":"<p>A op\u00e7\u00e3o de pagamento de impostos e taxas estaduais de Minas Gerais por meio do Pix simplificou a vida dos cidad\u00e3os e empresas e ainda gerou redu\u00e7\u00e3o de gastos do Estado com tarifas banc\u00e1rias.<\/p>\n<p>De acordo com levantamento da\u00a0<a href=\"https:\/\/www.fazenda.mg.gov.br\/\" target=\"_blank\" rel=\"noopener\">Secretaria de Estado de Fazenda de Minas Gerais (SEF\/MG)<\/a>, somente em 2025, 2,4 milh\u00f5es de pagamentos do Imposto sobre a Propriedade de Ve\u00edculos Automotores (IPVA) ocorreram por meio do Pix, at\u00e9 o dia 28\/2, o que resultou em economia superior a R$ 2,6 milh\u00f5es aos cofres p\u00fablicos.<\/p>\n<p>A arrecada\u00e7\u00e3o via Pix em Minas Gerais teve in\u00edcio em abril de 2023, a partir de uma for\u00e7a-tarefa interna da SEF\/MG, executada pelas superintend\u00eancias de Arrecada\u00e7\u00e3o e Informa\u00e7\u00f5es Fiscais (Saif) e de Tecnologia da Informa\u00e7\u00e3o (STI).<\/p>\n<p>O secret\u00e1rio de Estado de Fazenda, Luiz Claudio Gomes, lembra que, antes da implementa\u00e7\u00e3o do Pix como forma de pagamento, muitos contribuintes precisavam imprimir um Documento de Arrecada\u00e7\u00e3o Estadual (DAE) e se deslocar at\u00e9 ag\u00eancias f\u00edsicas dos bancos credenciados ou \u00e0s casas lot\u00e9ricas para quitar os d\u00e9bitos. &#8220;O\u00a0<a href=\"https:\/\/www.mg.gov.br\/\" target=\"_blank\" rel=\"noopener\">Governo de Minas<\/a>\u00a0tem buscado, a cada dia, facilitar a vida dos cidad\u00e3os e das empresas, acompanhando as novidades, sobretudo, no mundo digital&#8221;.<\/p>\n<table border=\"0\" cellspacing=\"1\" cellpadding=\"1\" align=\"center\">\n<tbody>\n<tr>\n<td colspan=\"5\"><img decoding=\"async\" src=\"https:\/\/www.agenciaminas.mg.gov.br\/ckeditor_assets\/pictures\/20949\/content_2_olho_topo.jpg\" alt=\"\" \/><\/td>\n<\/tr>\n<tr>\n<td><\/td>\n<td colspan=\"3\" rowspan=\"3\">\n<h1><strong>&#8220;Com a implementa\u00e7\u00e3o da arrecada\u00e7\u00e3o via Pix, nossos contribuintes podem pagar os tributos devidos ao Estado com o seu celular, como a maioria do com\u00e9rcio faz, e j\u00e1 virou nossa rotina&#8221;, afirma o secret\u00e1rio Luiz Claudio Gomes.<\/strong><\/h1>\n<\/td>\n<td><\/td>\n<\/tr>\n<tr>\n<td><\/td>\n<td><\/td>\n<\/tr>\n<tr>\n<td><\/td>\n<td><\/td>\n<\/tr>\n<tr>\n<td colspan=\"5\"><img decoding=\"async\" src=\"https:\/\/www.agenciaminas.mg.gov.br\/ckeditor_assets\/pictures\/20950\/content_2_olho_inferior.jpg\" alt=\"\" \/><\/td>\n<\/tr>\n<\/tbody>\n<\/table>\n<p>Das 853 cidades mineiras, menos da metade possui entrepostos banc\u00e1rios, o que dificultava o pagamento de tributos pelos contribuintes. Com a arrecada\u00e7\u00e3o via Pix, a capilaridade aumentou, pois as opera\u00e7\u00f5es banc\u00e1rias podem ser feitas de qualquer institui\u00e7\u00e3o financeira, como as chamadas fintechs, para os agentes arrecadadores credenciados junto ao Estado.<\/p>\n<p>O crescimento da ades\u00e3o \u00e9 fato. Em 2023, no per\u00edodo de janeiro a abril, quando a arrecada\u00e7\u00e3o via Pix ainda n\u00e3o tinha sido lan\u00e7ada, 1,3 milh\u00e3o de pagamentos foram feitos na boca do caixa. J\u00e1 nos primeiros meses de 2025, o n\u00famero caiu para 715 mil. A opera\u00e7\u00e3o por meio do c\u00f3digo de barras diminuiu de 2,15 milh\u00f5es para 1,86 milh\u00e3o. No caso de pagamentos por meio do Pix, houve aumento de 140% na ades\u00e3o, na compara\u00e7\u00e3o entre os mesmos per\u00edodos.<\/p>\n<p><strong>Tarifas<\/strong><\/p>\n<p>Para cada pagamento de tributo, \u00e9 cobrado do Estado uma tarifa banc\u00e1ria. A tarifa mais cara \u00e9 a do terminal de autoatendimento, no valor de R$ 1,80 por procedimento. A t\u00edtulo de compara\u00e7\u00e3o, com o advento da arrecada\u00e7\u00e3o via Pix, esse valor caiu para R$ 0,10 \u2014 uma redu\u00e7\u00e3o de 94%.<\/p>\n<p>O diretor de Informa\u00e7\u00f5es Econ\u00f4mico-Fiscais da Superintend\u00eancia de Arrecada\u00e7\u00e3o e Informa\u00e7\u00f5es Fiscais (Saif) da SEF\/MG, Ricardo Alves de Souza, explica que o modelo de arrecada\u00e7\u00e3o via Pix possibilitou evolu\u00e7\u00f5es dentro do que antes dependia exclusivamente de boletos banc\u00e1rios.<\/p>\n<table border=\"0\" cellspacing=\"1\" cellpadding=\"1\" align=\"center\">\n<tbody>\n<tr>\n<td colspan=\"5\"><img decoding=\"async\" src=\"https:\/\/www.agenciaminas.mg.gov.br\/ckeditor_assets\/pictures\/20949\/content_2_olho_topo.jpg\" alt=\"\" \/><\/td>\n<\/tr>\n<tr>\n<td><\/td>\n<td colspan=\"3\" rowspan=\"3\">\n<h1><strong>&#8220;O Pix veio para modernizar o sistema. Ele oferece uma forma mais r\u00e1pida e econ\u00f4mica de receber os tributos. Al\u00e9m disso, permite a qualquer mineiro, mesmo nos locais mais distantes, fazer o pagamento de forma f\u00e1cil e segura&#8221;, diz Ricardo Alves.<\/strong><\/h1>\n<\/td>\n<td><\/td>\n<\/tr>\n<tr>\n<td><\/td>\n<td><\/td>\n<\/tr>\n<tr>\n<td><\/td>\n<td><\/td>\n<\/tr>\n<tr>\n<td colspan=\"5\"><img decoding=\"async\" src=\"https:\/\/www.agenciaminas.mg.gov.br\/ckeditor_assets\/pictures\/20950\/content_2_olho_inferior.jpg\" alt=\"\" \/><\/td>\n<\/tr>\n<\/tbody>\n<\/table>\n<p>De acordo com a Divis\u00e3o de Arrecada\u00e7\u00e3o da Superintend\u00eancia de Tecnologia da Informa\u00e7\u00e3o da SEF\/MG, a implementa\u00e7\u00e3o do Pix como m\u00e9todo de pagamento dos impostos e taxas gerou uma economia de R$ 1,5 milh\u00e3o em janeiro \u2013 antes do in\u00edcio da cobran\u00e7a do IPVA \u2013, com as tarifas que deixaram de ser recolhidas pelos outros m\u00e9todos de pagamento.<\/p>\n<p>Al\u00e9m do IPVA, tributos como Imposto sobre Circula\u00e7\u00e3o de Mercadorias e Presta\u00e7\u00e3o de Servi\u00e7os (ICMS), Imposto sobre Transmiss\u00e3o Causa mortis e Doa\u00e7\u00e3o (ITCD) e taxas de servi\u00e7os p\u00fablicos, como segunda via de documentos, podem ser pagos por meio do Pix. No entanto, as demais formas de pagamento continuam sendo aceitas.<\/p>\n<p>Fonte: Ag\u00eancia Minas<\/p>\n","protected":false},"excerpt":{"rendered":"<p>A op\u00e7\u00e3o de pagamento de impostos e taxas estaduais de Minas Gerais por meio do Pix simplificou a vida dos cidad\u00e3os e empresas e ainda gerou redu\u00e7\u00e3o de gastos do Estado com tarifas banc\u00e1rias. De acordo com levantamento da\u00a0Secretaria de Estado de Fazenda de Minas Gerais (SEF\/MG), somente em 2025, 2,4 milh\u00f5es de pagamentos do [&hellip;]<\/p>\n","protected":false},"author":246,"featured_media":227195,"comment_status":"closed","ping_status":"closed","sticky":false,"template":"","format":"standard","meta":{"footnotes":""},"categories":[436,440,261,254,439],"tags":[],"class_list":["post-227194","post","type-post","status-publish","format-standard","has-post-thumbnail","hentry","category-destaque-da-semana","category-destaques-do-dia","category-economia","category-politica","category-ultima-hora"],"_links":{"self":[{"href":"https:\/\/diarioregionaldigital.com.br\/index.php?rest_route=\/wp\/v2\/posts\/227194","targetHints":{"allow":["GET"]}}],"collection":[{"href":"https:\/\/diarioregionaldigital.com.br\/index.php?rest_route=\/wp\/v2\/posts"}],"about":[{"href":"https:\/\/diarioregionaldigital.com.br\/index.php?rest_route=\/wp\/v2\/types\/post"}],"author":[{"embeddable":true,"href":"https:\/\/diarioregionaldigital.com.br\/index.php?rest_route=\/wp\/v2\/users\/246"}],"replies":[{"embeddable":true,"href":"https:\/\/diarioregionaldigital.com.br\/index.php?rest_route=%2Fwp%2Fv2%2Fcomments&post=227194"}],"version-history":[{"count":1,"href":"https:\/\/diarioregionaldigital.com.br\/index.php?rest_route=\/wp\/v2\/posts\/227194\/revisions"}],"predecessor-version":[{"id":227196,"href":"https:\/\/diarioregionaldigital.com.br\/index.php?rest_route=\/wp\/v2\/posts\/227194\/revisions\/227196"}],"wp:featuredmedia":[{"embeddable":true,"href":"https:\/\/diarioregionaldigital.com.br\/index.php?rest_route=\/wp\/v2\/media\/227195"}],"wp:attachment":[{"href":"https:\/\/diarioregionaldigital.com.br\/index.php?rest_route=%2Fwp%2Fv2%2Fmedia&parent=227194"}],"wp:term":[{"taxonomy":"category","embeddable":true,"href":"https:\/\/diarioregionaldigital.com.br\/index.php?rest_route=%2Fwp%2Fv2%2Fcategories&post=227194"},{"taxonomy":"post_tag","embeddable":true,"href":"https:\/\/diarioregionaldigital.com.br\/index.php?rest_route=%2Fwp%2Fv2%2Ftags&post=227194"}],"curies":[{"name":"wp","href":"https:\/\/api.w.org\/{rel}","templated":true}]}}