{"id":227190,"date":"2025-03-11T20:07:54","date_gmt":"2025-03-11T23:07:54","guid":{"rendered":"https:\/\/diarioregionaldigital.com.br\/?p=227190"},"modified":"2025-03-11T20:07:54","modified_gmt":"2025-03-11T23:07:54","slug":"contacao-de-historia-e-atividade-de-pintura-para-a-criancada-no-ccbm","status":"publish","type":"post","link":"https:\/\/diarioregionaldigital.com.br\/?p=227190","title":{"rendered":"Conta\u00e7\u00e3o de hist\u00f3ria e atividade de pintura para a crian\u00e7ada no CCBM"},"content":{"rendered":"<p><span style=\"color: #333333; font-size: 16px;\">Segundo informa\u00e7\u00f5es do site da Prefeitura de Juiz de Fora (PJF), um menino cor-de-rosa se diverte com diferentes brincadeiras enquanto \u00e9 observado por uma menina. Aos poucos ela se aproxima e pergunta: \u201cPor que voc\u00ea \u00e9 cor-de-rosa?\u201d. Essa hist\u00f3ria, vai ser contada no pr\u00f3ximo s\u00e1bado (15), no Centro Cultural Bernardo Mascarenhas (CCBM). A atividade \u00e9 gratuita e, al\u00e9m da conta\u00e7\u00e3o de hist\u00f3ria, o momento l\u00fadico para a crian\u00e7ada tamb\u00e9m vai ter atividade de pintura e a presen\u00e7a de um int\u00e9rprete de Libras, garantindo acessibilidade para todo mundo que participar.<\/span><\/p>\n<div id=\"box_texto_noticia\">\n<div class=\"gmail_default\">\nO livro \u201cO menino cor-de-rosa\u201d foi lan\u00e7ado com selo editorial da Funda\u00e7\u00e3o Cultural Alfredo Ferreira Lage (Funalfa), por meio de recursos da Lei Paulo Gustavo. A autora, Sandra Miranda, \u00e9 m\u00e3e de duas crian\u00e7as, al\u00e9m de professora mestre em Direito e Sociologia. \u201cDesde que meu primeiro filho nasceu, em 2019, me aproximei da literatura infantil. Em 2021 publiquei meu primeiro livro infantojuvenil e, de l\u00e1 para c\u00e1, j\u00e1 foram publicados cinco t\u00edtulos\u201d, conta.<\/p>\n<p>\u201cVejo nos livros infantojuvenis uma oportunidade de elevar a autoestima das crian\u00e7as e questionar padr\u00f5es preconceituosos de uma forma l\u00fadica. As crian\u00e7as s\u00e3o muito abertas ao novo e a literatura pode ajudar a formar pessoas melhores que construir\u00e3o uma sociedade melhor para elas mesmas.\u201d<\/p>\n<p>\u201cO menino cor-de-rosa\u201d aborda sutilmente preconceitos perpetuados pelos adultos e que, na maioria das vezes, as crian\u00e7as nem percebem, mas introjetam. \u201cPara tornar a experi\u00eancia mais divertida, toda conta\u00e7\u00e3o de hist\u00f3ria que fa\u00e7o \u00e9 acompanhada de uma atividade relacionada ao tema do livro, e neste caso, \u00e9 uma atividade de pintura. Cada crian\u00e7a pinta um\/a boneco\/a de MDF da cor que mais gosta e leva para casa\u201d, diz a autora.<\/p>\n<p><strong>Servi\u00e7o<\/strong>:<\/p>\n<p>Evento: Conta\u00e7\u00e3o da hist\u00f3ria \u201cO menino cor-de-rosa\u201d e atividade de pintura no CCBM<\/p>\n<p>Data: 15 de mar\u00e7o (s\u00e1bado)<\/p>\n<p>Hor\u00e1rio: 14h<\/p>\n<p>Local: CCBM (Avenida Get\u00falio Vargas, 200, Centro)<\/p>\n<p>P\u00fablico-alvo: crian\u00e7as de 6 a 9 anos, acompanhadas dos respons\u00e1veis<br \/>\nEntrada: Gratuita<\/p>\n<p>Vagas: 25<\/p>\n<p>Inscri\u00e7\u00f5es: gratuitas, pelo\u00a0<a href=\"https:\/\/docs.google.com\/forms\/d\/17i2kZKP4I5MKkIokgI0M6TQgdZf5g-HcqCiPX9HW_s0\/viewform?edit_requested=true\">link\u00a0<\/a><\/div>\n<\/div>\n<p>&nbsp;<\/p>\n","protected":false},"excerpt":{"rendered":"<p>Segundo informa\u00e7\u00f5es do site da Prefeitura de Juiz de Fora (PJF), um menino cor-de-rosa se diverte com diferentes brincadeiras enquanto \u00e9 observado por uma menina. Aos poucos ela se aproxima e pergunta: \u201cPor que voc\u00ea \u00e9 cor-de-rosa?\u201d. Essa hist\u00f3ria, vai ser contada no pr\u00f3ximo s\u00e1bado (15), no Centro Cultural Bernardo Mascarenhas (CCBM). A atividade \u00e9 [&hellip;]<\/p>\n","protected":false},"author":246,"featured_media":227191,"comment_status":"closed","ping_status":"closed","sticky":false,"template":"","format":"standard","meta":{"footnotes":""},"categories":[253,436,439],"tags":[],"class_list":["post-227190","post","type-post","status-publish","format-standard","has-post-thumbnail","hentry","category-cidade","category-destaque-da-semana","category-ultima-hora"],"_links":{"self":[{"href":"https:\/\/diarioregionaldigital.com.br\/index.php?rest_route=\/wp\/v2\/posts\/227190","targetHints":{"allow":["GET"]}}],"collection":[{"href":"https:\/\/diarioregionaldigital.com.br\/index.php?rest_route=\/wp\/v2\/posts"}],"about":[{"href":"https:\/\/diarioregionaldigital.com.br\/index.php?rest_route=\/wp\/v2\/types\/post"}],"author":[{"embeddable":true,"href":"https:\/\/diarioregionaldigital.com.br\/index.php?rest_route=\/wp\/v2\/users\/246"}],"replies":[{"embeddable":true,"href":"https:\/\/diarioregionaldigital.com.br\/index.php?rest_route=%2Fwp%2Fv2%2Fcomments&post=227190"}],"version-history":[{"count":1,"href":"https:\/\/diarioregionaldigital.com.br\/index.php?rest_route=\/wp\/v2\/posts\/227190\/revisions"}],"predecessor-version":[{"id":227192,"href":"https:\/\/diarioregionaldigital.com.br\/index.php?rest_route=\/wp\/v2\/posts\/227190\/revisions\/227192"}],"wp:featuredmedia":[{"embeddable":true,"href":"https:\/\/diarioregionaldigital.com.br\/index.php?rest_route=\/wp\/v2\/media\/227191"}],"wp:attachment":[{"href":"https:\/\/diarioregionaldigital.com.br\/index.php?rest_route=%2Fwp%2Fv2%2Fmedia&parent=227190"}],"wp:term":[{"taxonomy":"category","embeddable":true,"href":"https:\/\/diarioregionaldigital.com.br\/index.php?rest_route=%2Fwp%2Fv2%2Fcategories&post=227190"},{"taxonomy":"post_tag","embeddable":true,"href":"https:\/\/diarioregionaldigital.com.br\/index.php?rest_route=%2Fwp%2Fv2%2Ftags&post=227190"}],"curies":[{"name":"wp","href":"https:\/\/api.w.org\/{rel}","templated":true}]}}