{"id":227187,"date":"2025-03-11T20:06:38","date_gmt":"2025-03-11T23:06:38","guid":{"rendered":"https:\/\/diarioregionaldigital.com.br\/?p=227187"},"modified":"2025-03-11T20:06:38","modified_gmt":"2025-03-11T23:06:38","slug":"a-prorrogacao-do-prazo-para-o-pagamento-do-iptu-com-10-de-desconto-termina-nesta-quarta-feira-12","status":"publish","type":"post","link":"https:\/\/diarioregionaldigital.com.br\/?p=227187","title":{"rendered":"A prorroga\u00e7\u00e3o do prazo para o pagamento do IPTU com 10% de desconto termina nesta quarta-feira, 12"},"content":{"rendered":"<p>Segundo informa\u00e7\u00f5es do site da Prefeitura de Juiz de Fora (PJF), termina nesta quarta-feira, 12, a prorroga\u00e7\u00e3o do prazo para o pagamento \u00e0 vista do <a href=\"https:\/\/tributos4.pjf.mg.gov.br\/iptu\/\">IPTU 2025 com desconto de 10% em Juiz de Fora<\/a>.\u00a0A redu\u00e7\u00e3o no valor do imposto \u00e0 vista, \u00e9 v\u00e1lida apenas para os cidad\u00e3os que n\u00e3o t\u00eam d\u00e9bitos anteriores.<\/p>\n<p>Para pagar em em cota \u00fanica, basta acessar o site da Prefeitura de Juiz de Fora na\u00a0<a href=\"https:\/\/tributos4.pjf.mg.gov.br\/iptu\/\">aba Emiss\u00e3o IPTU 2025<\/a>, ou ir at\u00e9 uma das unidades do Departamento de Informa\u00e7\u00e3o Geral e Atendimento (Diga) Confira os endere\u00e7os abaixo<\/p>\n<p>Para quem preferir parcelar, o IPTU 2025 poder\u00e1 ser dividido em at\u00e9 dez vezes, com o vencimento da primeira parcela marcado para o dia 20 de mar\u00e7o.<\/p>\n<p><strong>Encontre o Diga mais pr\u00f3ximo de voc\u00ea<\/strong><\/p>\n<p>&nbsp;<\/p>\n<p>Diga | Centro<\/p>\n<p>Avenida Bar\u00e3o do Rio Branco, 1843 (2\u00b0 andar);<\/p>\n<p>Pr\u00e9dio-Sede da Prefeitura de Juiz de Fora &#8211; Avenida Brasil, 2001;<\/p>\n<p>PAM Marechal &#8211; Rua Marechal Deodoro, 496;<\/p>\n<p>Procon &#8211; Avenida Presidente Itamar Franco, 992<\/p>\n<p>&nbsp;<\/p>\n<p>Diga | Sul<\/p>\n<p>Rua Porto das Flores, 276 &#8211; Santa Luzia<\/p>\n<p>Diga | Centro\/ Sul<br \/>\nRua S\u00e3o Mateus, 300 &#8211; S\u00e3o Mateus<\/p>\n<p>&nbsp;<\/p>\n<p>Diga | Norte<\/p>\n<p>Avenida Presidente Juscelino Kubitschek, 900 (Loja 14) &#8211; Francisco Bernardino (Moinho);<br \/>\nPra\u00e7a Coronel Jeremias Garcia &#8211; Benfica<br \/>\nDiga | Nordeste<\/p>\n<p>Avenida Rui Barbosa, 530 &#8211; Santa Terezinha<\/p>\n<p>&nbsp;<\/p>\n<p>Diga | Oeste<\/p>\n<p>Avenida Presidente Costa e Silva, 2066 &#8211; S\u00e3o Pedro<\/p>\n","protected":false},"excerpt":{"rendered":"<p>Segundo informa\u00e7\u00f5es do site da Prefeitura de Juiz de Fora (PJF), termina nesta quarta-feira, 12, a prorroga\u00e7\u00e3o do prazo para o pagamento \u00e0 vista do IPTU 2025 com desconto de 10% em Juiz de Fora.\u00a0A redu\u00e7\u00e3o no valor do imposto \u00e0 vista, \u00e9 v\u00e1lida apenas para os cidad\u00e3os que n\u00e3o t\u00eam d\u00e9bitos anteriores. Para pagar [&hellip;]<\/p>\n","protected":false},"author":246,"featured_media":227188,"comment_status":"closed","ping_status":"closed","sticky":false,"template":"","format":"standard","meta":{"footnotes":""},"categories":[253,436,440,439],"tags":[],"class_list":["post-227187","post","type-post","status-publish","format-standard","has-post-thumbnail","hentry","category-cidade","category-destaque-da-semana","category-destaques-do-dia","category-ultima-hora"],"_links":{"self":[{"href":"https:\/\/diarioregionaldigital.com.br\/index.php?rest_route=\/wp\/v2\/posts\/227187","targetHints":{"allow":["GET"]}}],"collection":[{"href":"https:\/\/diarioregionaldigital.com.br\/index.php?rest_route=\/wp\/v2\/posts"}],"about":[{"href":"https:\/\/diarioregionaldigital.com.br\/index.php?rest_route=\/wp\/v2\/types\/post"}],"author":[{"embeddable":true,"href":"https:\/\/diarioregionaldigital.com.br\/index.php?rest_route=\/wp\/v2\/users\/246"}],"replies":[{"embeddable":true,"href":"https:\/\/diarioregionaldigital.com.br\/index.php?rest_route=%2Fwp%2Fv2%2Fcomments&post=227187"}],"version-history":[{"count":1,"href":"https:\/\/diarioregionaldigital.com.br\/index.php?rest_route=\/wp\/v2\/posts\/227187\/revisions"}],"predecessor-version":[{"id":227189,"href":"https:\/\/diarioregionaldigital.com.br\/index.php?rest_route=\/wp\/v2\/posts\/227187\/revisions\/227189"}],"wp:featuredmedia":[{"embeddable":true,"href":"https:\/\/diarioregionaldigital.com.br\/index.php?rest_route=\/wp\/v2\/media\/227188"}],"wp:attachment":[{"href":"https:\/\/diarioregionaldigital.com.br\/index.php?rest_route=%2Fwp%2Fv2%2Fmedia&parent=227187"}],"wp:term":[{"taxonomy":"category","embeddable":true,"href":"https:\/\/diarioregionaldigital.com.br\/index.php?rest_route=%2Fwp%2Fv2%2Fcategories&post=227187"},{"taxonomy":"post_tag","embeddable":true,"href":"https:\/\/diarioregionaldigital.com.br\/index.php?rest_route=%2Fwp%2Fv2%2Ftags&post=227187"}],"curies":[{"name":"wp","href":"https:\/\/api.w.org\/{rel}","templated":true}]}}