{"id":227184,"date":"2025-03-11T20:05:30","date_gmt":"2025-03-11T23:05:30","guid":{"rendered":"https:\/\/diarioregionaldigital.com.br\/?p=227184"},"modified":"2025-03-11T20:05:30","modified_gmt":"2025-03-11T23:05:30","slug":"juiz-de-fora-sediara-parte-do-festival-paralimpico-loterias-caixa-2025","status":"publish","type":"post","link":"https:\/\/diarioregionaldigital.com.br\/?p=227184","title":{"rendered":"Juiz de Fora sediar\u00e1 parte do Festival Paral\u00edmpico Loterias Caixa 2025"},"content":{"rendered":"<p>Segundo informa\u00e7\u00f5es do site da Prefeitura de Juiz de Fora (PJF), Juiz de Fora est\u00e1 entre as 91 cidades brasileiras escolhidas para sediar o Festival Paral\u00edmpico Loterias Caixa 2025. O evento tem como objetivo promover a experimenta\u00e7\u00e3o esportiva de forma l\u00fadica para crian\u00e7as com e sem defici\u00eancia, incentivando a inclus\u00e3o e o desenvolvimento do paradesporto.<\/p>\n<p>Na cidade, a iniciativa \u00e9 fruto de uma parceria entre o Centro de Refer\u00eancia Paral\u00edmpico da Faculdade de Educa\u00e7\u00e3o F\u00edsica e Desportos da Universidade Federal de Juiz de Fora (UFJF) e a Secretaria de Esporte e Lazer (SEL) da Prefeitura de Juiz de Fora (PJF).<\/p>\n<p>O secret\u00e1rio de Esporte e Lazer, Marcelo Matta, destacou a import\u00e2ncia do festival para o fortalecimento do esporte no munic\u00edpio e ressaltou o apoio da prefeita Margarida Salom\u00e3o na promo\u00e7\u00e3o de atividades esportivas. \u201cEsse ser\u00e1 mais um evento importante para o desenvolvimento do esporte em Juiz de Fora. J\u00e1 temos uma parceria com a UFJF e o Comit\u00ea Paral\u00edmpico Brasileiro, que acontece na Faculdade de Educa\u00e7\u00e3o F\u00edsica, e este evento fortalece essa parceria\u201d, afirmou.<\/p>\n<p>Assim como nos anos anteriores, o evento acontecer\u00e1 em duas etapas: a primeira no dia 14 de junho, e a segunda em 20 de setembro, respectivamente em alus\u00e3o ao Dia Nacional da Pessoa com Defici\u00eancia, celebrado em 21 de setembro, e ao Dia do Atleta Paral\u00edmpico, comemorado em 22 de setembro.<\/p>\n<p>A edi\u00e7\u00e3o de 2024 do festival registrou um n\u00famero recorde de inscritos, com mais de 44 mil crian\u00e7as participando das duas etapas do evento, realizado em 120 n\u00facleos pelo pa\u00eds. A expectativa para 2025 \u00e9 ampliar ainda mais esse alcance.<\/p>\n<p>O Festival foi realizado pela primeira vez em 2018, com 48 locais e mais de 7 mil crianc\u0327as. Em 2019, o evento teve 70 sedes e recebeu mais de 10 mil inscritos. No ano seguinte, a ac\u0327a\u0303o foi cancelada devido a\u0300 pandemia de Covid-19 e retornou em 2021, com 8 mil participantes em 70 nu\u0301cleos. Em 2022, foram atendidas 15 mil crianc\u0327as. Ja\u0301 em 2023, o Festival Parali\u0301mpico passou a ter duas edic\u0327o\u0303es anuais. Em maio, o evento contou com 21 mil participantes, assim como em setembro, somando um total de 42 mil inscric\u0327o\u0303es acumuladas no ano.<\/p>\n<p>Foto: Aquivo UFJF\/ Carolina de Paula<\/p>\n<p>Outras informa\u00e7\u00f5es:<\/p>\n<p> (32) 3690-7845 Secretaria de Esporte e Lazer<\/p>\n","protected":false},"excerpt":{"rendered":"<p>Segundo informa\u00e7\u00f5es do site da Prefeitura de Juiz de Fora (PJF), Juiz de Fora est\u00e1 entre as 91 cidades brasileiras escolhidas para sediar o Festival Paral\u00edmpico Loterias Caixa 2025. O evento tem como objetivo promover a experimenta\u00e7\u00e3o esportiva de forma l\u00fadica para crian\u00e7as com e sem defici\u00eancia, incentivando a inclus\u00e3o e o desenvolvimento do paradesporto. [&hellip;]<\/p>\n","protected":false},"author":246,"featured_media":227185,"comment_status":"closed","ping_status":"closed","sticky":false,"template":"","format":"standard","meta":{"footnotes":""},"categories":[253,436,440,257,439],"tags":[],"class_list":["post-227184","post","type-post","status-publish","format-standard","has-post-thumbnail","hentry","category-cidade","category-destaque-da-semana","category-destaques-do-dia","category-esporte","category-ultima-hora"],"_links":{"self":[{"href":"https:\/\/diarioregionaldigital.com.br\/index.php?rest_route=\/wp\/v2\/posts\/227184","targetHints":{"allow":["GET"]}}],"collection":[{"href":"https:\/\/diarioregionaldigital.com.br\/index.php?rest_route=\/wp\/v2\/posts"}],"about":[{"href":"https:\/\/diarioregionaldigital.com.br\/index.php?rest_route=\/wp\/v2\/types\/post"}],"author":[{"embeddable":true,"href":"https:\/\/diarioregionaldigital.com.br\/index.php?rest_route=\/wp\/v2\/users\/246"}],"replies":[{"embeddable":true,"href":"https:\/\/diarioregionaldigital.com.br\/index.php?rest_route=%2Fwp%2Fv2%2Fcomments&post=227184"}],"version-history":[{"count":1,"href":"https:\/\/diarioregionaldigital.com.br\/index.php?rest_route=\/wp\/v2\/posts\/227184\/revisions"}],"predecessor-version":[{"id":227186,"href":"https:\/\/diarioregionaldigital.com.br\/index.php?rest_route=\/wp\/v2\/posts\/227184\/revisions\/227186"}],"wp:featuredmedia":[{"embeddable":true,"href":"https:\/\/diarioregionaldigital.com.br\/index.php?rest_route=\/wp\/v2\/media\/227185"}],"wp:attachment":[{"href":"https:\/\/diarioregionaldigital.com.br\/index.php?rest_route=%2Fwp%2Fv2%2Fmedia&parent=227184"}],"wp:term":[{"taxonomy":"category","embeddable":true,"href":"https:\/\/diarioregionaldigital.com.br\/index.php?rest_route=%2Fwp%2Fv2%2Fcategories&post=227184"},{"taxonomy":"post_tag","embeddable":true,"href":"https:\/\/diarioregionaldigital.com.br\/index.php?rest_route=%2Fwp%2Fv2%2Ftags&post=227184"}],"curies":[{"name":"wp","href":"https:\/\/api.w.org\/{rel}","templated":true}]}}