{"id":227181,"date":"2025-03-11T20:04:32","date_gmt":"2025-03-11T23:04:32","guid":{"rendered":"https:\/\/diarioregionaldigital.com.br\/?p=227181"},"modified":"2025-03-11T20:04:32","modified_gmt":"2025-03-11T23:04:32","slug":"uais-disponibilizam-mais-mil-vagas-diarias-para-emissao-da-carteira-de-identidade-nacional","status":"publish","type":"post","link":"https:\/\/diarioregionaldigital.com.br\/?p=227181","title":{"rendered":"UAIs disponibilizam mais mil vagas di\u00e1rias para emiss\u00e3o da Carteira de Identidade Nacional"},"content":{"rendered":"<p>O\u00a0<a href=\"https:\/\/www.mg.gov.br\/\" target=\"_blank\" rel=\"noopener\">Governo de Minas<\/a>, por meio da\u00a0<a href=\"https:\/\/www.mg.gov.br\/planejamento\" target=\"_blank\" rel=\"noopener\">Secretaria de Estado de Planejamento e Gest\u00e3o (Seplag-MG)<\/a>\u00a0e da\u00a0<a href=\"https:\/\/www.policiacivil.mg.gov.br\/\" target=\"_blank\" rel=\"noopener\">Pol\u00edcia Civil de Minas Gerais (PCMG)<\/a>, aumentou mais mil vagas di\u00e1rias para emiss\u00e3o da Carteira de Identidade Nacional (CIN) nas Unidades de Atendimento Integrado (UAIs) em todo o estado.<\/p>\n<p>Agora, s\u00e3o disponibilizadas 11 mil vagas diariamente para agendamento. Das novas vagas, mais de 204 s\u00e3o na UAI Pra\u00e7a Sete, em Belo Horizonte.<\/p>\n<p>A medida visa atender \u00e0 crescente demanda para emiss\u00e3o do documento, especialmente na capital. A UAI Pra\u00e7a Sete conta, agora, com 1.621 vagas di\u00e1rias. A unidade ampliou o n\u00famero de guich\u00eas de atendimento de 41 para 73, e a equipe de atendimento foi dobrada, trazendo mais celeridade para o processo de emiss\u00e3o das identidades.<\/p>\n<p>De acordo com a diretora Central de Gest\u00e3o das Unidades de Atendimento Integrado da Seplag-MG, Marina Kleinhappel, o servi\u00e7o de emiss\u00e3o da CIN tem sido uma das principais demandas nas UAIs.<\/p>\n<p>\u201cTemos o compromisso de melhorar a presta\u00e7\u00e3o de servi\u00e7os p\u00fablicos, priorizando agilidade, qualidade e acessibilidade no atendimento \u00e0 popula\u00e7\u00e3o. Com essa amplia\u00e7\u00e3o de vagas, esperamos conseguir atender com rapidez todos que necessitam do documento\u201d, afirmou.<\/p>\n<p>Atualmente, Minas Gerais possui 53 UAIs, distribu\u00eddas em todas as regi\u00f5es do estado. Nelas, al\u00e9m de emitir a CIN e outros documentos, \u00e9 poss\u00edvel realizar uma s\u00e9rie de servi\u00e7os p\u00fablicos de diferentes entes, como intermedia\u00e7\u00e3o de m\u00e3o de obra, atendimentos relacionados ao tr\u00e2nsito, solicita\u00e7\u00e3o de seguro-desemprego, entre outros.<\/p>\n<p><strong>Como agendar atendimento<\/strong><\/p>\n<p>Para ser atendido nas UAIs, o cidad\u00e3o deve realizar agendamento pr\u00e9vio de forma gratuita nos canais oficiais do Governo de Minas: o\u00a0<a href=\"https:\/\/www.mg.gov.br\/\" target=\"_blank\" rel=\"noopener\">Portal MG<\/a>\u00a0e o aplicativo MG App. As vagas para emiss\u00e3o de identidade s\u00e3o liberadas de segunda a sexta-feira a partir das 7h, com um prazo de at\u00e9 dez dias para o agendamento.<\/p>\n<p>Em situa\u00e7\u00f5es de urg\u00eancia comprovada, os cidad\u00e3os podem solicitar o agendamento excepcional por meio do canal\u00a0<a href=\"https:\/\/www.mg.gov.br\/pagina\/atendimento\" target=\"_blank\" rel=\"noopener\">Fale Conosco<\/a>, dispon\u00edvel no portal do Governo de Minas.<\/p>\n<p>Fonte: Ag\u00eancia Minas<\/p>\n","protected":false},"excerpt":{"rendered":"<p>O\u00a0Governo de Minas, por meio da\u00a0Secretaria de Estado de Planejamento e Gest\u00e3o (Seplag-MG)\u00a0e da\u00a0Pol\u00edcia Civil de Minas Gerais (PCMG), aumentou mais mil vagas di\u00e1rias para emiss\u00e3o da Carteira de Identidade Nacional (CIN) nas Unidades de Atendimento Integrado (UAIs) em todo o estado. Agora, s\u00e3o disponibilizadas 11 mil vagas diariamente para agendamento. Das novas vagas, mais [&hellip;]<\/p>\n","protected":false},"author":246,"featured_media":227182,"comment_status":"closed","ping_status":"closed","sticky":false,"template":"","format":"standard","meta":{"footnotes":""},"categories":[436,261,254,439],"tags":[],"class_list":["post-227181","post","type-post","status-publish","format-standard","has-post-thumbnail","hentry","category-destaque-da-semana","category-economia","category-politica","category-ultima-hora"],"_links":{"self":[{"href":"https:\/\/diarioregionaldigital.com.br\/index.php?rest_route=\/wp\/v2\/posts\/227181","targetHints":{"allow":["GET"]}}],"collection":[{"href":"https:\/\/diarioregionaldigital.com.br\/index.php?rest_route=\/wp\/v2\/posts"}],"about":[{"href":"https:\/\/diarioregionaldigital.com.br\/index.php?rest_route=\/wp\/v2\/types\/post"}],"author":[{"embeddable":true,"href":"https:\/\/diarioregionaldigital.com.br\/index.php?rest_route=\/wp\/v2\/users\/246"}],"replies":[{"embeddable":true,"href":"https:\/\/diarioregionaldigital.com.br\/index.php?rest_route=%2Fwp%2Fv2%2Fcomments&post=227181"}],"version-history":[{"count":1,"href":"https:\/\/diarioregionaldigital.com.br\/index.php?rest_route=\/wp\/v2\/posts\/227181\/revisions"}],"predecessor-version":[{"id":227183,"href":"https:\/\/diarioregionaldigital.com.br\/index.php?rest_route=\/wp\/v2\/posts\/227181\/revisions\/227183"}],"wp:featuredmedia":[{"embeddable":true,"href":"https:\/\/diarioregionaldigital.com.br\/index.php?rest_route=\/wp\/v2\/media\/227182"}],"wp:attachment":[{"href":"https:\/\/diarioregionaldigital.com.br\/index.php?rest_route=%2Fwp%2Fv2%2Fmedia&parent=227181"}],"wp:term":[{"taxonomy":"category","embeddable":true,"href":"https:\/\/diarioregionaldigital.com.br\/index.php?rest_route=%2Fwp%2Fv2%2Fcategories&post=227181"},{"taxonomy":"post_tag","embeddable":true,"href":"https:\/\/diarioregionaldigital.com.br\/index.php?rest_route=%2Fwp%2Fv2%2Ftags&post=227181"}],"curies":[{"name":"wp","href":"https:\/\/api.w.org\/{rel}","templated":true}]}}