{"id":227178,"date":"2025-03-11T20:03:31","date_gmt":"2025-03-11T23:03:31","guid":{"rendered":"https:\/\/diarioregionaldigital.com.br\/?p=227178"},"modified":"2025-03-11T20:03:31","modified_gmt":"2025-03-11T23:03:31","slug":"com-apoio-do-governo-de-minas-producao-de-aco-avanca-no-pais-e-atinge-mercados-que-antes-nao-eram-possiveis","status":"publish","type":"post","link":"https:\/\/diarioregionaldigital.com.br\/?p=227178","title":{"rendered":"Com apoio do Governo de Minas, produ\u00e7\u00e3o de a\u00e7o avan\u00e7a no pa\u00eds e atinge mercados que antes n\u00e3o eram poss\u00edveis"},"content":{"rendered":"<p>O governador Romeu Zema participou, nesta ter\u00e7a-feira (11\/3), da solenidade de expans\u00e3o da produ\u00e7\u00e3o do a\u00e7o mineiro que est\u00e1 sendo implementada pela Gerdau em Ouro Branco, na regi\u00e3o Central de Minas Gerais. Durante o evento, a empresa destacou os investimentos na opera\u00e7\u00e3o, incluindo as obras para aumentar\u00a0a capacidade de produ\u00e7\u00e3o de bobinas a quente.<\/p>\n<p>A amplia\u00e7\u00e3o da capacidade do laminador de bobinas gerou mais de 2,5 mil empregos na regi\u00e3o e conta com um investimento de R$ 1,5 bilh\u00e3o, parte de um plano de R$ 6 bilh\u00f5es destinado \u00e0 moderniza\u00e7\u00e3o e amplia\u00e7\u00e3o das opera\u00e7\u00f5es da Gerdau em Minas Gerais.<\/p>\n<p>Com este investimento, a empresa ampliar\u00e1 sua capacidade anual de produ\u00e7\u00e3o de bobinas a quente em 250 mil toneladas, para 1,1 milh\u00e3o de toneladas ao ano, ao final do primeiro trimestre de 2025.<\/p>\n<p>O governador Romeu Zema destacou o papel que a Gerdau tem para a economia mineira.<\/p>\n<table border=\"0\" cellspacing=\"1\" cellpadding=\"1\" align=\"center\">\n<tbody>\n<tr>\n<td colspan=\"5\"><img decoding=\"async\" src=\"https:\/\/www.agenciaminas.mg.gov.br\/ckeditor_assets\/pictures\/20949\/content_2_olho_topo.jpg\" alt=\"\" \/><\/td>\n<\/tr>\n<tr>\n<td><\/td>\n<td colspan=\"3\" rowspan=\"3\">\n<h1><strong>&#8220;A Gerdau tem sido uma pe\u00e7a extremamente importante no desenvolvimento de Minas Gerais. Desde 2019, no in\u00edcio do meu governo, a empresa j\u00e1 investiu cerca de R$ 5\u00a0bilh\u00f5es no estado, fazendo com que tenhamos cada vez uma maior capacidade de produ\u00e7\u00e3o e atingindo mercados que antes n\u00e3o eram poss\u00edveis&#8221;, afirmou Romeu Zema.<\/strong><\/h1>\n<\/td>\n<td><\/td>\n<\/tr>\n<tr>\n<td><\/td>\n<td><\/td>\n<\/tr>\n<tr>\n<td><\/td>\n<td><\/td>\n<\/tr>\n<tr>\n<td colspan=\"5\"><img decoding=\"async\" src=\"https:\/\/www.agenciaminas.mg.gov.br\/ckeditor_assets\/pictures\/20950\/content_2_olho_inferior.jpg\" alt=\"\" \/><\/td>\n<\/tr>\n<\/tbody>\n<\/table>\n<p>A solenidade de apresenta\u00e7\u00e3o da expans\u00e3o da produ\u00e7\u00e3o de a\u00e7o em Minas Gerais contou com a presen\u00e7a do CEO da Gerdau, Gustavo Werneck, do presidente do Conselho de Administra\u00e7\u00e3o da Gerdau, Andr\u00e9 Gerdau Johannpeter, al\u00e9m do presidente da Rep\u00fablica, Luiz In\u00e1cio Lula da Silva, do vice-presidente do Brasil, Geraldo Alckmin, dentre outras autoridades.<\/p>\n<p>\u201cComo empresa genuinamente brasileira, a Gerdau segue fortalecendo sua presen\u00e7a em Minas Gerais, criando oportunidades de neg\u00f3cios, gerando empregos e renda nos munic\u00edpios em que est\u00e1 presente. Reafirmamos nosso papel como protagonistas na constru\u00e7\u00e3o do futuro do Brasil e no setor industrial nacional, compartilhando valor com toda a cadeia de valor do a\u00e7o, oferecendo produtos e solu\u00e7\u00f5es inovadores para nossos clientes\u201d, afirmou o CEO da Gerdau, Gustavo Werneck.<\/p>\n<p>Entre 2019 e 2024, a Gerdau formalizou, junto \u00e0\u00a0<a href=\"https:\/\/investminas.mg.gov.br\/\" target=\"_blank\" rel=\"noopener\">Invest Minas<\/a>, ag\u00eancia vinculada \u00e0\u00a0<a href=\"https:\/\/desenvolvimento.mg.gov.br\/\" target=\"_blank\" rel=\"noopener\">Secretaria de Estado Desenvolvimento Econ\u00f4mico de Minas Gerais (Sede-MG)<\/a>, cerca de R$ 5 bilh\u00f5es em investimentos para projetos de expans\u00e3o das atividades de siderurgia e minera\u00e7\u00e3o. Os investimentos est\u00e3o distribu\u00eddos em seis projetos em Ouro Branco, Ouro Preto e Congonhas, com expectativa de gera\u00e7\u00e3o de 846 empregos diretos.<\/p>\n<p><strong>Opera\u00e7\u00e3o de Ouro Branco<\/strong><\/p>\n<p>Com uma capacidade anual de 4,5 milh\u00f5es de toneladas, a planta de Ouro Branco \u00e9 a maior unidade produtora de a\u00e7o da Gerdau no mundo, representando 12% de todo o a\u00e7o produzido no Brasil.<\/p>\n<p>A opera\u00e7\u00e3o ocupa uma \u00e1rea de 10 milh\u00f5es metros quadrados, incluindo 5 mil hectares de \u00e1rea verde preservada, com dois altos-fornos para a produ\u00e7\u00e3o de a\u00e7os longos e planos, como vergalh\u00f5es, fio-m\u00e1quina, perfis estruturais, chapas grossas e bobinas a quente, atendendo aos mercados da constru\u00e7\u00e3o civil, automotivo, agropecu\u00e1ria, energia, naval, ferrovi\u00e1rio, entre outros.<\/p>\n<p>Diariamente, mais de 10 mil pessoas circulam pela planta, entre colaboradores e terceiros.<\/p>\n<p><strong>A Gerdau<\/strong><\/p>\n<p>Com 124 anos de hist\u00f3ria, a Gerdau \u00e9 a maior empresa brasileira produtora de a\u00e7o e uma das principais fornecedoras de a\u00e7os longos nas Am\u00e9ricas e de a\u00e7os especiais no mundo.<\/p>\n<p>No Brasil, tamb\u00e9m produz a\u00e7os planos, al\u00e9m de min\u00e9rio de ferro para consumo pr\u00f3prio. A companhia est\u00e1 presente em v\u00e1rios pa\u00edses e conta com mais de 30 mil colaboradores em todas as suas opera\u00e7\u00f5es.<\/p>\n<p>Fonte: Ag\u00eancia Minas<\/p>\n","protected":false},"excerpt":{"rendered":"<p>O governador Romeu Zema participou, nesta ter\u00e7a-feira (11\/3), da solenidade de expans\u00e3o da produ\u00e7\u00e3o do a\u00e7o mineiro que est\u00e1 sendo implementada pela Gerdau em Ouro Branco, na regi\u00e3o Central de Minas Gerais. Durante o evento, a empresa destacou os investimentos na opera\u00e7\u00e3o, incluindo as obras para aumentar\u00a0a capacidade de produ\u00e7\u00e3o de bobinas a quente. A [&hellip;]<\/p>\n","protected":false},"author":246,"featured_media":227179,"comment_status":"closed","ping_status":"closed","sticky":false,"template":"","format":"standard","meta":{"footnotes":""},"categories":[436,261,254,439],"tags":[],"class_list":["post-227178","post","type-post","status-publish","format-standard","has-post-thumbnail","hentry","category-destaque-da-semana","category-economia","category-politica","category-ultima-hora"],"_links":{"self":[{"href":"https:\/\/diarioregionaldigital.com.br\/index.php?rest_route=\/wp\/v2\/posts\/227178","targetHints":{"allow":["GET"]}}],"collection":[{"href":"https:\/\/diarioregionaldigital.com.br\/index.php?rest_route=\/wp\/v2\/posts"}],"about":[{"href":"https:\/\/diarioregionaldigital.com.br\/index.php?rest_route=\/wp\/v2\/types\/post"}],"author":[{"embeddable":true,"href":"https:\/\/diarioregionaldigital.com.br\/index.php?rest_route=\/wp\/v2\/users\/246"}],"replies":[{"embeddable":true,"href":"https:\/\/diarioregionaldigital.com.br\/index.php?rest_route=%2Fwp%2Fv2%2Fcomments&post=227178"}],"version-history":[{"count":1,"href":"https:\/\/diarioregionaldigital.com.br\/index.php?rest_route=\/wp\/v2\/posts\/227178\/revisions"}],"predecessor-version":[{"id":227180,"href":"https:\/\/diarioregionaldigital.com.br\/index.php?rest_route=\/wp\/v2\/posts\/227178\/revisions\/227180"}],"wp:featuredmedia":[{"embeddable":true,"href":"https:\/\/diarioregionaldigital.com.br\/index.php?rest_route=\/wp\/v2\/media\/227179"}],"wp:attachment":[{"href":"https:\/\/diarioregionaldigital.com.br\/index.php?rest_route=%2Fwp%2Fv2%2Fmedia&parent=227178"}],"wp:term":[{"taxonomy":"category","embeddable":true,"href":"https:\/\/diarioregionaldigital.com.br\/index.php?rest_route=%2Fwp%2Fv2%2Fcategories&post=227178"},{"taxonomy":"post_tag","embeddable":true,"href":"https:\/\/diarioregionaldigital.com.br\/index.php?rest_route=%2Fwp%2Fv2%2Ftags&post=227178"}],"curies":[{"name":"wp","href":"https:\/\/api.w.org\/{rel}","templated":true}]}}