{"id":227175,"date":"2025-03-11T20:02:37","date_gmt":"2025-03-11T23:02:37","guid":{"rendered":"https:\/\/diarioregionaldigital.com.br\/?p=227175"},"modified":"2025-03-11T20:02:37","modified_gmt":"2025-03-11T23:02:37","slug":"governo-de-minas-facilita-acesso-a-medicamentos-especializados-com-pontos-de-entregas-mais-proximos-dos-pacientes","status":"publish","type":"post","link":"https:\/\/diarioregionaldigital.com.br\/?p=227175","title":{"rendered":"Governo de Minas facilita acesso a medicamentos especializados com pontos de entregas mais pr\u00f3ximos dos pacientes"},"content":{"rendered":"<p>O\u00a0<a href=\"https:\/\/www.mg.gov.br\/\" target=\"_blank\" rel=\"noopener\">Governo de Minas Gerais<\/a>\u00a0vai levar os medicamentos do Componente Especializado da Assist\u00eancia Farmac\u00eautica (Ceaf) para mais perto dos cidad\u00e3os. A nova estrat\u00e9gia vai complementar a dispensa\u00e7\u00e3o dos medicamentos que j\u00e1 s\u00e3o distribu\u00eddos nas unidades b\u00e1sicas de sa\u00fade, com mais 48 rem\u00e9dios essenciais, evitando deslocamentos longos e agilizando o tratamento.<\/p>\n<p>Atualmente, para retirar esses medicamentos, mais de 60 mil pacientes precisam ir at\u00e9 unidades da Farm\u00e1cia de Minas, que muitas vezes est\u00e3o localizadas em cidades-polo. Com a amplia\u00e7\u00e3o do servi\u00e7o, os mineiros poder\u00e3o retirar nas UBS, por exemplo, rem\u00e9dios para dor cr\u00f4nica, triglic\u00e9rides altos, l\u00fapus, doen\u00e7a pulmonar obstrutiva cr\u00f4nica, epilepsia, osteoporose e colesterol alto.<\/p>\n<p>A secret\u00e1ria de Estado Adjunta de Sa\u00fade, Poliana Cardoso Lopes, destaca que a iniciativa visa reduzir a burocracia e facilitar o acesso da popula\u00e7\u00e3o.<\/p>\n<p>\u201cV\u00e1rios medicamentos j\u00e1 s\u00e3o de uso cont\u00ednuo dos pacientes, e o que queremos \u00e9 aproximar esse medicamento do cidad\u00e3o, que vai poder buscar pertinho de casa. Para que isso seja poss\u00edvel, \u00e9 muito importante que os munic\u00edpios fa\u00e7am a ades\u00e3o ao projeto\u201d, afirma.<\/p>\n<p>Al\u00e9m da comodidade, a ades\u00e3o dos munic\u00edpios permitir\u00e1 eliminar o tempo m\u00e9dio de 40 dias \u00fateis necess\u00e1rio para an\u00e1lise dos pedidos desses medicamentos no Ceaf.<\/p>\n<p>\u201cCom o novo modelo, bastar\u00e1 a prescri\u00e7\u00e3o m\u00e9dica para que o paciente retire seu medicamento na UBS, garantindo um tratamento cada vez mais efetivo e oportuno\u201d, ressalta Poliana.<\/p>\n<p><strong>Ades\u00e3o beneficia os munic\u00edpios<\/strong><\/p>\n<p>Al\u00e9m de beneficiar os cidad\u00e3os, os munic\u00edpios tamb\u00e9m saem ganhando. De acordo com o diretor de Pol\u00edticas de Assist\u00eancia Farmac\u00eautica da\u00a0<a href=\"https:\/\/www.saude.mg.gov.br\/\" target=\"_blank\" rel=\"noopener\">Secretaria de Estado de Sa\u00fade de Minas Gerais (SES-MG)<\/a>, Jans Bastos Izidro, a ades\u00e3o traz vantagens econ\u00f4micas.<\/p>\n<p>\u201cOs munic\u00edpios poder\u00e3o adquirir os medicamentos a pre\u00e7os mais competitivos, ter acesso a um modelo de financiamento equitativo e seguro, al\u00e9m de utilizar o mesmo fluxo de compra j\u00e1 adotado para medicamentos b\u00e1sicos\u201d, explica.<\/p>\n<p>Para aderir, os munic\u00edpios precisam assinar o termo de ades\u00e3o \u00e0 Resolu\u00e7\u00e3o SES-MG n\u00ba 9.847, de 13\/11\/2024. O documento est\u00e1 dispon\u00edvel no Sistema de Gerenciamento de Resolu\u00e7\u00f5es Estaduais de Sa\u00fade (Sigres) e no Sistema Eletr\u00f4nico de Informa\u00e7\u00f5es (SEI). At\u00e9 o momento, cerca de 730 munic\u00edpios j\u00e1 aderiram.<\/p>\n<p>O Governo de Minas vai definir, junto com os munic\u00edpios, a quantidade de medicamentos necess\u00e1ria e negociar um contrato \u00fanico de compra com fornecedores, garantindo melhores pre\u00e7os. A previs\u00e3o \u00e9 de que os contratos sejam finalizados at\u00e9 setembro de 2025. Com isso, os recursos ser\u00e3o repassados aos munic\u00edpios para que adquiram os medicamentos e iniciem a distribui\u00e7\u00e3o.<\/p>\n<p><strong>Como funciona e o que muda<\/strong><\/p>\n<p>Os medicamentos do Ceaf s\u00e3o usados no tratamento de doen\u00e7as raras, cr\u00f4nicas ou de alto custo, seguindo diretrizes estabelecidas pelo Minist\u00e9rio da Sa\u00fade. Hoje, para ter acesso a eles, o cidad\u00e3o precisa passar por um processo burocr\u00e1tico com quatro etapas: solicita\u00e7\u00e3o, an\u00e1lise dos documentos, dispensa\u00e7\u00e3o do medicamento e renova\u00e7\u00e3o do tratamento.<\/p>\n<p>Com a ades\u00e3o dos munic\u00edpios ao novo modelo, esse processo ser\u00e1 simplificado. O paciente poder\u00e1 retirar o medicamento diretamente na UBS, dentro do fluxo de atendimento da aten\u00e7\u00e3o b\u00e1sica, de acordo com as defini\u00e7\u00f5es dos munic\u00edpios.<\/p>\n<p>De janeiro a outubro de 2024, a SES-MG distribuiu cerca de 282.660.751 unidades de 292 tipos de medicamentos pelo Ceaf.<\/p>\n<p>Mais informa\u00e7\u00f5es podem ser consultadas na\u00a0<a href=\"https:\/\/www.saude.mg.gov.br\/obtermedicamentosceaf\" target=\"_blank\" rel=\"noopener\">p\u00e1gina do Ceaf<\/a>.<\/p>\n<p>Fonte: Ag\u00eancia Minas<\/p>\n","protected":false},"excerpt":{"rendered":"<p>O\u00a0Governo de Minas Gerais\u00a0vai levar os medicamentos do Componente Especializado da Assist\u00eancia Farmac\u00eautica (Ceaf) para mais perto dos cidad\u00e3os. A nova estrat\u00e9gia vai complementar a dispensa\u00e7\u00e3o dos medicamentos que j\u00e1 s\u00e3o distribu\u00eddos nas unidades b\u00e1sicas de sa\u00fade, com mais 48 rem\u00e9dios essenciais, evitando deslocamentos longos e agilizando o tratamento. Atualmente, para retirar esses medicamentos, mais [&hellip;]<\/p>\n","protected":false},"author":246,"featured_media":227176,"comment_status":"closed","ping_status":"closed","sticky":false,"template":"","format":"standard","meta":{"footnotes":""},"categories":[436,440,254,439],"tags":[],"class_list":["post-227175","post","type-post","status-publish","format-standard","has-post-thumbnail","hentry","category-destaque-da-semana","category-destaques-do-dia","category-politica","category-ultima-hora"],"_links":{"self":[{"href":"https:\/\/diarioregionaldigital.com.br\/index.php?rest_route=\/wp\/v2\/posts\/227175","targetHints":{"allow":["GET"]}}],"collection":[{"href":"https:\/\/diarioregionaldigital.com.br\/index.php?rest_route=\/wp\/v2\/posts"}],"about":[{"href":"https:\/\/diarioregionaldigital.com.br\/index.php?rest_route=\/wp\/v2\/types\/post"}],"author":[{"embeddable":true,"href":"https:\/\/diarioregionaldigital.com.br\/index.php?rest_route=\/wp\/v2\/users\/246"}],"replies":[{"embeddable":true,"href":"https:\/\/diarioregionaldigital.com.br\/index.php?rest_route=%2Fwp%2Fv2%2Fcomments&post=227175"}],"version-history":[{"count":1,"href":"https:\/\/diarioregionaldigital.com.br\/index.php?rest_route=\/wp\/v2\/posts\/227175\/revisions"}],"predecessor-version":[{"id":227177,"href":"https:\/\/diarioregionaldigital.com.br\/index.php?rest_route=\/wp\/v2\/posts\/227175\/revisions\/227177"}],"wp:featuredmedia":[{"embeddable":true,"href":"https:\/\/diarioregionaldigital.com.br\/index.php?rest_route=\/wp\/v2\/media\/227176"}],"wp:attachment":[{"href":"https:\/\/diarioregionaldigital.com.br\/index.php?rest_route=%2Fwp%2Fv2%2Fmedia&parent=227175"}],"wp:term":[{"taxonomy":"category","embeddable":true,"href":"https:\/\/diarioregionaldigital.com.br\/index.php?rest_route=%2Fwp%2Fv2%2Fcategories&post=227175"},{"taxonomy":"post_tag","embeddable":true,"href":"https:\/\/diarioregionaldigital.com.br\/index.php?rest_route=%2Fwp%2Fv2%2Ftags&post=227175"}],"curies":[{"name":"wp","href":"https:\/\/api.w.org\/{rel}","templated":true}]}}