{"id":227172,"date":"2025-03-11T20:01:34","date_gmt":"2025-03-11T23:01:34","guid":{"rendered":"https:\/\/diarioregionaldigital.com.br\/?p=227172"},"modified":"2025-03-11T20:01:34","modified_gmt":"2025-03-11T23:01:34","slug":"governador-destaca-parceria-com-quem-investe-em-minas-gerais-na-inauguracao-da-nova-producao-de-motores-da-stellantis","status":"publish","type":"post","link":"https:\/\/diarioregionaldigital.com.br\/?p=227172","title":{"rendered":"Governador destaca parceria com quem investe em Minas Gerais na inaugura\u00e7\u00e3o da nova produ\u00e7\u00e3o de motores da Stellantis"},"content":{"rendered":"<p><main class=\"clear margin-md-bottom-3\"><\/p>\n<div class=\"clear \">\n<p>Minas Gerais &#8211; reafirmando seu posicionamento como estado que hoje \u00e9 amigo de quem quer empreender e investir &#8211; \u00e9 mais uma vez o destino escolhido para produ\u00e7\u00e3o de tecnologia de ponta. O Polo Automotivo da Stellantis em Betim, na Regi\u00e3o Metropolitana de Belo Horizonte (RMBH), inaugurou, nesta ter\u00e7a-feira (11\/3), o TechMobility \u2013 Centro Stellantis de Desenvolvimento de Produto &amp; Mobilidade H\u00edbrido-Flex, o maior da Am\u00e9rica Latina.<\/p>\n<p>O novo centro ser\u00e1 respons\u00e1vel pelo desenvolvimento de motores a combust\u00e3o de alta efici\u00eancia, al\u00e9m de tecnologias de eletrifica\u00e7\u00e3o de baixa alta voltagem.<\/p>\n<p>Na oportunidade, o governador Romeu Zema destacou a for\u00e7a da energia fotovoltaica de Minas Gerais, importante tamb\u00e9m para os ve\u00edculos h\u00edbridos.<\/p>\n<table border=\"0\" cellspacing=\"1\" cellpadding=\"1\" align=\"center\">\n<tbody>\n<tr>\n<td colspan=\"5\"><img decoding=\"async\" src=\"https:\/\/www.agenciaminas.mg.gov.br\/ckeditor_assets\/pictures\/20949\/content_2_olho_topo.jpg\" alt=\"\" \/><\/td>\n<\/tr>\n<tr>\n<td><\/td>\n<td colspan=\"3\" rowspan=\"3\">\n<h1><strong>&#8220;O nosso estado est\u00e1 avan\u00e7ando em v\u00e1rios pontos &#8211; e um deles \u00e9 a energia renov\u00e1vel. Em 2018, o estado gerava 500 megas; hoje, j\u00e1 gera 14 gigawatts (GW). Isso significa que n\u00f3s constru\u00edmos aqui, nesses \u00faltimos seis anos, mais do que uma Itaipu de energia solar&#8221;, comparou Romeu Zema.<\/strong><\/h1>\n<\/td>\n<td><\/td>\n<\/tr>\n<tr>\n<td><\/td>\n<td><\/td>\n<\/tr>\n<tr>\n<td><\/td>\n<td><\/td>\n<\/tr>\n<tr>\n<td colspan=\"5\"><img decoding=\"async\" src=\"https:\/\/www.agenciaminas.mg.gov.br\/ckeditor_assets\/pictures\/20950\/content_2_olho_inferior.jpg\" alt=\"\" \/><\/td>\n<\/tr>\n<\/tbody>\n<\/table>\n<p>\u201cCom mais carros movidos a energia el\u00e9trica, com certeza, precisaremos de mais energia. Mesmo assim, somos, disparado,\u00a0o estado que mais produz energia fotovoltaica\u201d, disse o governador, frisando os investimentos recordes realizados pela\u00a0<a href=\"https:\/\/www.cemig.com.br\/\" target=\"_blank\" rel=\"noopener\">Companhia Energ\u00e9tica de Minas Gerais (Cemig)<\/a>.<\/p>\n<p>O chefe do Executivo mineiro lembrou ainda que, em rela\u00e7\u00e3o \u00e0 gera\u00e7\u00e3o de energia limpa, Minas Gerais tem mostrado para o mundo que \u00e9 poss\u00edvel crescer economicamente com sustentabilidade. O estado foi o primeiro da Am\u00e9rica Latina a assinar o compromisso global\u00a0<em>Race to Zero<\/em>, de neutralidade das emiss\u00f5es de gases de efeito estufa at\u00e9 2050.<\/p>\n<p>A agenda tamb\u00e9m contou com a participa\u00e7\u00e3o do presidente da Rep\u00fablica,\u00a0Luiz In\u00e1cio Lula da Silva, e do vice-presidente Geraldo Alckmin, ministros, parlamentares, entre outros convidados.<\/p>\n<p>Pelo Governo de Minas, estiveram presentes, ainda, os\u00a0secret\u00e1rios de Estado de\u00a0<a href=\"http:\/\/www.desenvolvimento.mg.gov.br\/\" target=\"_blank\" rel=\"noopener\">Desenvolvimento Econ\u00f4mico (Sede)<\/a>, Mila Corr\u00eaa da Costa, e de\u00a0<a href=\"http:\/\/www.fazenda.mg.gov.br\/\" target=\"_blank\" rel=\"noopener\">Fazenda (SEF)<\/a>, Luiz Claudio Gomes.<\/p>\n<p>&#8220;Essa contrata\u00e7\u00e3o de 1,5 mil novos funcion\u00e1rios e o investimento da Stellantis s\u00e3o reflexos da confian\u00e7a do setor produtivo em Minas Gerais. Nosso estado se consolida como um dos principais polos industriais do pa\u00eds, resultado de um ambiente de neg\u00f3cios favor\u00e1vel e de pol\u00edticas que incentivam a inova\u00e7\u00e3o e a qualifica\u00e7\u00e3o profissional. O governo de Minas segue firme no compromisso de gerar emprego e renda, impulsionando o desenvolvimento econ\u00f4mico e social&#8221;, disse a secret\u00e1ria Mila Corr\u00eaa.<\/p>\n<p><strong>Gera\u00e7\u00e3o de empregos para Minas Gerais<\/strong><\/p>\n<p>A Stellantis informou que 1,9 mil pessoas ser\u00e3o contratadas para trabalhar na nova f\u00e1brica, sendo eles 400 engenheiros. O governador de Minas celebrou a tend\u00eancia que o estado tem registrado na cria\u00e7\u00e3o de postos de trabalho.<\/p>\n<table border=\"0\" cellspacing=\"1\" cellpadding=\"1\" align=\"center\">\n<tbody>\n<tr>\n<td colspan=\"5\"><img decoding=\"async\" src=\"https:\/\/www.agenciaminas.mg.gov.br\/ckeditor_assets\/pictures\/20949\/content_2_olho_topo.jpg\" alt=\"\" \/><\/td>\n<\/tr>\n<tr>\n<td><\/td>\n<td colspan=\"3\" rowspan=\"3\">\n<h1><strong>&#8220;\u00c9 muito satisfat\u00f3rio ver que, depois de enfrentar muitas dificuldades, Minas Gerais voltou a andar nos trilhos. At\u00e9 o in\u00edcio de 2026, eu vou realizar um dos meus sonhos que vai ser a marca de 1 milh\u00e3o de empregos diretos gerados&#8221;, salientou o governador Romeu Zema.<\/strong><\/h1>\n<\/td>\n<td><\/td>\n<\/tr>\n<tr>\n<td><\/td>\n<td><\/td>\n<\/tr>\n<tr>\n<td><\/td>\n<td><\/td>\n<\/tr>\n<tr>\n<td colspan=\"5\"><img decoding=\"async\" src=\"https:\/\/www.agenciaminas.mg.gov.br\/ckeditor_assets\/pictures\/20950\/content_2_olho_inferior.jpg\" alt=\"\" \/><\/td>\n<\/tr>\n<\/tbody>\n<\/table>\n<p><strong>Parceria com a Stellantis<\/strong><\/p>\n<p>A Stellantis, \u00e9 respons\u00e1vel por marcas como Fiat, Citro\u00ebn, Jeep, Peugeot e Ram. O\u00a0<a href=\"https:\/\/www.mg.gov.br\/\" target=\"_blank\" rel=\"noopener\">Governo de Minas<\/a>, por meio da Secretaria de Estado de Desenvolvimento Econ\u00f4mico (Sede), mant\u00e9m uma parceria com a Stellantis e, no primeiro semestre do ano passado, Zema esteve no an\u00fancio do aporte de R$ 14 bilh\u00f5es da empresa na f\u00e1brica em Betim.<\/p>\n<p>Em dezembro, o grupo Stellantis apresentou os novos modelos Fiat Fastback e Fiat Pulse h\u00edbridos-flex, equipados com a tecnologia Bio-Hybrid. Os ve\u00edculos foram desenvolvidos pelo Centro de Engenharia da Stellantis na Am\u00e9rica do Sul e produzidos no Polo Automotivo de Betim.<\/p>\n<p>\u201cTodos os diretores do grupo t\u00eam meu telefone. No in\u00edcio do meu governo, eu disse a eles que qualquer entrave no Governo de Minas, eu faria o poss\u00edvel para resolver. Gerador de emprego merece e tem respeito aqui Minas Gerais\u201d, pontuou o governador.<\/p>\n<p>&#8220;A Stellantis \u00e9 l\u00edder na produ\u00e7\u00e3o e comercializa\u00e7\u00e3o de ve\u00edculos, estamos investindo em novos neg\u00f3cios relacionados \u00e0 mobilidade. Estamos gerando tamb\u00e9m muitos empregos para a popula\u00e7\u00e3o&#8221;, afirmou o presidente da Stellantis na Am\u00e9rica do Sul, Emanuele Cappellano.<\/p>\n<p>Fonte: Ag\u00eancia Minas<\/p>\n<\/div>\n<p><\/main><\/p>\n","protected":false},"excerpt":{"rendered":"<p>Minas Gerais &#8211; reafirmando seu posicionamento como estado que hoje \u00e9 amigo de quem quer empreender e investir &#8211; \u00e9 mais uma vez o destino escolhido para produ\u00e7\u00e3o de tecnologia de ponta. O Polo Automotivo da Stellantis em Betim, na Regi\u00e3o Metropolitana de Belo Horizonte (RMBH), inaugurou, nesta ter\u00e7a-feira (11\/3), o TechMobility \u2013 Centro Stellantis [&hellip;]<\/p>\n","protected":false},"author":246,"featured_media":227173,"comment_status":"closed","ping_status":"closed","sticky":false,"template":"","format":"standard","meta":{"footnotes":""},"categories":[436,440,261,254,439],"tags":[],"class_list":["post-227172","post","type-post","status-publish","format-standard","has-post-thumbnail","hentry","category-destaque-da-semana","category-destaques-do-dia","category-economia","category-politica","category-ultima-hora"],"_links":{"self":[{"href":"https:\/\/diarioregionaldigital.com.br\/index.php?rest_route=\/wp\/v2\/posts\/227172","targetHints":{"allow":["GET"]}}],"collection":[{"href":"https:\/\/diarioregionaldigital.com.br\/index.php?rest_route=\/wp\/v2\/posts"}],"about":[{"href":"https:\/\/diarioregionaldigital.com.br\/index.php?rest_route=\/wp\/v2\/types\/post"}],"author":[{"embeddable":true,"href":"https:\/\/diarioregionaldigital.com.br\/index.php?rest_route=\/wp\/v2\/users\/246"}],"replies":[{"embeddable":true,"href":"https:\/\/diarioregionaldigital.com.br\/index.php?rest_route=%2Fwp%2Fv2%2Fcomments&post=227172"}],"version-history":[{"count":1,"href":"https:\/\/diarioregionaldigital.com.br\/index.php?rest_route=\/wp\/v2\/posts\/227172\/revisions"}],"predecessor-version":[{"id":227174,"href":"https:\/\/diarioregionaldigital.com.br\/index.php?rest_route=\/wp\/v2\/posts\/227172\/revisions\/227174"}],"wp:featuredmedia":[{"embeddable":true,"href":"https:\/\/diarioregionaldigital.com.br\/index.php?rest_route=\/wp\/v2\/media\/227173"}],"wp:attachment":[{"href":"https:\/\/diarioregionaldigital.com.br\/index.php?rest_route=%2Fwp%2Fv2%2Fmedia&parent=227172"}],"wp:term":[{"taxonomy":"category","embeddable":true,"href":"https:\/\/diarioregionaldigital.com.br\/index.php?rest_route=%2Fwp%2Fv2%2Fcategories&post=227172"},{"taxonomy":"post_tag","embeddable":true,"href":"https:\/\/diarioregionaldigital.com.br\/index.php?rest_route=%2Fwp%2Fv2%2Ftags&post=227172"}],"curies":[{"name":"wp","href":"https:\/\/api.w.org\/{rel}","templated":true}]}}