{"id":227161,"date":"2025-03-10T22:12:29","date_gmt":"2025-03-11T01:12:29","guid":{"rendered":"https:\/\/diarioregionaldigital.com.br\/?p=227161"},"modified":"2025-03-10T22:13:58","modified_gmt":"2025-03-11T01:13:58","slug":"prefeitura-de-juiz-de-fora-oferta-vagas-em-projetos-esportivos-gratuitos-realizados-no-ginasio-municipal","status":"publish","type":"post","link":"https:\/\/diarioregionaldigital.com.br\/?p=227161","title":{"rendered":"Prefeitura de Juiz de Fora oferta vagas em projetos esportivos gratuitos realizados no Gin\u00e1sio Municipal"},"content":{"rendered":"<p>Segundo informa\u00e7\u00f5es do site da Prefeitura de Juiz de Fora (PJF),\u00a0 a Secretaria de Esporte e Lazer (SEL) da Prefeitura de Juiz de Fora abriu vagas\u00a0 para as modalidades de corrida de rua, por meio do projeto Corrida para Todos, e para aulas de futsal, parte do &#8220;JF Esporte Cidadania&#8221;.\u00a0\u00a0As aulas ser\u00e3o realizadas no Gin\u00e1sio Municipal Jornalista Ant\u00f4nio Marques.<\/p>\n<div id=\"box_texto_noticia\">\n<p>\u201cEssa \u00e9 mais uma voca\u00e7\u00e3o desse espetacular equipamento esportivo que Juiz de Fora passou a ter com a prefeita Margarida Salom\u00e3o. Al\u00e9m de esporte de alto rendimento, tamb\u00e9m conseguimos dar a esse palco a oportunidade para projetos de inicia\u00e7\u00e3o esportiva. \u00c9 mais uma grande iniciativa da Prefeitura de Juiz de Fora\u201d, destacou o Secret\u00e1rio de Esportes e Lazer, Marcelo Matta.<\/p>\n<p>S\u00e3o 200 vagas para o projeto de futsal, divididas em oito turmas, e 60 vagas para o projeto Corrida para Todos, sendo 30 vagas destinadas a menores de 18 anos e as demais para adultos.<\/p>\n<p>Para se inscrever, \u00e9 necess\u00e1rio apresentar um atestado m\u00e9dico que autorize a pr\u00e1tica esportiva e comparecer ao Gin\u00e1sio Municipal com o atestado e um documento com foto. Menores de 18 anos devem estar acompanhados dos pais e\/ou respons\u00e1veis. As inscri\u00e7\u00f5es devem ser feitas diretamente no Gin\u00e1sio Municipal Jornalista Ant\u00f4nio Marcos, localizado na Rua Dirceu Fernandes Barbosa, no bairro Aeroporto.<\/p>\n<p>O projeto de futsal acontece de segunda a quinta-feira, das 7h30 \u00e0s 11h30, e \u00e9 destinado a crian\u00e7as e adolescentes de 7 a 17 anos. J\u00e1 o Corrida para Todos ocorre \u00e0s segundas, quartas e quintas-feiras, das 17h \u00e0s 20h, com turmas divididas entre crian\u00e7as e adolescentes de 10 a 17 anos e um grupo exclusivo para adultos.<\/p>\n<p>O \u201cCorrida para Todos\u201d teve in\u00edcio em 2024 e tem como objetivo ampliar o acesso \u00e0s pr\u00e1ticas de corrida de rua, acompanhando uma tend\u00eancia nacional. \u201cA SEL est\u00e1 promovendo cada vez mais a inicia\u00e7\u00e3o e a pr\u00e1tica esportiva para crian\u00e7as, adolescentes e adultos. Sabemos da import\u00e2ncia das atividades f\u00edsicas n\u00e3o apenas para a sa\u00fade, mas tamb\u00e9m para a socializa\u00e7\u00e3o e para a melhoria da qualidade de vida dos participantes\u201d, destaca o supervisor de Forma\u00e7\u00e3o Esportiva da SEL, L\u00e9o Lima.<\/p>\n<p>Outras informa\u00e7\u00f5es:<\/p>\n<p>\u260e\ufe0f Telefone: (32) 3690-7822 \u2013 Secretaria de Esporte e Lazer<\/p>\n<div><\/div>\n<\/div>\n<p>&nbsp;<\/p>\n","protected":false},"excerpt":{"rendered":"<p>Segundo informa\u00e7\u00f5es do site da Prefeitura de Juiz de Fora (PJF),\u00a0 a Secretaria de Esporte e Lazer (SEL) da Prefeitura de Juiz de Fora abriu vagas\u00a0 para as modalidades de corrida de rua, por meio do projeto Corrida para Todos, e para aulas de futsal, parte do &#8220;JF Esporte Cidadania&#8221;.\u00a0\u00a0As aulas ser\u00e3o realizadas no Gin\u00e1sio [&hellip;]<\/p>\n","protected":false},"author":246,"featured_media":227162,"comment_status":"closed","ping_status":"closed","sticky":false,"template":"","format":"standard","meta":{"footnotes":""},"categories":[253,436,440,257,439],"tags":[],"class_list":["post-227161","post","type-post","status-publish","format-standard","has-post-thumbnail","hentry","category-cidade","category-destaque-da-semana","category-destaques-do-dia","category-esporte","category-ultima-hora"],"_links":{"self":[{"href":"https:\/\/diarioregionaldigital.com.br\/index.php?rest_route=\/wp\/v2\/posts\/227161","targetHints":{"allow":["GET"]}}],"collection":[{"href":"https:\/\/diarioregionaldigital.com.br\/index.php?rest_route=\/wp\/v2\/posts"}],"about":[{"href":"https:\/\/diarioregionaldigital.com.br\/index.php?rest_route=\/wp\/v2\/types\/post"}],"author":[{"embeddable":true,"href":"https:\/\/diarioregionaldigital.com.br\/index.php?rest_route=\/wp\/v2\/users\/246"}],"replies":[{"embeddable":true,"href":"https:\/\/diarioregionaldigital.com.br\/index.php?rest_route=%2Fwp%2Fv2%2Fcomments&post=227161"}],"version-history":[{"count":1,"href":"https:\/\/diarioregionaldigital.com.br\/index.php?rest_route=\/wp\/v2\/posts\/227161\/revisions"}],"predecessor-version":[{"id":227163,"href":"https:\/\/diarioregionaldigital.com.br\/index.php?rest_route=\/wp\/v2\/posts\/227161\/revisions\/227163"}],"wp:featuredmedia":[{"embeddable":true,"href":"https:\/\/diarioregionaldigital.com.br\/index.php?rest_route=\/wp\/v2\/media\/227162"}],"wp:attachment":[{"href":"https:\/\/diarioregionaldigital.com.br\/index.php?rest_route=%2Fwp%2Fv2%2Fmedia&parent=227161"}],"wp:term":[{"taxonomy":"category","embeddable":true,"href":"https:\/\/diarioregionaldigital.com.br\/index.php?rest_route=%2Fwp%2Fv2%2Fcategories&post=227161"},{"taxonomy":"post_tag","embeddable":true,"href":"https:\/\/diarioregionaldigital.com.br\/index.php?rest_route=%2Fwp%2Fv2%2Ftags&post=227161"}],"curies":[{"name":"wp","href":"https:\/\/api.w.org\/{rel}","templated":true}]}}