{"id":227158,"date":"2025-03-10T22:11:33","date_gmt":"2025-03-11T01:11:33","guid":{"rendered":"https:\/\/diarioregionaldigital.com.br\/?p=227158"},"modified":"2025-03-10T22:11:33","modified_gmt":"2025-03-11T01:11:33","slug":"judo-marcelo-fronckowiak-e-bronze-no-grand-prix-da-austria","status":"publish","type":"post","link":"https:\/\/diarioregionaldigital.com.br\/?p=227158","title":{"rendered":"Jud\u00f4: Marcelo Fronckowiak \u00e9 bronze no Grand Prix da \u00c1ustria"},"content":{"rendered":"<p>O brasileiro Marcelo Fronckowiak conquistou, no \u00faltimo domingo (9), uma medalha de bronze no peso m\u00e9dio (90kg) do Grand Prix da \u00c1ustria de jud\u00f4 ap\u00f3s derrotar o austr\u00edaco Thomas Scharfetter por ippon.<img decoding=\"async\" src=\"https:\/\/agenciabrasil.ebc.com.br\/ebc.png?id=1634004&amp;o=node\" \/><img decoding=\"async\" src=\"https:\/\/agenciabrasil.ebc.com.br\/ebc.gif?id=1634004&amp;o=node\" \/><\/p>\n<p>A estreia de Marcelo foi contra o belga Jarne Duyck, a quem derrotou por yuko. Nas oitavas de final o brasileiro superou o israelense Roy Sivan com dois waza-ari, enquanto nas quartas venceu o eslovaco Peter Zilka com um waza-ari.<\/p>\n<p>O \u00fanico rev\u00e9s do lutador do Brasil na competi\u00e7\u00e3o veio nas semifinais, contra o georgiano Giorgi Jabniashvili, que terminou a competi\u00e7\u00e3o como campe\u00e3o da categoria.<\/p>\n<p>A medalha de Marcelo foi a terceira do Brasil no Grand Prix da \u00c1ustria, pois na \u00faltima sexta-feira (7) Ronald Lima conquistou o ouro na categoria meio-leve (66kg) e Michel Augusto ficou com o bronze no ligeiro (60kg).<\/p>\n<p>Fonte: Ag\u00eancia Brasil<\/p>\n","protected":false},"excerpt":{"rendered":"<p>O brasileiro Marcelo Fronckowiak conquistou, no \u00faltimo domingo (9), uma medalha de bronze no peso m\u00e9dio (90kg) do Grand Prix da \u00c1ustria de jud\u00f4 ap\u00f3s derrotar o austr\u00edaco Thomas Scharfetter por ippon. A estreia de Marcelo foi contra o belga Jarne Duyck, a quem derrotou por yuko. Nas oitavas de final o brasileiro superou o [&hellip;]<\/p>\n","protected":false},"author":246,"featured_media":227159,"comment_status":"closed","ping_status":"closed","sticky":false,"template":"","format":"standard","meta":{"footnotes":""},"categories":[436,440,257,439],"tags":[],"class_list":["post-227158","post","type-post","status-publish","format-standard","has-post-thumbnail","hentry","category-destaque-da-semana","category-destaques-do-dia","category-esporte","category-ultima-hora"],"_links":{"self":[{"href":"https:\/\/diarioregionaldigital.com.br\/index.php?rest_route=\/wp\/v2\/posts\/227158","targetHints":{"allow":["GET"]}}],"collection":[{"href":"https:\/\/diarioregionaldigital.com.br\/index.php?rest_route=\/wp\/v2\/posts"}],"about":[{"href":"https:\/\/diarioregionaldigital.com.br\/index.php?rest_route=\/wp\/v2\/types\/post"}],"author":[{"embeddable":true,"href":"https:\/\/diarioregionaldigital.com.br\/index.php?rest_route=\/wp\/v2\/users\/246"}],"replies":[{"embeddable":true,"href":"https:\/\/diarioregionaldigital.com.br\/index.php?rest_route=%2Fwp%2Fv2%2Fcomments&post=227158"}],"version-history":[{"count":1,"href":"https:\/\/diarioregionaldigital.com.br\/index.php?rest_route=\/wp\/v2\/posts\/227158\/revisions"}],"predecessor-version":[{"id":227160,"href":"https:\/\/diarioregionaldigital.com.br\/index.php?rest_route=\/wp\/v2\/posts\/227158\/revisions\/227160"}],"wp:featuredmedia":[{"embeddable":true,"href":"https:\/\/diarioregionaldigital.com.br\/index.php?rest_route=\/wp\/v2\/media\/227159"}],"wp:attachment":[{"href":"https:\/\/diarioregionaldigital.com.br\/index.php?rest_route=%2Fwp%2Fv2%2Fmedia&parent=227158"}],"wp:term":[{"taxonomy":"category","embeddable":true,"href":"https:\/\/diarioregionaldigital.com.br\/index.php?rest_route=%2Fwp%2Fv2%2Fcategories&post=227158"},{"taxonomy":"post_tag","embeddable":true,"href":"https:\/\/diarioregionaldigital.com.br\/index.php?rest_route=%2Fwp%2Fv2%2Ftags&post=227158"}],"curies":[{"name":"wp","href":"https:\/\/api.w.org\/{rel}","templated":true}]}}