{"id":227155,"date":"2025-03-10T22:09:58","date_gmt":"2025-03-11T01:09:58","guid":{"rendered":"https:\/\/diarioregionaldigital.com.br\/?p=227155"},"modified":"2025-03-10T22:09:58","modified_gmt":"2025-03-11T01:09:58","slug":"governo-de-minas-acompanha-inicio-das-operacoes-da-concessao-da-rota-dos-cristais-na-br-040","status":"publish","type":"post","link":"https:\/\/diarioregionaldigital.com.br\/?p=227155","title":{"rendered":"Governo de Minas acompanha in\u00edcio das opera\u00e7\u00f5es da concess\u00e3o da Rota dos Cristais, na BR-040"},"content":{"rendered":"<p>Confirmando o compromisso de estar presente em an\u00fancios de melhoria das estradas, o governador Romeu Zema, acompanhou, nesta segunda-feira (10\/3), em Contagem, na Regi\u00e3o Metropolitana de Belo Horizonte (RMBH), o in\u00edcio das opera\u00e7\u00f5es da Via Cristais, concession\u00e1ria respons\u00e1vel pela gest\u00e3o da BR-040, no trecho de quase 600 quil\u00f4metros entre Belo Horizonte e Cristalina (GO).<\/p>\n<p>\u201c\u00c9 uma satisfa\u00e7\u00e3o presenciar este momento em que o trecho da BR-040 que liga o Vetor Norte at\u00e9 o estado de Goi\u00e1s passar\u00e1 a ter uma gest\u00e3o que vai trazer melhorias, vai passar a ter uma recupera\u00e7\u00e3o asf\u00e1ltica, salvando vidas e trazendo mais conforto e agilidade para os mineiros\u201d, pontuou o governador de Minas Gerais.<\/p>\n<p>A Via Cristais tamb\u00e9m apresentou um plano de cem dias, que tra\u00e7a melhorias de infraestrutura e de servi\u00e7os aos usu\u00e1rios no in\u00edcio da administra\u00e7\u00e3o. Esse planejamento da concession\u00e1ria inclui a implementa\u00e7\u00e3o de sinaliza\u00e7\u00e3o horizontal, sinaliza\u00e7\u00e3o vertical, troca de 257 pain\u00e9is, aplica\u00e7\u00e3o de 26 mil novas tachas ao longo da rodovia e servi\u00e7o de tapa-buracos, com a recupera\u00e7\u00e3o de mais de mil pontos.<\/p>\n<p>Al\u00e9m disso, o governador destacou a import\u00e2ncia das concess\u00f5es para as estradas e deu um panorama das rodovias de \u00e2mbito estadual. \u201cSou totalmente favor\u00e1vel \u00e0s concess\u00f5es, que permitem dar condi\u00e7\u00f5es de atender de maneira adequada os usu\u00e1rios das rodovias\u201d, disse.<\/p>\n<table border=\"0\" cellspacing=\"1\" cellpadding=\"1\" align=\"center\">\n<tbody>\n<tr>\n<td colspan=\"5\"><img decoding=\"async\" src=\"https:\/\/www.agenciaminas.mg.gov.br\/ckeditor_assets\/pictures\/20949\/content_2_olho_topo.jpg\" alt=\"\" \/><\/td>\n<\/tr>\n<tr>\n<td><\/td>\n<td colspan=\"3\" rowspan=\"3\">\n<h1><strong>&#8220;A BR-040 passa exatamente onde a produ\u00e7\u00e3o agr\u00edcola do estado mais cresce, que \u00e9 no Noroeste de Minas Gerais. E n\u00f3s sabemos que \u00e9 nas rodovias que a produ\u00e7\u00e3o \u00e9 escoada, atraindo mais renda para os produtores&#8221;, salientou Romeu Zema.<\/strong><\/h1>\n<\/td>\n<td><\/td>\n<\/tr>\n<tr>\n<td><\/td>\n<td><\/td>\n<\/tr>\n<tr>\n<td><\/td>\n<td><\/td>\n<\/tr>\n<tr>\n<td colspan=\"5\"><img decoding=\"async\" src=\"https:\/\/www.agenciaminas.mg.gov.br\/ckeditor_assets\/pictures\/20950\/content_2_olho_inferior.jpg\" alt=\"\" \/><\/td>\n<\/tr>\n<\/tbody>\n<\/table>\n<p>\u201cLembro tamb\u00e9m que as nossas rodovias est\u00e3o sendo bem cuidadas. J\u00e1 s\u00e3o 38 obras em andamento e mais de 50 que v\u00e3o ser licitadas esse ano ainda. Estamos sempre em busca de deixar a vida dos mineiros mais confort\u00e1vel\u201d, completou o governador.<\/p>\n<p>Na proposta, tamb\u00e9m se destaca a implementa\u00e7\u00e3o do Centro de Controle para a assist\u00eancia integral aos usu\u00e1rios, a instala\u00e7\u00e3o de bases de apoio, servi\u00e7os de socorro m\u00e9dico, utiliza\u00e7\u00e3o de viaturas de inspe\u00e7\u00e3o, ambul\u00e2ncias, guinchos pesados e leves, entre outros.<\/p>\n<p>A concess\u00e3o contar\u00e1 ainda com um sistema de monitoramento com 228 c\u00e2meras de seguran\u00e7a e 28 pain\u00e9is de mensagens, assim como tecnologia de detec\u00e7\u00e3o autom\u00e1tica de incidentes, para mais seguran\u00e7a e efici\u00eancia na gest\u00e3o do tr\u00e1fego.<\/p>\n<p><strong>Obras<\/strong><\/p>\n<p>Al\u00e9m das melhorias imediatas, a concession\u00e1ria est\u00e1 desenvolvendo um plano de investimentos para o futuro da rodovia, com foco em moderniza\u00e7\u00e3o e expans\u00e3o. O projeto contempla a duplica\u00e7\u00e3o de 10 quil\u00f4metros da estrada, 168 quil\u00f4metros de faixas adicionais em vias duplas, 174 quil\u00f4metros de faixas adicionais em vias simples e 61 quil\u00f4metros de estradas marginais.<\/p>\n<p>Essas melhorias dever\u00e3o gerar mais de 91 mil empregos diretos e indiretos, contribuindo diretamente para o desenvolvimento econ\u00f4mico da regi\u00e3o.<\/p>\n<p><strong>Investimentos<\/strong><\/p>\n<p>Ao todo, a concess\u00e3o da BR-040 prev\u00ea investimentos totais de R$ 12 bilh\u00f5es, sendo R$ 6,4 bilh\u00f5es destinados \u00e0 infraestrutura e R$ 5,6 bilh\u00f5es a custos operacionais pelos pr\u00f3ximos 30 anos.<\/p>\n<p>Com previs\u00e3o de beneficiar diretamente mais de 4,2 milh\u00f5es de pessoas, a concess\u00e3o busca melhorar a seguran\u00e7a, reduzi os cursos para os motoristas e contribuir para a interliga\u00e7\u00e3o entre a regi\u00e3o Centro-Oeste do Brasil e Minas Gerais, estimulando a economia e a mobilidade no pa\u00eds.<\/p>\n<p>Fonte: Ag\u00eancia Minas<\/p>\n","protected":false},"excerpt":{"rendered":"<p>Confirmando o compromisso de estar presente em an\u00fancios de melhoria das estradas, o governador Romeu Zema, acompanhou, nesta segunda-feira (10\/3), em Contagem, na Regi\u00e3o Metropolitana de Belo Horizonte (RMBH), o in\u00edcio das opera\u00e7\u00f5es da Via Cristais, concession\u00e1ria respons\u00e1vel pela gest\u00e3o da BR-040, no trecho de quase 600 quil\u00f4metros entre Belo Horizonte e Cristalina (GO). \u201c\u00c9 [&hellip;]<\/p>\n","protected":false},"author":246,"featured_media":227156,"comment_status":"closed","ping_status":"closed","sticky":false,"template":"","format":"standard","meta":{"footnotes":""},"categories":[436,440,261,254,439],"tags":[],"class_list":["post-227155","post","type-post","status-publish","format-standard","has-post-thumbnail","hentry","category-destaque-da-semana","category-destaques-do-dia","category-economia","category-politica","category-ultima-hora"],"_links":{"self":[{"href":"https:\/\/diarioregionaldigital.com.br\/index.php?rest_route=\/wp\/v2\/posts\/227155","targetHints":{"allow":["GET"]}}],"collection":[{"href":"https:\/\/diarioregionaldigital.com.br\/index.php?rest_route=\/wp\/v2\/posts"}],"about":[{"href":"https:\/\/diarioregionaldigital.com.br\/index.php?rest_route=\/wp\/v2\/types\/post"}],"author":[{"embeddable":true,"href":"https:\/\/diarioregionaldigital.com.br\/index.php?rest_route=\/wp\/v2\/users\/246"}],"replies":[{"embeddable":true,"href":"https:\/\/diarioregionaldigital.com.br\/index.php?rest_route=%2Fwp%2Fv2%2Fcomments&post=227155"}],"version-history":[{"count":1,"href":"https:\/\/diarioregionaldigital.com.br\/index.php?rest_route=\/wp\/v2\/posts\/227155\/revisions"}],"predecessor-version":[{"id":227157,"href":"https:\/\/diarioregionaldigital.com.br\/index.php?rest_route=\/wp\/v2\/posts\/227155\/revisions\/227157"}],"wp:featuredmedia":[{"embeddable":true,"href":"https:\/\/diarioregionaldigital.com.br\/index.php?rest_route=\/wp\/v2\/media\/227156"}],"wp:attachment":[{"href":"https:\/\/diarioregionaldigital.com.br\/index.php?rest_route=%2Fwp%2Fv2%2Fmedia&parent=227155"}],"wp:term":[{"taxonomy":"category","embeddable":true,"href":"https:\/\/diarioregionaldigital.com.br\/index.php?rest_route=%2Fwp%2Fv2%2Fcategories&post=227155"},{"taxonomy":"post_tag","embeddable":true,"href":"https:\/\/diarioregionaldigital.com.br\/index.php?rest_route=%2Fwp%2Fv2%2Ftags&post=227155"}],"curies":[{"name":"wp","href":"https:\/\/api.w.org\/{rel}","templated":true}]}}