{"id":227145,"date":"2025-03-07T21:14:47","date_gmt":"2025-03-08T00:14:47","guid":{"rendered":"https:\/\/diarioregionaldigital.com.br\/?p=227145"},"modified":"2025-03-07T21:14:47","modified_gmt":"2025-03-08T00:14:47","slug":"copa-prefeitura-de-futsal-2025-confira-o-prazo-para-entrega-das-fichas-de-inscricao","status":"publish","type":"post","link":"https:\/\/diarioregionaldigital.com.br\/?p=227145","title":{"rendered":"Copa Prefeitura de Futsal 2025: confira o prazo para entrega das fichas de inscri\u00e7\u00e3o"},"content":{"rendered":"<p>Segundo informa\u00e7\u00f5es do site da Prefeitura de Juiz de Fora (PJF), a Secretaria de Esporte e Lazer (SEL) da Prefeitura de Juiz de Fora (PJF) apresenta o prazo limiite para preenchimento das fichas de inscri\u00e7\u00e3o das equipes de todas as categorias da Copa Prefeitura de Futsal: dias 17 e 18 de mar\u00e7o, das 8h \u00e0s 11h30 ou, no per\u00edodo da tarde, das 14h \u00e0s 17h. As fichas devem ser entregues na sede da SEL, presencialmente, na Avenida Rui Barbosa, n\u00famero 530, no bairro Santa Terezinha.<\/p>\n<p>Conforme previsto no regulamento, para a confirma\u00e7\u00e3o da inscri\u00e7\u00e3o, cada equipe dever\u00e1 doar dois cobertores diretamente \u00e0 SEL.\u00a0\u00a0As fichas de inscri\u00e7\u00e3o precisam ser devolvidas para que a participa\u00e7\u00e3o das equipes seja confirmada. Al\u00e9m disso, por meio dessa confirma\u00e7\u00e3o, ser\u00e1 poss\u00edvel identificar se h\u00e1 vagas n\u00e3o preenchidas para a complementa\u00e7\u00e3o das vagas remanescentes em cada categoria. Caso o n\u00famero de vagas n\u00e3o seja preenchido, as equipes excedentes j\u00e1 cadastradas na SEL ser\u00e3o contatadas.<\/p>\n<p><strong>Outras informa\u00e7\u00f5es:<\/strong><\/p>\n<p> (32) 3690-7845 \u2013 Secretaria de Esporte e Lazer<\/p>\n<p> E-mail: gespostelazer@pjf.mg.gov.br<\/p>\n<div><\/div>\n","protected":false},"excerpt":{"rendered":"<p>Segundo informa\u00e7\u00f5es do site da Prefeitura de Juiz de Fora (PJF), a Secretaria de Esporte e Lazer (SEL) da Prefeitura de Juiz de Fora (PJF) apresenta o prazo limiite para preenchimento das fichas de inscri\u00e7\u00e3o das equipes de todas as categorias da Copa Prefeitura de Futsal: dias 17 e 18 de mar\u00e7o, das 8h \u00e0s [&hellip;]<\/p>\n","protected":false},"author":246,"featured_media":227146,"comment_status":"closed","ping_status":"closed","sticky":false,"template":"","format":"standard","meta":{"footnotes":""},"categories":[253,436,257,439],"tags":[],"class_list":["post-227145","post","type-post","status-publish","format-standard","has-post-thumbnail","hentry","category-cidade","category-destaque-da-semana","category-esporte","category-ultima-hora"],"_links":{"self":[{"href":"https:\/\/diarioregionaldigital.com.br\/index.php?rest_route=\/wp\/v2\/posts\/227145","targetHints":{"allow":["GET"]}}],"collection":[{"href":"https:\/\/diarioregionaldigital.com.br\/index.php?rest_route=\/wp\/v2\/posts"}],"about":[{"href":"https:\/\/diarioregionaldigital.com.br\/index.php?rest_route=\/wp\/v2\/types\/post"}],"author":[{"embeddable":true,"href":"https:\/\/diarioregionaldigital.com.br\/index.php?rest_route=\/wp\/v2\/users\/246"}],"replies":[{"embeddable":true,"href":"https:\/\/diarioregionaldigital.com.br\/index.php?rest_route=%2Fwp%2Fv2%2Fcomments&post=227145"}],"version-history":[{"count":1,"href":"https:\/\/diarioregionaldigital.com.br\/index.php?rest_route=\/wp\/v2\/posts\/227145\/revisions"}],"predecessor-version":[{"id":227147,"href":"https:\/\/diarioregionaldigital.com.br\/index.php?rest_route=\/wp\/v2\/posts\/227145\/revisions\/227147"}],"wp:featuredmedia":[{"embeddable":true,"href":"https:\/\/diarioregionaldigital.com.br\/index.php?rest_route=\/wp\/v2\/media\/227146"}],"wp:attachment":[{"href":"https:\/\/diarioregionaldigital.com.br\/index.php?rest_route=%2Fwp%2Fv2%2Fmedia&parent=227145"}],"wp:term":[{"taxonomy":"category","embeddable":true,"href":"https:\/\/diarioregionaldigital.com.br\/index.php?rest_route=%2Fwp%2Fv2%2Fcategories&post=227145"},{"taxonomy":"post_tag","embeddable":true,"href":"https:\/\/diarioregionaldigital.com.br\/index.php?rest_route=%2Fwp%2Fv2%2Ftags&post=227145"}],"curies":[{"name":"wp","href":"https:\/\/api.w.org\/{rel}","templated":true}]}}