{"id":227142,"date":"2025-03-07T21:10:47","date_gmt":"2025-03-08T00:10:47","guid":{"rendered":"https:\/\/diarioregionaldigital.com.br\/?p=227142"},"modified":"2025-03-07T21:10:47","modified_gmt":"2025-03-08T00:10:47","slug":"lula-cobra-punicao-apos-racismo-contra-jogador-do-palmeiras","status":"publish","type":"post","link":"https:\/\/diarioregionaldigital.com.br\/?p=227142","title":{"rendered":"Lula cobra puni\u00e7\u00e3o ap\u00f3s racismo contra jogador do Palmeiras"},"content":{"rendered":"<p><strong>O presidente Luiz\u00a0In\u00e1cio Lula da Silva cobrou provid\u00eancias das\u00a0entidades de futebol e puni\u00e7\u00e3o aos respons\u00e1veis<\/strong>\u00a0pelo\u00a0<a href=\"https:\/\/agenciabrasil.ebc.com.br\/direitos-humanos\/noticia\/2025-03\/jogador-do-palmeiras-e-vitima-de-racismo-em-competicao-da-conmebol\" target=\"_blank\" rel=\"noopener\">epis\u00f3dio de racismo sofrido pelo\u00a0jogador Luighi, do Palmeiras,<\/a>\u00a0durante uma partida da Libertadores Sub-20, em Assun\u00e7\u00e3o.\u00a0<img decoding=\"async\" src=\"https:\/\/agenciabrasil.ebc.com.br\/ebc.png?id=1633637&amp;o=node\" \/><img decoding=\"async\" src=\"https:\/\/agenciabrasil.ebc.com.br\/ebc.gif?id=1633637&amp;o=node\" \/><\/p>\n<blockquote><p>&#8220;Todo apoio ao nosso jovem Luighi, do Palmeiras, v\u00edtima de ato racista no Paraguai. O futebol significa trabalho coletivo, supera\u00e7\u00e3o e respeito. Racismo significa o fracasso da humanidade. Basta de \u00f3dio disfar\u00e7ado de rivalidade. O mundo n\u00e3o pode mais tolerar esse tipo de viol\u00eancia que fere a dignidade e a esperan\u00e7a da nossa juventude. A FIFA, a Conmebol e a CBF precisam agir e que os culpados sejam exemplarmente responsabilizados&#8221;, disse o presidente, em postagem na rede social X.<\/p><\/blockquote>\n<p>Lula j\u00e1 se manifestou em casos anteriores, como a persegui\u00e7\u00e3o de torcedores espanh\u00f3is ao jogador Vinicius J\u00fanior, do Real Madrid.<\/p>\n<p><strong>O presidente refor\u00e7ou<\/strong>\u00a0<strong>a posi\u00e7\u00e3o\u00a0do governo de combate ao racismo e outras formas de preconceito<\/strong>.<\/p>\n<h2>Entenda o caso<\/h2>\n<p>O jogador Luighi, da Sociedade Esportiva Palmeiras,\u00a0foi alvo de\u00a0xingamentos e gestos racistas de torcedores do\u00a0Cerro Porte\u00f1o no momento em que\u00a0comemorava um gol na\u00a0partida entre os times pela Ta\u00e7a Conmebol Libertadores sub-20, na capital paraguaia.<\/p>\n<p>O time paulista venceu por 3 a 0 a equipe paraguaia.<\/p>\n<p>Em entrevista \u00e0 imprensa ap\u00f3s o jogo, o\u00a0<strong>atacante se emocionou e questionou &#8220;at\u00e9 quando&#8221; a\u00e7\u00f5es como essa passar\u00e3o impunes.\u00a0<\/strong>Ele dirigiu a pergunta aos rep\u00f3rteres que n\u00e3o citaram o epis\u00f3dio durante entrevista ap\u00f3s a partida. O jogador cobrou ainda um\u00a0posicionamento da Conmebol, organizadora da competi\u00e7\u00e3o.<\/p>\n<p>&#8220;A Conmebol vai fazer o que sobre isso? O que fizeram comigo foi um crime\u201d, desabafou o atleta.<\/p>\n<blockquote><p>&#8220;D\u00f3i na alma. E \u00e9 a mesma dor que todos os pretos sentiram ao longo da hist\u00f3ria, porque as coisas evoluem, mas nunca s\u00e3o 100% resolvidas. O epis\u00f3dio de hoje deixa cicatrizes e precisa ser encarado como \u00e9 de fato: crime. At\u00e9 quando? \u00e9 a pergunta que espero n\u00e3o ser necess\u00e1ria ser feita em algum momento. Por enquanto seguimos lutando&#8221;, disse Luighi, nas redes sociais.<\/p><\/blockquote>\n<h2>Exclus\u00e3o do Cerro Porte\u00f1o<\/h2>\n<p>Ainda na quinta-feira (6), a\u00a0<strong>Conmebol e a Confedera\u00e7\u00e3o Brasileira de Futebol (CBF) se manifestaram contra\u00a0os atos\u00a0racistas<\/strong>\u00a0e afirmaram\u00a0rejeitar\u00a0&#8220;categoricamente todo ato de racismo ou discrimina\u00e7\u00e3o de qualquer tipo&#8221; e que\u00a0<strong>&#8220;medidas disciplinares apropriadas ser\u00e3o implementadas, e outras a\u00e7\u00f5es est\u00e3o sendo avaliadas em consulta com especialistas da \u00e1rea&#8221;<\/strong>.<\/p>\n<p><strong>A CBF disse que &#8220;enviou nesta sexta-feira (7) den\u00fancia \u00e0 Conmebol pedindo a puni\u00e7\u00e3o dos torcedores e a exclus\u00e3o do Cerro Porte\u00f1o, do Paraguai, da Libertadores Sub-20<\/strong>&#8220;.<\/p>\n<p>Fonte: Ag\u00eancia Brasil<\/p>\n","protected":false},"excerpt":{"rendered":"<p>O presidente Luiz\u00a0In\u00e1cio Lula da Silva cobrou provid\u00eancias das\u00a0entidades de futebol e puni\u00e7\u00e3o aos respons\u00e1veis\u00a0pelo\u00a0epis\u00f3dio de racismo sofrido pelo\u00a0jogador Luighi, do Palmeiras,\u00a0durante uma partida da Libertadores Sub-20, em Assun\u00e7\u00e3o.\u00a0 &#8220;Todo apoio ao nosso jovem Luighi, do Palmeiras, v\u00edtima de ato racista no Paraguai. O futebol significa trabalho coletivo, supera\u00e7\u00e3o e respeito. Racismo significa o fracasso [&hellip;]<\/p>\n","protected":false},"author":246,"featured_media":227143,"comment_status":"closed","ping_status":"closed","sticky":false,"template":"","format":"standard","meta":{"footnotes":""},"categories":[436,440,257,439],"tags":[],"class_list":["post-227142","post","type-post","status-publish","format-standard","has-post-thumbnail","hentry","category-destaque-da-semana","category-destaques-do-dia","category-esporte","category-ultima-hora"],"_links":{"self":[{"href":"https:\/\/diarioregionaldigital.com.br\/index.php?rest_route=\/wp\/v2\/posts\/227142","targetHints":{"allow":["GET"]}}],"collection":[{"href":"https:\/\/diarioregionaldigital.com.br\/index.php?rest_route=\/wp\/v2\/posts"}],"about":[{"href":"https:\/\/diarioregionaldigital.com.br\/index.php?rest_route=\/wp\/v2\/types\/post"}],"author":[{"embeddable":true,"href":"https:\/\/diarioregionaldigital.com.br\/index.php?rest_route=\/wp\/v2\/users\/246"}],"replies":[{"embeddable":true,"href":"https:\/\/diarioregionaldigital.com.br\/index.php?rest_route=%2Fwp%2Fv2%2Fcomments&post=227142"}],"version-history":[{"count":1,"href":"https:\/\/diarioregionaldigital.com.br\/index.php?rest_route=\/wp\/v2\/posts\/227142\/revisions"}],"predecessor-version":[{"id":227144,"href":"https:\/\/diarioregionaldigital.com.br\/index.php?rest_route=\/wp\/v2\/posts\/227142\/revisions\/227144"}],"wp:featuredmedia":[{"embeddable":true,"href":"https:\/\/diarioregionaldigital.com.br\/index.php?rest_route=\/wp\/v2\/media\/227143"}],"wp:attachment":[{"href":"https:\/\/diarioregionaldigital.com.br\/index.php?rest_route=%2Fwp%2Fv2%2Fmedia&parent=227142"}],"wp:term":[{"taxonomy":"category","embeddable":true,"href":"https:\/\/diarioregionaldigital.com.br\/index.php?rest_route=%2Fwp%2Fv2%2Fcategories&post=227142"},{"taxonomy":"post_tag","embeddable":true,"href":"https:\/\/diarioregionaldigital.com.br\/index.php?rest_route=%2Fwp%2Fv2%2Ftags&post=227142"}],"curies":[{"name":"wp","href":"https:\/\/api.w.org\/{rel}","templated":true}]}}